{"id":499,"date":"2007-11-05T21:56:12","date_gmt":"2007-11-05T20:56:12","guid":{"rendered":"http:\/\/www.caths.cz\/wordpress\/?p=499"},"modified":"2007-11-05T21:56:12","modified_gmt":"2007-11-05T20:56:12","slug":"pozvanka-na-veletrh-sport-life-2007","status":"publish","type":"post","link":"https:\/\/www.caths.cz\/wordpress\/pozvanka-na-veletrh-sport-life-2007\/","title":{"rendered":"Pozv\u00e1nka na veletrh Sport Life 2007"},"content":{"rendered":"<p align=\"justify\">Zveme v\u0161echny p\u0159\u00edznivce sportu na nejv\u011bt\u0161\u00ed Mezin\u00e1rodn\u00ed sportovn\u00ed veletrh ve st\u0159edn\u00ed Evrop\u011b, Sport Life 2007, kter\u00fd se kon\u00e1 v Brn\u011b ve dnech 8. &#8211; 11. listopadu. <\/p>\n<p align=\"justify\"> A p\u0159edev\u0161\u00edm V\u00e1s zveme na n\u00e1v\u0161t\u011bvu expozic gener\u00e1ln\u00edho sponzora Reprezenta\u010dn\u00edho t\u00fdmu \u010cR t\u011blesn\u011b handicapovan\u00fdch cyklist\u016f a partnera \u010cATHS, spole\u010dnosti <strong>NUTREND<\/strong>, kter\u00e9 najdete ve dvou pavilonech.<br \/> Prezentaci fitness v pavilonu D, st\u00e1nek \u010d. 016 a cyklistick\u00fd st\u00e1nek v pavilonu A2, \u010d. 011.<br \/> <img loading=\"lazy\" decoding=\"async\" src=\"\/wordpress\/image\/k_clankum\/sportlife.jpg\" width=\"480\" height=\"238\"><\/p>\n<p> Po celou dobu budou na obou st\u00e1nc\u00edch pro V\u00e1s nachystan\u00e9 bohat\u00e9 ochutn\u00e1vky produkt\u016f spole\u010dnosti NUTREND.<br \/> O v\u00edkendu se m\u016f\u017eete sezn\u00e1mit se sportovci Nutrend teamu, Ji\u0159\u00edm Je\u017ekem a Marcelem Pipkem. <\/p>\n<p> <strong>V sobotu 10. 11 2007 &#8211; autogrami\u00e1da Ji\u0159\u00edho Je\u017eka &#8211; 11:00, pavilon A2, st\u00e1nek 011 <\/strong><\/p>\n","protected":false},"excerpt":{"rendered":"<a href=\"https:\/\/www.caths.cz\/wordpress\/pozvanka-na-veletrh-sport-life-2007\/\"><img loading=\"lazy\" decoding=\"async\" width=\"100\" height=\"100\" src=\"https:\/\/www.caths.cz\/wordpress\/wp-content\/plugins\/thumbnail-for-excerpts\/tfe_no_thumb.png\" class=\"alignleft wp-post-image tfe\" alt=\"\" title=\"\" \/><\/a><p>Zveme v\u0161echny p\u0159\u00edznivce sportu na nejv\u011bt\u0161\u00ed Mezin\u00e1rodn\u00ed sportovn\u00ed veletrh ve st\u0159edn\u00ed Evrop\u011b, Sport Life 2007, kter\u00fd se kon\u00e1 v Brn\u011b ve dnech 8. &#8211; 11. listopadu. A p\u0159edev\u0161\u00edm V\u00e1s zveme [&hellip;]<\/p>\n","protected":false},"author":1,"featured_media":0,"comment_status":"closed","ping_status":"closed","sticky":false,"template":"","format":"standard","meta":{"ngg_post_thumbnail":0,"footnotes":""},"categories":[1],"tags":[],"class_list":["post-499","post","type-post","status-publish","format-standard","hentry","category-nezarazene"],"_links":{"self":[{"href":"https:\/\/www.caths.cz\/wordpress\/wp-json\/wp\/v2\/posts\/499","targetHints":{"allow":["GET"]}}],"collection":[{"href":"https:\/\/www.caths.cz\/wordpress\/wp-json\/wp\/v2\/posts"}],"about":[{"href":"https:\/\/www.caths.cz\/wordpress\/wp-json\/wp\/v2\/types\/post"}],"author":[{"embeddable":true,"href":"https:\/\/www.caths.cz\/wordpress\/wp-json\/wp\/v2\/users\/1"}],"replies":[{"embeddable":true,"href":"https:\/\/www.caths.cz\/wordpress\/wp-json\/wp\/v2\/comments?post=499"}],"version-history":[{"count":0,"href":"https:\/\/www.caths.cz\/wordpress\/wp-json\/wp\/v2\/posts\/499\/revisions"}],"wp:attachment":[{"href":"https:\/\/www.caths.cz\/wordpress\/wp-json\/wp\/v2\/media?parent=499"}],"wp:term":[{"taxonomy":"category","embeddable":true,"href":"https:\/\/www.caths.cz\/wordpress\/wp-json\/wp\/v2\/categories?post=499"},{"taxonomy":"post_tag","embeddable":true,"href":"https:\/\/www.caths.cz\/wordpress\/wp-json\/wp\/v2\/tags?post=499"}],"curies":[{"name":"wp","href":"https:\/\/api.w.org\/{rel}","templated":true}]}}