{"id":496,"date":"2007-10-28T19:56:12","date_gmt":"2007-10-28T18:56:12","guid":{"rendered":"http:\/\/www.caths.cz\/wordpress\/?p=496"},"modified":"2007-10-28T19:56:12","modified_gmt":"2007-10-28T18:56:12","slug":"mezinarodni-turnaj-v-curlingu-praha-19-2110-2007-zprava-radka-pokorneho","status":"publish","type":"post","link":"https:\/\/www.caths.cz\/wordpress\/mezinarodni-turnaj-v-curlingu-praha-19-2110-2007-zprava-radka-pokorneho\/","title":{"rendered":"Mezin\u00e1rodn\u00ed turnaj v curlingu, Praha, 19. -21.10. 2007 (zpr\u00e1va Radka Pokorn\u00e9ho)"},"content":{"rendered":"<p align=\"justify\">Turnaje se z\u00fa\u010dastnilo \u0161est zahrani\u010dn\u00edch t\u00fdm\u016f a dva t\u00fdmy \u010desk\u00e9. Hr\u00e1\u010di \u010cATHS, \u010dlenov\u00e9 SK Nov\u00e9 M\u011bsto nad Metuj\u00ed, Radek Pokorn\u00fd a Martin Tluk, byli nasazeni v \u010desk\u00e9m \u201eA\u201c dru\u017estvu. <br \/> Ve skupin\u011b jsme odehr\u00e1li t\u0159i z\u00e1pasy; s t\u00fdmy N\u011bmecka a Kanady jsme vyhr\u00e1li, ov\u0161em z\u00e1pas ze \u0160v\u00fdcarskem jsme i p\u0159es slibn\u00fd za\u010d\u00e1tek nakonec prohr\u00e1li. Celkov\u011b jsme ve skupin\u011b skon\u010dili na druh\u00e9m m\u00edst\u011b a \u010dekal n\u00e1s prvn\u00ed z druh\u00e9 skupiny, t\u00fdm Norska. Semifin\u00e1lov\u00fd z\u00e1pas byl vyrovnan\u00fd a sta\u010dilo uhr\u00e1t v posledn\u00edm \u201eendu\u201c jeden k\u00e1men, kter\u00fd jsme m\u011bli s v\u00fdhodou posledn\u00edho kamene. Bohu\u017eel se posledn\u00ed dva kameny zahr\u00e1t v\u016fbec nepovedlo a z\u00e1pas jsme si prohr\u00e1li tak trochu sami.<br \/> Odpoledn\u00ed z\u00e1pas o 3.m\u00edsto s t\u00fdmem Skotska jsme prohr\u00e1li a skon\u010dili celkov\u011b na \u010dtvrt\u00e9m m\u00edst\u011b. <br \/> Turnaj byl dobrou p\u0159\u00edpravou p\u0159ed nadch\u00e1zej\u00edc\u00ed kvalifikac\u00ed na MS, kde budeme usilovat o postup spolu s dal\u0161\u00edmi dev\u00edti t\u00fdmy. Nebude to v\u016fbec lehk\u00e9, nebo\u0165 si postup na MS zajist\u00ed pouze prvn\u00ed dva t\u00fdmy.<br \/> P\u0159i lo\u0148sk\u00e9 kvalifikaci utekla mlad\u00e9 \u010desk\u00e9 reprezentaci nominace jen o jedno m\u00edsto! <\/p>\n<p> Sestava t\u00fdm\u016f: <br \/> CZE 1 &#8211; Olga Vikturnov\u00e1, Martin Tluk (\u010cATHS\/ SK NMNM), Radek Pokorn\u00fd (\u010cATHS\/ SK NMNM), skip Radek Mus\u00edlek, n\u00e1hr. Petr Gottlieb. V\u00fdb\u011br pro Skotsko.<\/p>\n<p> CZE 2 &#8211; Michaela Charv\u00e1tov\u00e1, Lud\u011bk Proch\u00e1zka (\u010cATHS\/ SK NMNM) On\u0159ej K\u0159\u00ed\u017e, skip \u0160t\u011bp\u00e1n Bene\u0161.<\/p>\n<p> Kone\u010dn\u00e9 po\u0159ad\u00ed:<br \/> 1. Norsko <br \/> 2. \u0160v\u00fdcarsko<br \/> 3. Skotsko<br \/> 4 \u010cesk\u00e9 republika 1<br \/> 5. Kanada<br \/> 6. N\u011bmecko<br \/> 7. D\u00e1nsko<br \/> 8. \u010cesk\u00e1 republika 2<\/p>\n<p> Odlet na kvalifikaci 4.11. 2007 v 8:45 Ruzyn\u011b Termin\u00e1l 1 do Lond\u00fdna. <br \/> Doba letu 2:15. Sraz v 6:45.<br \/> P\u0159estup 4.11. v 16:00 sm\u011br Inverness (m\u011bsto na b\u0159ehu b\u00e1jn\u00e9ho jezera Loch Ness). Doba letu 1:40 hod.<\/p>\n<p> N\u00e1vrat 10.11. 2007 v 7:00 z Inverness do Lond\u00fdna. Doba letu 1:55.<br \/> P\u0159estup 10.11. v 11:40 do Prahy. Doba letu 1:55 hod..<br \/> \u010casov\u00fd posun \u20131 hodina.<\/p>\n<p> N\u00ed\u017ee hern\u00ed rozpis kvalifika\u010dn\u00edho turnaje s vyzna\u010den\u00edm z\u00e1pas\u016f \u010desk\u00e9 reprezentace.<\/p>\n<p> Dr\u017eme na\u0161im reprezentant\u016fm palce!<\/p>\n<p> \/radeK, dD\/<\/p>\n<p> <\/p>\n<table border=\"1\" width=\"480\" align=\"center\" cellspacing=\"0\" cellpadding=\"0\">\n<caption align=\"center\"><strong>2007 WORLD CURLING COMPETITION \u2013 WHEELCHAIR QUALIFICATION<br \/> INVERNESS, SCOTLAND \u2026 5-9 NOVEMBER 2007<br \/><\/caption>\n<tr>\n<td colspan=\"7\" align=\"center\"><strong>DRAW SCHEDULE<\/td>\n<\/tr>\n<tr>\n<td><strong>Date<\/td>\n<td><strong>Time<\/td>\n<td><strong>Sheet A<\/td>\n<td><strong>Sheet B<\/td>\n<td><strong>Sheet C<\/td>\n<td><strong>Sheet D<\/td>\n<td><strong>Sheet E<\/td>\n<\/tr>\n<tr>\n<td>5.10.2007<\/td>\n<td>10:30<\/td>\n<td>BUL-CHN<\/td>\n<td><strong>CZE-DEN<\/td>\n<td>ENG-FIN<\/td>\n<td>GER-ITA<\/td>\n<td>POL-SWE<\/td>\n<\/tr>\n<tr>\n<td><\/td>\n<td>15:30<\/td>\n<td><strong>POL-CZE<\/td>\n<td>FIN-SWE<\/td>\n<td>BUL-GER<\/td>\n<td>ENG-CHN<\/td>\n<td>DEN-ITA<\/td>\n<\/tr>\n<tr>\n<td>6.10.2007<\/td>\n<td>10:00<\/td>\n<td>ITA-SWE<\/td>\n<td>CHN-GER<\/td>\n<td>DEN-POL<\/td>\n<td>FIN-BUL<\/td>\n<td><strong>ENG-CZE<\/td>\n<\/tr>\n<tr>\n<td><\/td>\n<td>15:00<\/td>\n<td>CHN-DEN<\/td>\n<td>ENG-BUL<\/td>\n<td><strong>CZE-SWE<\/td>\n<td>ITA-POL<\/td>\n<td>GER-FIN<\/td>\n<\/tr>\n<tr>\n<td>7.10.2007<\/td>\n<td>10:00<\/td>\n<td>ENG-POL<\/td>\n<td>DEN-FIN<\/td>\n<td>CHN-ITA<\/td>\n<td><strong>CZE-GER<\/td>\n<td>SWE-BUL<\/td>\n<\/tr>\n<tr>\n<td><\/td>\n<td>15:00<\/td>\n<td>SWE-GER<\/td>\n<td>BUL-ITA<\/td>\n<td><strong>FIN-CZE<\/td>\n<td>DEN-ENG<\/td>\n<td>CHN-POL<\/td>\n<\/tr>\n<tr>\n<td>8.10.2007<\/td>\n<td>10:00<\/td>\n<td><strong>CZE-BUL<\/td>\n<td>SWE-CHN<\/td>\n<td>GER-DEN<\/td>\n<td>POL-FIN<\/td>\n<td>ITA-ENG<\/td>\n<\/tr>\n<tr>\n<td><\/td>\n<td>15:00<\/td>\n<td>FIN-ITA<\/td>\n<td>GER-POL<\/td>\n<td>SWE-ENG<\/td>\n<td><strong>CHN-CZE<\/td>\n<td>BUL-DEN<\/td>\n<\/tr>\n<tr>\n<td>9.10.2007<\/td>\n<td>09:30<\/td>\n<td>GER-ENG<\/td>\n<td><strong>ITA-CZE<\/td>\n<td>POL-BUL<\/td>\n<td>SWE-DEN<\/td>\n<td>FIN-CHN<\/td>\n<\/tr>\n<tr>\n<td><\/td>\n<td>13:00<\/td>\n<td>Tiebreak games (if required)<\/td>\n<td><\/td>\n<td><\/td>\n<td><\/td>\n<td><\/td>\n<\/tr>\n<tr>\n<td><\/td>\n<td>16:30<\/td>\n<td>Tiebreak games (if required)<\/td>\n<td><\/td>\n<td><\/td>\n<td><\/td>\n<td><\/td>\n<\/tr>\n<\/table>\n","protected":false},"excerpt":{"rendered":"<a href=\"https:\/\/www.caths.cz\/wordpress\/mezinarodni-turnaj-v-curlingu-praha-19-2110-2007-zprava-radka-pokorneho\/\"><img loading=\"lazy\" decoding=\"async\" width=\"100\" height=\"100\" src=\"https:\/\/www.caths.cz\/wordpress\/wp-content\/plugins\/thumbnail-for-excerpts\/tfe_no_thumb.png\" class=\"alignleft wp-post-image tfe\" alt=\"\" title=\"\" \/><\/a><p>Turnaje se z\u00fa\u010dastnilo \u0161est zahrani\u010dn\u00edch t\u00fdm\u016f a dva t\u00fdmy \u010desk\u00e9. Hr\u00e1\u010di \u010cATHS, \u010dlenov\u00e9 SK Nov\u00e9 M\u011bsto nad Metuj\u00ed, Radek Pokorn\u00fd a Martin Tluk, byli nasazeni v \u010desk\u00e9m \u201eA\u201c dru\u017estvu. Ve [&hellip;]<\/p>\n","protected":false},"author":1,"featured_media":0,"comment_status":"closed","ping_status":"closed","sticky":false,"template":"","format":"standard","meta":{"ngg_post_thumbnail":0,"footnotes":""},"categories":[7],"tags":[],"class_list":["post-496","post","type-post","status-publish","format-standard","hentry","category-curling"],"_links":{"self":[{"href":"https:\/\/www.caths.cz\/wordpress\/wp-json\/wp\/v2\/posts\/496","targetHints":{"allow":["GET"]}}],"collection":[{"href":"https:\/\/www.caths.cz\/wordpress\/wp-json\/wp\/v2\/posts"}],"about":[{"href":"https:\/\/www.caths.cz\/wordpress\/wp-json\/wp\/v2\/types\/post"}],"author":[{"embeddable":true,"href":"https:\/\/www.caths.cz\/wordpress\/wp-json\/wp\/v2\/users\/1"}],"replies":[{"embeddable":true,"href":"https:\/\/www.caths.cz\/wordpress\/wp-json\/wp\/v2\/comments?post=496"}],"version-history":[{"count":0,"href":"https:\/\/www.caths.cz\/wordpress\/wp-json\/wp\/v2\/posts\/496\/revisions"}],"wp:attachment":[{"href":"https:\/\/www.caths.cz\/wordpress\/wp-json\/wp\/v2\/media?parent=496"}],"wp:term":[{"taxonomy":"category","embeddable":true,"href":"https:\/\/www.caths.cz\/wordpress\/wp-json\/wp\/v2\/categories?post=496"},{"taxonomy":"post_tag","embeddable":true,"href":"https:\/\/www.caths.cz\/wordpress\/wp-json\/wp\/v2\/tags?post=496"}],"curies":[{"name":"wp","href":"https:\/\/api.w.org\/{rel}","templated":true}]}}