{"id":494,"date":"2007-10-22T23:39:48","date_gmt":"2007-10-22T22:39:48","guid":{"rendered":"http:\/\/www.caths.cz\/wordpress\/?p=494"},"modified":"2007-10-22T23:39:48","modified_gmt":"2007-10-22T22:39:48","slug":"stanovisko-vykonneho-vyboru-caths-k-prestupum-nesdruzenych-sportovcu-do-caths","status":"publish","type":"post","link":"https:\/\/www.caths.cz\/wordpress\/stanovisko-vykonneho-vyboru-caths-k-prestupum-nesdruzenych-sportovcu-do-caths\/","title":{"rendered":"Stanovisko V\u00fdkonn\u00e9ho v\u00fdboru \u010cATHS k p\u0159estup\u016fm nesdru\u017een\u00fdch sportovc\u016f do \u010cATHS"},"content":{"rendered":"<p align=\"justify\">Proto\u017ee se mno\u017e\u00ed dotazy a p\u0159ihl\u00e1\u0161ky ke \u010dlenstv\u00ed t\u011blesn\u011b posti\u017een\u00fdch sportovc\u016f v \u010cesk\u00e9 asociaci t\u011blesn\u011b handicapovan\u00fdch sportovc\u016f (\u010cATHS), pova\u017euje veden\u00ed asociace za pat\u0159i\u010dn\u00e9 zopakovat n\u00e1sleduj\u00edc\u00ed stanovisko.<\/p>\n<p align=\"justify\">1) \u010cATHS jako jedin\u00fd subjekt zastupuj\u00edc\u00ed t\u011blesn\u011b handicapovan\u00e9 sportovce v r\u00e1mci \u010cesk\u00e9ho paralympijsk\u00e9ho v\u00fdboru (\u010cPV) je v\u00e1z\u00e1na Jednotn\u00fdmi pravidly \u010cPV k zaji\u0161t\u011bn\u00ed sportovn\u00ed reprezentace zve\u0159ejn\u011bn\u00fdmi 28. prosince 2006 na www.paralympic.cz. <\/p>\n<p> 2) V t\u011bchto pravidlech se uv\u00e1d\u00ed mj. n\u00e1sleduj\u00edc\u00ed: &#8211; \u201eDo konce listopadu 2007 bude \u010cATHS z pov\u011b\u0159en\u00ed \u010cPV shroma\u017e\u010fovat \u00fadaje o uva\u017eovan\u00fdch p\u0159estupech nesdru\u017een\u00fdch t\u011blesn\u011b posti\u017een\u00fdch sportovc\u016f do organiza\u010dn\u00ed struktury \u010cPV\u201c. &#8211; \u201eV obdob\u00ed od 1.12. do 15.12. 2007 bude mo\u017en\u00e9 uskute\u010dnit uva\u017eovan\u00e9 p\u0159estupy do \u010cATHS tak, aby bylo mo\u017en\u00e9 zabezpe\u010dit financov\u00e1n\u00ed v\u0161ech p\u0159estoupiv\u0161\u00edch sportovc\u016f po\u010d\u00ednaje rozpo\u010dtov\u00fdm rokem 2008\u201c. <\/p>\n<p> 3) V souladu se Stanovami \u010cATHS o p\u0159ijet\u00ed nov\u00fdch \u010dlen\u016f rozhodne V\u00fdkonn\u00fd v\u00fdbor asociace. Nezbytn\u00fdm pro proveden\u00ed p\u0159estupu je spolu s p\u0159ihl\u00e1\u0161kou tak\u00e9 Prohl\u00e1\u0161en\u00ed o vystoupen\u00ed z \u010cSTPS. <\/p>\n<p> Libor \u0160najdr<br \/> P\u0159edseda \u010cATHS <\/p>\n<p> V Praze 19. \u0159\u00edjna 2007<\/p>\n","protected":false},"excerpt":{"rendered":"<a href=\"https:\/\/www.caths.cz\/wordpress\/stanovisko-vykonneho-vyboru-caths-k-prestupum-nesdruzenych-sportovcu-do-caths\/\"><img loading=\"lazy\" decoding=\"async\" width=\"100\" height=\"100\" src=\"https:\/\/www.caths.cz\/wordpress\/wp-content\/plugins\/thumbnail-for-excerpts\/tfe_no_thumb.png\" class=\"alignleft wp-post-image tfe\" alt=\"\" title=\"\" \/><\/a><p>Proto\u017ee se mno\u017e\u00ed dotazy a p\u0159ihl\u00e1\u0161ky ke \u010dlenstv\u00ed t\u011blesn\u011b posti\u017een\u00fdch sportovc\u016f v \u010cesk\u00e9 asociaci t\u011blesn\u011b handicapovan\u00fdch sportovc\u016f (\u010cATHS), pova\u017euje veden\u00ed asociace za pat\u0159i\u010dn\u00e9 zopakovat n\u00e1sleduj\u00edc\u00ed stanovisko. 1) \u010cATHS jako jedin\u00fd [&hellip;]<\/p>\n","protected":false},"author":1,"featured_media":0,"comment_status":"closed","ping_status":"closed","sticky":false,"template":"","format":"standard","meta":{"ngg_post_thumbnail":0,"footnotes":""},"categories":[6],"tags":[],"class_list":["post-494","post","type-post","status-publish","format-standard","hentry","category-caths-info"],"_links":{"self":[{"href":"https:\/\/www.caths.cz\/wordpress\/wp-json\/wp\/v2\/posts\/494","targetHints":{"allow":["GET"]}}],"collection":[{"href":"https:\/\/www.caths.cz\/wordpress\/wp-json\/wp\/v2\/posts"}],"about":[{"href":"https:\/\/www.caths.cz\/wordpress\/wp-json\/wp\/v2\/types\/post"}],"author":[{"embeddable":true,"href":"https:\/\/www.caths.cz\/wordpress\/wp-json\/wp\/v2\/users\/1"}],"replies":[{"embeddable":true,"href":"https:\/\/www.caths.cz\/wordpress\/wp-json\/wp\/v2\/comments?post=494"}],"version-history":[{"count":0,"href":"https:\/\/www.caths.cz\/wordpress\/wp-json\/wp\/v2\/posts\/494\/revisions"}],"wp:attachment":[{"href":"https:\/\/www.caths.cz\/wordpress\/wp-json\/wp\/v2\/media?parent=494"}],"wp:term":[{"taxonomy":"category","embeddable":true,"href":"https:\/\/www.caths.cz\/wordpress\/wp-json\/wp\/v2\/categories?post=494"},{"taxonomy":"post_tag","embeddable":true,"href":"https:\/\/www.caths.cz\/wordpress\/wp-json\/wp\/v2\/tags?post=494"}],"curies":[{"name":"wp","href":"https:\/\/api.w.org\/{rel}","templated":true}]}}