{"id":492,"date":"2007-09-16T20:35:03","date_gmt":"2007-09-16T19:35:03","guid":{"rendered":"http:\/\/www.caths.cz\/wordpress\/?p=492"},"modified":"2007-09-16T20:35:03","modified_gmt":"2007-09-16T19:35:03","slug":"world-games-of-mountainbiking","status":"publish","type":"post","link":"https:\/\/www.caths.cz\/wordpress\/world-games-of-mountainbiking\/","title":{"rendered":"World Games of Mountainbiking"},"content":{"rendered":"<p align=\"justify\">A z\u00e1vodn\u00edci, kte\u0159\u00ed p\u0159ed deseti dny z\u00e1vodili v tropick\u00e9m po\u010das\u00ed na MS v Bordeaux, m\u011bli mo\u017enost okusit v\u0161echny rozmary leto\u0161n\u00edho l\u00e9ta. Posu\u010fte sami: 6 stup\u0148\u016f, souvisl\u00fd d\u00e9\u0161\u0165 a sn\u00edh&#8230; Sn\u011bhu tam bylo tolik, \u017ee po\u0159adatel\u00e9 upravovali trasu z\u00e1vodu pluhem a lopatami. Opravdu neuv\u011b\u0159iteln\u00e1 pod\u00edvan\u00e1. Ihned po hromadn\u00e9m startu, kter\u00fd byl v nadmo\u0159sk\u00e9 v\u00fd\u0161ce 1003 metr\u016f nad mo\u0159em za\u010dalo p\u0159es tis\u00edc z\u00e1vodn\u00edk\u016f v\u0161ech kategori\u00ed strm\u011b stoupat k horn\u00edm stanic\u00edm lanovek, a\u017e do v\u00fd\u0161ky 2100 metr\u016f. K tomu jim pom\u00e1hala fantastick\u00e1 div\u00e1ck\u00e1 kulisa po cel\u00e9 trase z\u00e1vodu. N\u00e1sledoval n\u00e1ro\u010dn\u00fd sjezd zp\u011bt do Saalbachu a dal\u0161\u00ed extr\u00e9mn\u00ed stoup\u00e1n\u00ed po sjezdovce vzh\u016fru. Po tomto stoup\u00e1n\u00ed m\u011bli z\u00e1vodn\u00edci mo\u017enost projet v\u0161\u00edm, co sou\u010dasn\u00e1 modern\u00ed tra\u0165 MTB pro cross \u2013 country m\u00e1 obsahovat. Rozbahn\u011bn\u00e9 louky, les pln\u00fd kluzk\u00fdch ko\u0159en\u016f \u010di j\u00edzda po kamenit\u00fdch cest\u00e1ch. C\u00edl z\u00e1vodu byl op\u011bt v Saalbachu. V\u00edt\u011bzn\u00fd Jirka Je\u017eek p\u0159edvedl fantastickou j\u00edzdu, zv\u00edt\u011bzil v z\u00e1vod\u011b handicapovan\u00fdch bez rozd\u00edlu kategori\u00ed a nav\u00edc se um\u00edstil na celkov\u00e9m 6. m\u00edst\u011b i v kategori\u00edch cyklist\u016f bez handicapu. Jeho v\u00fdkon ocenili div\u00e1ci na trati bou\u0159liv\u00fdm povzbuzov\u00e1n\u00edm a ve\u010der, p\u0159i z\u00e1v\u011bre\u010dn\u00e9m slavnostn\u00edm ceremoni\u00e1lu aplaudoval ob\u0159\u00ed, k prasknut\u00ed nacpan\u00fd stan, skandovan\u00fdm potleskem. Vezmeme-li v \u00favahu zna\u010dnou n\u00e1ro\u010dnost trat\u011b, podm\u00ednky, p\u0159ev\u00fd\u0161en\u00ed a Jirk\u016fv handicap, pak jde opravdu o mimo\u0159\u00e1dn\u00fd sportovn\u00ed v\u00fdkon na\u0161eho \u00fa\u0159aduj\u00edc\u00edho mistra sv\u011bta v silni\u010dn\u00edm z\u00e1vod\u011b z Bordeaux 2007. \u201eHorsk\u00e9 kolo zat\u00edm p\u0159\u00edli\u0161 neovl\u00e1d\u00e1m, ale j\u00edzda na n\u011bm mne velmi bav\u00ed. Jde o atraktivn\u00ed cyklistickou discipl\u00ednu u kter\u00e9 p\u0159edpokl\u00e1d\u00e1m v dal\u0161\u00edch letech velk\u00fd rozvoj v kategori\u00edch handicapovan\u00fdch. N\u011bkdy v budoucnu dokonce pl\u00e1nujeme mou \u00fa\u010dast na n\u011bkter\u00e9m, sv\u011btov\u011b vyhl\u00e1\u0161en\u00e9m, etapov\u00e9m maratonu, p\u0159em\u00fd\u0161leli jsme o nap\u0159\u00edklad o africk\u00e9m Cape Epicu. To je pro mne velk\u00e1 v\u00fdzva, absolvovat tento slavn\u00fd z\u00e1vod.\u201c up\u0159es\u0148uje Jirka. K obrovsk\u00e9 radosti \u010desk\u00e9 v\u00fdpravy vybojoval vynikaj\u00edc\u00ed druh\u00e9 m\u00edsto mlad\u00ed\u010dek v reprezenta\u010dn\u00edm t\u00fdmu, teprve 21 let\u00fd student, Radim Pavl\u00edk. Radim se za\u010dal cyklistice v\u011bnovat na vrcholov\u00e9 \u00farovni teprve letos na ja\u0159e a jeho v\u00fdsledky jsou velik\u00fdm p\u0159\u00edslibem do budoucna. V Bordeaux p\u0159ekvapil cel\u00fd sv\u011bt v\u00fdborn\u00fdm osm\u00fdm m\u00edstem v silni\u010dn\u00edm z\u00e1vod\u011b a druh\u00e9 m\u00edsto v Saalbachu je pouze dal\u0161\u00edm d\u016fkazem o jeho nesporn\u00e9m talentu. <\/p>\n<p> <img loading=\"lazy\" decoding=\"async\" src=\"\/wordpress\/image\/k_clankum\/saalbach2007.jpg\" width=\"480\" height=\"378\"><\/p>\n","protected":false},"excerpt":{"rendered":"<a href=\"https:\/\/www.caths.cz\/wordpress\/world-games-of-mountainbiking\/\"><img loading=\"lazy\" decoding=\"async\" width=\"100\" height=\"100\" src=\"https:\/\/www.caths.cz\/wordpress\/wp-content\/plugins\/thumbnail-for-excerpts\/tfe_no_thumb.png\" class=\"alignleft wp-post-image tfe\" alt=\"\" title=\"\" \/><\/a><p>A z\u00e1vodn\u00edci, kte\u0159\u00ed p\u0159ed deseti dny z\u00e1vodili v tropick\u00e9m po\u010das\u00ed na MS v Bordeaux, m\u011bli mo\u017enost okusit v\u0161echny rozmary leto\u0161n\u00edho l\u00e9ta. Posu\u010fte sami: 6 stup\u0148\u016f, souvisl\u00fd d\u00e9\u0161\u0165 a sn\u00edh&#8230; Sn\u011bhu [&hellip;]<\/p>\n","protected":false},"author":1,"featured_media":0,"comment_status":"closed","ping_status":"closed","sticky":false,"template":"","format":"standard","meta":{"ngg_post_thumbnail":0,"footnotes":""},"categories":[2],"tags":[],"class_list":["post-492","post","type-post","status-publish","format-standard","hentry","category-cyklistika"],"_links":{"self":[{"href":"https:\/\/www.caths.cz\/wordpress\/wp-json\/wp\/v2\/posts\/492","targetHints":{"allow":["GET"]}}],"collection":[{"href":"https:\/\/www.caths.cz\/wordpress\/wp-json\/wp\/v2\/posts"}],"about":[{"href":"https:\/\/www.caths.cz\/wordpress\/wp-json\/wp\/v2\/types\/post"}],"author":[{"embeddable":true,"href":"https:\/\/www.caths.cz\/wordpress\/wp-json\/wp\/v2\/users\/1"}],"replies":[{"embeddable":true,"href":"https:\/\/www.caths.cz\/wordpress\/wp-json\/wp\/v2\/comments?post=492"}],"version-history":[{"count":0,"href":"https:\/\/www.caths.cz\/wordpress\/wp-json\/wp\/v2\/posts\/492\/revisions"}],"wp:attachment":[{"href":"https:\/\/www.caths.cz\/wordpress\/wp-json\/wp\/v2\/media?parent=492"}],"wp:term":[{"taxonomy":"category","embeddable":true,"href":"https:\/\/www.caths.cz\/wordpress\/wp-json\/wp\/v2\/categories?post=492"},{"taxonomy":"post_tag","embeddable":true,"href":"https:\/\/www.caths.cz\/wordpress\/wp-json\/wp\/v2\/tags?post=492"}],"curies":[{"name":"wp","href":"https:\/\/api.w.org\/{rel}","templated":true}]}}