{"id":491,"date":"2007-10-16T10:28:30","date_gmt":"2007-10-16T09:28:30","guid":{"rendered":"http:\/\/www.caths.cz\/wordpress\/?p=491"},"modified":"2007-10-16T10:28:30","modified_gmt":"2007-10-16T09:28:30","slug":"ivan-karabec-mistrem-evropy-ve-stolnim-tenisu-handicapovanych","status":"publish","type":"post","link":"https:\/\/www.caths.cz\/wordpress\/ivan-karabec-mistrem-evropy-ve-stolnim-tenisu-handicapovanych\/","title":{"rendered":"Ivan Karabec mistrem Evropy ve stoln\u00edm tenisu handicapovan\u00fdch"},"content":{"rendered":"<p align=\"justify\">Ve slovinsk\u00e9 Kranjske Go\u0159e, kde od 10. \u0159\u00edjna 2007 prob\u00edh\u00e1 Mistrovstv\u00ed Evropy Mezin\u00e1rodn\u00edho paralympijsk\u00e9ho v\u00fdboru (IPC) ve stoln\u00edm tenisu, se da\u0159\u00ed \u010desk\u00e9mu reprezentantu Ivanu Karabcovi, kter\u00fd na \u0161ampion\u00e1tu z\u00edskal  ji\u017e dv\u011b medaile.<\/p>\n<p align=\"justify\">O v\u00edkendu vybojoval st\u0159\u00edbrnou medaili za druh\u00e9 m\u00edsto v turnaji stoj\u00edc\u00edch hr\u00e1\u010d\u016f bez rozd\u00edlu kategori\u00ed. Ke st\u0159\u00edbru p\u0159idal v pond\u011bl\u00ed zlatou medaili a titul mistra Evropy v kategorii stoj\u00edc\u00edch hr\u00e1\u010d\u016f skupiny 9 a 10 (posti\u017een\u00ed horn\u00edch kon\u010detin). Pikantn\u00ed je, \u017ee ve fin\u00e1le porazil Gillese De La Bourdonnaye \u2013 man\u017eela \u010desk\u00e9 hr\u00e1\u010dky a Ivanovy dlouholet\u00e9 reprezenta\u010dn\u00ed kolegyn\u011b Michaely \u017d\u00e1kov\u00e9 \u2013 De La Bourdonnaye. I. Karabec je doma \u00fasp\u011b\u0161n\u00fdm a zku\u0161en\u00fdm ligov\u00fdm hr\u00e1\u010dem, je \u00fa\u0159aduj\u00edc\u00edm mistrem sv\u011bta a paralympijsk\u00fdm medailistou. Ivan, kter\u00e9ho tr\u00e9nuje Jaroslav H\u00fdbner, bude jist\u011b oporou \u010desk\u00e9ho stoln\u00edho tenisu i na XIII. letn\u00ed paralympi\u00e1d\u011b p\u0159\u00ed\u0161t\u00ed rok v Pekingu. Mistrovstv\u00ed Evropy se \u00fa\u010dastn\u00ed 315 reprezentant\u016f z 23 zem\u00ed. <\/p>\n<p> Po\u0159ad\u00ed v kategorii mu\u017ei stoj\u00edc\u00ed OPEN (130 hr\u00e1\u010d\u016f) 1. Jose Manuel Ruiz Reyes ESP 2. Ivan Karabec CZE 3. Esa Miettinen FIN Po\u0159ad\u00ed v kategorii mu\u017ei stoj\u00edc\u00ed, skupina 9-10 1. Ivan Karabec CZE 2. Gilles De la Bourdonnaye FRA 3. Fredrik Andersson SWE Pozn. v\u00fdsledky jsou k dispozici t\u00e9\u017e na webu po\u0159adatel\u016f: www.zsis.si\/epint\/slo David \u0160najdr 724-080831 snajdrcpv@volny.cz<\/p>\n","protected":false},"excerpt":{"rendered":"<a href=\"https:\/\/www.caths.cz\/wordpress\/ivan-karabec-mistrem-evropy-ve-stolnim-tenisu-handicapovanych\/\"><img loading=\"lazy\" decoding=\"async\" width=\"100\" height=\"100\" src=\"https:\/\/www.caths.cz\/wordpress\/wp-content\/plugins\/thumbnail-for-excerpts\/tfe_no_thumb.png\" class=\"alignleft wp-post-image tfe\" alt=\"\" title=\"\" \/><\/a><p>Ve slovinsk\u00e9 Kranjske Go\u0159e, kde od 10. \u0159\u00edjna 2007 prob\u00edh\u00e1 Mistrovstv\u00ed Evropy Mezin\u00e1rodn\u00edho paralympijsk\u00e9ho v\u00fdboru (IPC) ve stoln\u00edm tenisu, se da\u0159\u00ed \u010desk\u00e9mu reprezentantu Ivanu Karabcovi, kter\u00fd na \u0161ampion\u00e1tu z\u00edskal ji\u017e [&hellip;]<\/p>\n","protected":false},"author":1,"featured_media":0,"comment_status":"closed","ping_status":"closed","sticky":false,"template":"","format":"standard","meta":{"ngg_post_thumbnail":0,"footnotes":""},"categories":[19],"tags":[],"class_list":["post-491","post","type-post","status-publish","format-standard","hentry","category-stolni-tenis"],"_links":{"self":[{"href":"https:\/\/www.caths.cz\/wordpress\/wp-json\/wp\/v2\/posts\/491","targetHints":{"allow":["GET"]}}],"collection":[{"href":"https:\/\/www.caths.cz\/wordpress\/wp-json\/wp\/v2\/posts"}],"about":[{"href":"https:\/\/www.caths.cz\/wordpress\/wp-json\/wp\/v2\/types\/post"}],"author":[{"embeddable":true,"href":"https:\/\/www.caths.cz\/wordpress\/wp-json\/wp\/v2\/users\/1"}],"replies":[{"embeddable":true,"href":"https:\/\/www.caths.cz\/wordpress\/wp-json\/wp\/v2\/comments?post=491"}],"version-history":[{"count":0,"href":"https:\/\/www.caths.cz\/wordpress\/wp-json\/wp\/v2\/posts\/491\/revisions"}],"wp:attachment":[{"href":"https:\/\/www.caths.cz\/wordpress\/wp-json\/wp\/v2\/media?parent=491"}],"wp:term":[{"taxonomy":"category","embeddable":true,"href":"https:\/\/www.caths.cz\/wordpress\/wp-json\/wp\/v2\/categories?post=491"},{"taxonomy":"post_tag","embeddable":true,"href":"https:\/\/www.caths.cz\/wordpress\/wp-json\/wp\/v2\/tags?post=491"}],"curies":[{"name":"wp","href":"https:\/\/api.w.org\/{rel}","templated":true}]}}