{"id":490,"date":"2007-10-10T10:03:51","date_gmt":"2007-10-10T09:03:51","guid":{"rendered":"http:\/\/www.caths.cz\/wordpress\/?p=490"},"modified":"2007-10-10T10:03:51","modified_gmt":"2007-10-10T09:03:51","slug":"v-koreji-skoncilo-vi-mistrovstvi-sveta-v-paralympijske-lukostrelbe","status":"publish","type":"post","link":"https:\/\/www.caths.cz\/wordpress\/v-koreji-skoncilo-vi-mistrovstvi-sveta-v-paralympijske-lukostrelbe\/","title":{"rendered":"V Koreji skon\u010dilo VI. mistrovstv\u00ed sv\u011bta v paralympijsk\u00e9 lukost\u0159elb\u011b"},"content":{"rendered":"<p align=\"justify\"><strong>\u010cesk\u00e1 paralympijsk\u00e1 lukost\u0159elba m\u00e1 op\u011bt mistry sv\u011bta!<\/strong><br \/>\nStali se j\u00edmi \u010dlenov\u00e9 t\u0159\u00ed\u010dlenn\u00e9ho dru\u017estva \u010cR na sv\u011btov\u00e9m \u0161ampion\u00e1tu v paralympijsk\u00e9 lukost\u0159elb\u011b v korejsk\u00e9m Cheongju, kter\u00e9 v kategorii W1 (posti\u017een\u00ed doln\u00edch i horn\u00edch kon\u010detin \u2013 pozn. autora) ve fin\u00e1le porazilo t\u00fdm Japonska a stalo se mistrem sv\u011bta pro rok 2007.<\/p>\n<p align=\"justify\">Dru\u017estvo ve slo\u017een\u00ed Martin Barto\u0161, David Drahon\u00ednsk\u00fd a Zden\u011bk \u0160ebek postoupilo z kvalifikace na 70 \u2013 60 \u2013 50 a 30 m rovnou do fin\u00e1le na 70 m , nebo\u0165 \u00fa\u010dastn\u00edci MS v t\u00e9to nejv\u00edce posti\u017een\u00e9 kategorii lukost\u0159elc\u016f nepostavili v\u00edce t\u0159\u00ed\u010dlenn\u00fdch dru\u017estev. Ve fin\u00e1le pak \u010ce\u0161i porazili v\u00fdrazn\u00fdm rozd\u00edlem dru\u017estvo Japonska.<br \/> Zlat\u00e1 medaile r\u00e1zem posunula \u010ceskou republiku na celkov\u011b 6. m\u00edsto v hodnocen\u00ed zem\u00ed podle zisku medail\u00ed.<br \/> Dru\u017estvo W1 \u010cR tak vybojovalo jedinou medaili z pr\u00e1v\u011b skon\u010den\u00e9ho MS a \u010cesk\u00fd paralympijsk\u00fd v\u00fdbor nyn\u00ed bude \u010dekat na p\u0159id\u011blen\u00ed kv\u00f3ty lukost\u0159elc\u016f pro start na XIII. letn\u00edch paralympijsk\u00fdch hr\u00e1ch 2008 v Pekingu. Tuto kv\u00f3tu se dozv\u00ed za\u010d\u00e1tkem roku 2008.<br \/> VI. mistrovstv\u00ed sv\u011bta v paralympijsk\u00e9 lukost\u0159elb\u011b 2007 se z\u00fa\u010dastnilo 240 z\u00e1vodn\u00edk\u016f z 38 zem\u00ed. P\u0159ekon\u00e1no bylo 14 sv\u011btov\u00fdch rekord\u016f.<br \/> V pr\u016fb\u011bhu \u0161ampion\u00e1tu odhlasovala Valn\u00e1 hromada sekce lukost\u0159elby Mezin\u00e1rodn\u00edho paralympijsk\u00e9ho v\u00fdboru p\u0159idru\u017een\u00ed paralympijsk\u00e9 lukost\u0159elby pod spr\u00e1vu Mezin\u00e1rodn\u00ed lukost\u0159eleck\u00e9 federace neposti\u017een\u00fdch (FITA).<\/p>\n","protected":false},"excerpt":{"rendered":"<a href=\"https:\/\/www.caths.cz\/wordpress\/v-koreji-skoncilo-vi-mistrovstvi-sveta-v-paralympijske-lukostrelbe\/\"><img loading=\"lazy\" decoding=\"async\" width=\"100\" height=\"100\" src=\"https:\/\/www.caths.cz\/wordpress\/wp-content\/plugins\/thumbnail-for-excerpts\/tfe_no_thumb.png\" class=\"alignleft wp-post-image tfe\" alt=\"\" title=\"\" \/><\/a><p>\u010cesk\u00e1 paralympijsk\u00e1 lukost\u0159elba m\u00e1 op\u011bt mistry sv\u011bta! Stali se j\u00edmi \u010dlenov\u00e9 t\u0159\u00ed\u010dlenn\u00e9ho dru\u017estva \u010cR na sv\u011btov\u00e9m \u0161ampion\u00e1tu v paralympijsk\u00e9 lukost\u0159elb\u011b v korejsk\u00e9m Cheongju, kter\u00e9 v kategorii W1 (posti\u017een\u00ed doln\u00edch i [&hellip;]<\/p>\n","protected":false},"author":1,"featured_media":0,"comment_status":"closed","ping_status":"closed","sticky":false,"template":"","format":"standard","meta":{"ngg_post_thumbnail":0,"footnotes":""},"categories":[13],"tags":[],"class_list":["post-490","post","type-post","status-publish","format-standard","hentry","category-lukostrelba"],"_links":{"self":[{"href":"https:\/\/www.caths.cz\/wordpress\/wp-json\/wp\/v2\/posts\/490","targetHints":{"allow":["GET"]}}],"collection":[{"href":"https:\/\/www.caths.cz\/wordpress\/wp-json\/wp\/v2\/posts"}],"about":[{"href":"https:\/\/www.caths.cz\/wordpress\/wp-json\/wp\/v2\/types\/post"}],"author":[{"embeddable":true,"href":"https:\/\/www.caths.cz\/wordpress\/wp-json\/wp\/v2\/users\/1"}],"replies":[{"embeddable":true,"href":"https:\/\/www.caths.cz\/wordpress\/wp-json\/wp\/v2\/comments?post=490"}],"version-history":[{"count":0,"href":"https:\/\/www.caths.cz\/wordpress\/wp-json\/wp\/v2\/posts\/490\/revisions"}],"wp:attachment":[{"href":"https:\/\/www.caths.cz\/wordpress\/wp-json\/wp\/v2\/media?parent=490"}],"wp:term":[{"taxonomy":"category","embeddable":true,"href":"https:\/\/www.caths.cz\/wordpress\/wp-json\/wp\/v2\/categories?post=490"},{"taxonomy":"post_tag","embeddable":true,"href":"https:\/\/www.caths.cz\/wordpress\/wp-json\/wp\/v2\/tags?post=490"}],"curies":[{"name":"wp","href":"https:\/\/api.w.org\/{rel}","templated":true}]}}