{"id":488,"date":"2007-10-03T10:00:36","date_gmt":"2007-10-03T09:00:36","guid":{"rendered":"http:\/\/www.caths.cz\/wordpress\/?p=488"},"modified":"2007-10-03T10:00:36","modified_gmt":"2007-10-03T09:00:36","slug":"lukostrelci-miri-do-koreje","status":"publish","type":"post","link":"https:\/\/www.caths.cz\/wordpress\/lukostrelci-miri-do-koreje\/","title":{"rendered":"Lukost\u0159elci m\u00ed\u0159\u00ed do Koreje"},"content":{"rendered":"<p align=\"justify\">O v\u00edkendu odlet\u011bla historicky nejpo\u010detn\u011bj\u0161\u00ed v\u00fdprava \u010cesk\u00e9ho paralympijsk\u00e9ho v\u00fdboru na VI. mistrovstv\u00ed sv\u011bta v lukost\u0159elb\u011b handicapovan\u00fdch.<br \/>\n\u0160ampion\u00e1t se uskute\u010dn\u00ed ve dnech 1. \u2013 10. \u0159\u00edjna 2007 v korejsk\u00e9m Cheongju a v devaten\u00e1cti\u010dlenn\u00e9 v\u00fdprav\u011b je tak\u00e9 osm \u010dlen\u016f \u010cesk\u00e9 asociace t\u011blesn\u011b handicapovan\u00fdch sportovc\u016f (\u010cATHS), kte\u0159\u00ed se rekrutuj\u00ed ze Sportovn\u00edho klubu Nov\u00e9 M\u011bsto nad Metuj\u00ed.<\/p>\n<p align=\"justify\">K \u00fasp\u011b\u0161n\u00fdm a zku\u0161en\u00fdm lukost\u0159elc\u016fm \u2013 voz\u00ed\u010dk\u00e1\u0159\u016fm Zde\u0148ku \u0160ebkovi, Ji\u0159\u00edmu Klichovi, Miroslav\u011b \u010cern\u00e9 a Lence Kuncov\u00e9 se nov\u011b p\u0159idal Jaroslav Zelenka. Ve veden\u00ed v\u00fdpravy pak z na\u0161ich \u010dlen\u016f do Koreje cestuj\u00ed fyzioterapeutka Petra Rouskov\u00e1, vedouc\u00ed tren\u00e9r reprezentace Vladim\u00edr Brada a sportovn\u00ed mana\u017eer \u010cesk\u00e9ho paralympijsk\u00e9ho t\u00fdmu David \u0160najdr.<br \/> Oporou t\u00fdmu je trojn\u00e1sobn\u00fd mistr sv\u011bta, mistr Evropy a paralympijsk\u00fd v\u00edt\u011bz Z. \u0160ebek v divizi kladkov\u00fd luk. Na \u0161ampion\u00e1tu budou obhajovat st\u0159\u00edbrn\u00e9 medaile v sout\u011b\u017ei dru\u017estev z posledn\u00edho mistrovstv\u00ed sv\u011bta (It\u00e1lie 2005) tak\u00e9 M. \u010cern\u00e1 a L. Kuncov\u00e1, spolu s Mark\u00e9tou Sidkovou a Lenkou Kadetovou (v\u0161echny divize reflexn\u00ed luk).<br \/> Ji\u0159\u00ed Klich (kladkov\u00fd luk) na sv\u016fj v\u00fdrazn\u00fd sv\u011btov\u00fd \u00fasp\u011bch zat\u00edm st\u00e1le \u010dek\u00e1 a pro Jaroslava Zelenku (kladkov\u00fd luk) je nadch\u00e1zej\u00edc\u00ed \u0161ampion\u00e1t prvn\u00edm v jeho kari\u00e9\u0159e. <br \/> Z\u00e1vodn\u00edci absolvuj\u00ed p\u0159\u00ed\u0161t\u00ed t\u00fdden nejprve kvalifikaci FITA, mu\u017ei na 90 \u2013 70 \u2013 50 a 30 m, resp. mu\u017ei kvadruplegici W1 70 \u2013 60 \u2013 50 a 30 m, a \u017eeny 70 \u2013 60 \u2013 50 a 30 m, celkem 144 \u0161\u00edp\u016f. <br \/> Z dvoudenn\u00ed kvalifikace vzejde pavouk pro vy\u0159azovac\u00ed boje a boje o medaile p\u0159\u00ed\u0161t\u00ed v\u00edkend. Po individu\u00e1ln\u00edch sout\u011b\u017e\u00edch prob\u011bhnou z\u00e1vody dru\u017estev. Leto\u0161n\u00ed sv\u011btov\u00fd \u0161ampion\u00e1t je posledn\u00ed p\u0159\u00edle\u017eitost\u00ed pro lukost\u0159elce zlep\u0161it sv\u00e9 postaven\u00ed ve sv\u011btov\u00e9m \u017eeb\u0159\u00ed\u010dku pro nominace na XIII. letn\u00ed paralympijsk\u00e9 hry v Pekingu. <br \/> Pro \u010desk\u00e9 reprezentanty p\u0159edstavuje Cheongju krom\u011b testu v\u00fdkonnosti tak\u00e9 zkou\u0161ku, jak se dok\u00e1\u017e\u00ed vypo\u0159\u00e1dat s dlouhou cestou na v\u00fdchod a zna\u010dn\u00fdm \u010dasov\u00fdm posunem.<br \/> Veden\u00ed v\u00fdpravy pak v d\u011bji\u0161ti \u0161ampion\u00e1tu \u010dek\u00e1 valn\u00e1 hromada sekce paralympijsk\u00e9 lukost\u0159elby, na kter\u00e9 bude jedn\u00edm z hlavn\u00edch bod\u016f jedn\u00e1n\u00ed n\u00e1vrh na p\u0159esun paralympijsk\u00e9 lukost\u0159elby pod spr\u00e1vu Mezin\u00e1rodn\u00ed lukost\u0159eleck\u00e9 federace neposti\u017een\u00fdch FITA. <\/p>\n<p> \/dav\/<\/p>\n<p> <img loading=\"lazy\" decoding=\"async\" src=\"\/wordpress\/image\/k_clankum\/chlap.jpg\" width=\"400\" height=\"300\"><br \/> <em>Zden\u011bk \u0160ebek pat\u0159\u00ed ji\u017e deset let k nejlep\u0161\u00edm sv\u011btov\u00fdm lukost\u0159elc\u016fm a k favorit\u016fm bude pat\u0159it i v Koreji, kde absolvuje ji\u017e sv\u00e9 6. mistrovstv\u00ed sv\u011bta (foto: Ale\u0161 \u017d\u010f\u00e1rsk\u00fd)<\/em><\/p>\n<p> <img loading=\"lazy\" decoding=\"async\" src=\"\/wordpress\/image\/k_clankum\/zenska.jpg\" width=\"300\" height=\"400\"><br \/> <em>Lenka Kuncov\u00e1 bude v Koreji obhajovat st\u0159\u00edbrnou medaili ze sout\u011b\u017ee dru\u017estev (foto: Ale\u0161 \u017d\u010f\u00e1rsk\u00fd)<\/em><\/p>\n","protected":false},"excerpt":{"rendered":"<a href=\"https:\/\/www.caths.cz\/wordpress\/lukostrelci-miri-do-koreje\/\"><img loading=\"lazy\" decoding=\"async\" width=\"100\" height=\"100\" src=\"https:\/\/www.caths.cz\/wordpress\/wp-content\/plugins\/thumbnail-for-excerpts\/tfe_no_thumb.png\" class=\"alignleft wp-post-image tfe\" alt=\"\" title=\"\" \/><\/a><p>O v\u00edkendu odlet\u011bla historicky nejpo\u010detn\u011bj\u0161\u00ed v\u00fdprava \u010cesk\u00e9ho paralympijsk\u00e9ho v\u00fdboru na VI. mistrovstv\u00ed sv\u011bta v lukost\u0159elb\u011b handicapovan\u00fdch. \u0160ampion\u00e1t se uskute\u010dn\u00ed ve dnech 1. \u2013 10. \u0159\u00edjna 2007 v korejsk\u00e9m Cheongju a [&hellip;]<\/p>\n","protected":false},"author":1,"featured_media":0,"comment_status":"closed","ping_status":"closed","sticky":false,"template":"","format":"standard","meta":{"ngg_post_thumbnail":0,"footnotes":""},"categories":[13],"tags":[],"class_list":["post-488","post","type-post","status-publish","format-standard","hentry","category-lukostrelba"],"_links":{"self":[{"href":"https:\/\/www.caths.cz\/wordpress\/wp-json\/wp\/v2\/posts\/488","targetHints":{"allow":["GET"]}}],"collection":[{"href":"https:\/\/www.caths.cz\/wordpress\/wp-json\/wp\/v2\/posts"}],"about":[{"href":"https:\/\/www.caths.cz\/wordpress\/wp-json\/wp\/v2\/types\/post"}],"author":[{"embeddable":true,"href":"https:\/\/www.caths.cz\/wordpress\/wp-json\/wp\/v2\/users\/1"}],"replies":[{"embeddable":true,"href":"https:\/\/www.caths.cz\/wordpress\/wp-json\/wp\/v2\/comments?post=488"}],"version-history":[{"count":0,"href":"https:\/\/www.caths.cz\/wordpress\/wp-json\/wp\/v2\/posts\/488\/revisions"}],"wp:attachment":[{"href":"https:\/\/www.caths.cz\/wordpress\/wp-json\/wp\/v2\/media?parent=488"}],"wp:term":[{"taxonomy":"category","embeddable":true,"href":"https:\/\/www.caths.cz\/wordpress\/wp-json\/wp\/v2\/categories?post=488"},{"taxonomy":"post_tag","embeddable":true,"href":"https:\/\/www.caths.cz\/wordpress\/wp-json\/wp\/v2\/tags?post=488"}],"curies":[{"name":"wp","href":"https:\/\/api.w.org\/{rel}","templated":true}]}}