{"id":487,"date":"2007-08-22T17:38:18","date_gmt":"2007-08-22T16:38:18","guid":{"rendered":"http:\/\/www.caths.cz\/wordpress\/?p=487"},"modified":"2007-08-22T17:38:18","modified_gmt":"2007-08-22T16:38:18","slug":"v-novem-meste-nad-metuji-souboje-o-peking","status":"publish","type":"post","link":"https:\/\/www.caths.cz\/wordpress\/v-novem-meste-nad-metuji-souboje-o-peking\/","title":{"rendered":"V Nov\u00e9m M\u011bst\u011b nad Metuj\u00ed souboje o Peking"},"content":{"rendered":"<p align=\"justify\"><b>Kvalifika\u010dn\u00ed turnaj paralympionik\u016f v lukost\u0159elb\u011b<\/b><br \/>\nNa 70 lukost\u0159elc\u016f z osmi zem\u00ed se v t\u011bchto dnech \u00fa\u010dastn\u00ed lukost\u0159eleck\u00e9ho turnaje v Nov\u00e9m M\u011bst\u011b nad Metuj\u00ed. Turnaj se kon\u00e1 pod patronac\u00ed Mezin\u00e1rodn\u00edho paralympijsk\u00e9ho turnaje a \u00fa\u010dastn\u00edci na n\u011bm bojuj\u00ed o body do sv\u011btov\u00e9ho \u017eeb\u0159\u00ed\u010dku, podle kter\u00e9ho se pak mohou nominovat na XIII. letn\u00ed paralympijsk\u00e9 hry p\u0159\u00ed\u0161t\u00ed rok v Pekingu.<\/p>\n<p align=\"justify\">Turnaj po\u0159\u00e1d\u00e1 Sportovn\u00ed klub Nov\u00e9 M\u011bsto nad Metuj\u00ed ve dnech 15. &#8211; 18. srpna 2007, b\u011bhem kter\u00fdch z\u00e1vodn\u00edci z \u010cR, Slovenska, D\u00e1nska, Srbska a \u010cern\u00e9 hory, Nizozem\u00ed, Finska, Ma\u010farska a Turecka absolvuj\u00ed n\u00e1ro\u010dn\u00fd program od zdravotn\u00edch klasifikac\u00ed, p\u0159es kvalifikaci na dlouh\u00e9 (90m a 70m) a kr\u00e1tk\u00e9 (50m a 30m) vzd\u00e1lenosti a\u017e po eliminaci a medailov\u00e9 rozst\u0159ely na 70 m. Z\u00e1vodn\u00edci jsou rozd\u011bleni do kategori\u00ed podle supn\u011b a druhu posti\u017een\u00ed, v\u010detn\u011b dokonce nevidom\u00fdch lukost\u0159elc\u016f. <br \/> Turnaj ve \u010dtvrtek slavnostn\u011b zah\u00e1jili Bronislava Malijovsk\u00e1, starostka Nov\u00e9ho M\u011bsta nad Metuj\u00ed, a Libor \u0160najdr, \u0159editel SK Nov\u00e9 M\u011bsto nad Metuj\u00ed a \u010dlen V\u00fdkonn\u00e9ho gr\u00e9mia \u010cesk\u00e9ho paralympijsk\u00e9ho v\u00fdboru.<br \/> Pravidla paralympijsk\u00e9 lukost\u0159elby jsou identick\u00e1 s &#8222;neposti\u017eenou&#8220; lukost\u0159elbou, a proto se v sou\u010dasnosti ve sv\u011bt\u011b intenz\u00edvn\u011b jedn\u00e1 o za\u010dlen\u011bn\u00ed paralympijsk\u00e9 lukost\u0159elby do Mezin\u00e1rodn\u00ed federace lukost\u0159elby neposti\u017een\u00fdch (FITA). <br \/> Na zd\u00e1rn\u00fd pr\u016fb\u011bh sout\u011b\u017e\u00ed dohl\u00ed\u017e\u00ed mezin\u00e1rodn\u00ed technick\u00e1 deleg\u00e1tka Ann Webb z Velk\u00e9 Brit\u00e1nie.<br \/> S po\u0159\u00e1d\u00e1n\u00edm vrcholn\u00fdch paralympijsk\u00fdch sout\u011b\u017e\u00ed maj\u00ed za posledn\u00edch 20 let Novom\u011bst\u0161t\u00ed bohat\u00e9 zku\u0161enosti. <br \/> V leto\u0161n\u00edm roce se jim po mnohalet\u00e9m \u00fasil\u00ed poda\u0159ilo kompletn\u011b zrekonstruovat cel\u00fd are\u00e1l Sportovn\u00edho klubu. Podle Libora \u0160najdra se jedn\u00e1 o &#8222;historick\u00fd mezn\u00edk ve v\u00fdvoji nejen Sportovn\u00edho klubu, ale i sportu v cel\u00e9m Nov\u00e9m M\u011bst\u011b, nebo\u0165 se ve\u0161ker\u00e9 po\u0159adatelstv\u00ed na zrekonstruovan\u00e9m sportovi\u0161ti zkvalitn\u00ed a zjednodu\u0161\u00ed od atletiky, p\u0159es lukost\u0159elbu a\u017e po volejbal a fotbal.&#8220; <br \/> &#8222;Zb\u00fdv\u00e1 n\u00e1m je\u0161t\u011b postavit hotel s bezbari\u00e9rov\u00fdm ubytov\u00e1n\u00edm. Ubytov\u00e1n\u00ed odpov\u00eddaj\u00edc\u00ed paralympijsk\u00fdm standard\u016fm je st\u00e1le na\u0161\u00ed slabinou,&#8220; dod\u00e1v\u00e1 L. \u0160najdr.<br \/> Po\u0159adatel\u00e9 zvou p\u0159\u00edznivce lukost\u0159elby, a\u0165 se do are\u00e1lu Sportovn\u00edho klubu v Nov\u00e9m M\u011bst\u011b nad Metuj\u00ed p\u0159ijdou pod\u00edvat. St\u0159\u00edlet se bude do soboty 18. srpna od 9:00 do 17:00 hodin a na startu je tak\u00e9 voz\u00ed\u010dk\u00e1\u0159ka Lenka Kuncov\u00e1, kter\u00e9 ned\u00e1vn\u00e1 tane\u010dn\u00ed sout\u011b\u017e Bailando pomohla p\u0159i zaji\u0161t\u011bn\u00ed pen\u011bz na n\u00e1kladnou operaci p\u00e1te\u0159e.  <\/p>\n<p> \/dav\/<\/p>\n","protected":false},"excerpt":{"rendered":"<a href=\"https:\/\/www.caths.cz\/wordpress\/v-novem-meste-nad-metuji-souboje-o-peking\/\"><img loading=\"lazy\" decoding=\"async\" width=\"100\" height=\"100\" src=\"https:\/\/www.caths.cz\/wordpress\/wp-content\/plugins\/thumbnail-for-excerpts\/tfe_no_thumb.png\" class=\"alignleft wp-post-image tfe\" alt=\"\" title=\"\" \/><\/a><p>Kvalifika\u010dn\u00ed turnaj paralympionik\u016f v lukost\u0159elb\u011b Na 70 lukost\u0159elc\u016f z osmi zem\u00ed se v t\u011bchto dnech \u00fa\u010dastn\u00ed lukost\u0159eleck\u00e9ho turnaje v Nov\u00e9m M\u011bst\u011b nad Metuj\u00ed. Turnaj se kon\u00e1 pod patronac\u00ed Mezin\u00e1rodn\u00edho paralympijsk\u00e9ho [&hellip;]<\/p>\n","protected":false},"author":1,"featured_media":0,"comment_status":"closed","ping_status":"closed","sticky":false,"template":"","format":"standard","meta":{"ngg_post_thumbnail":0,"footnotes":""},"categories":[13],"tags":[],"class_list":["post-487","post","type-post","status-publish","format-standard","hentry","category-lukostrelba"],"_links":{"self":[{"href":"https:\/\/www.caths.cz\/wordpress\/wp-json\/wp\/v2\/posts\/487","targetHints":{"allow":["GET"]}}],"collection":[{"href":"https:\/\/www.caths.cz\/wordpress\/wp-json\/wp\/v2\/posts"}],"about":[{"href":"https:\/\/www.caths.cz\/wordpress\/wp-json\/wp\/v2\/types\/post"}],"author":[{"embeddable":true,"href":"https:\/\/www.caths.cz\/wordpress\/wp-json\/wp\/v2\/users\/1"}],"replies":[{"embeddable":true,"href":"https:\/\/www.caths.cz\/wordpress\/wp-json\/wp\/v2\/comments?post=487"}],"version-history":[{"count":0,"href":"https:\/\/www.caths.cz\/wordpress\/wp-json\/wp\/v2\/posts\/487\/revisions"}],"wp:attachment":[{"href":"https:\/\/www.caths.cz\/wordpress\/wp-json\/wp\/v2\/media?parent=487"}],"wp:term":[{"taxonomy":"category","embeddable":true,"href":"https:\/\/www.caths.cz\/wordpress\/wp-json\/wp\/v2\/categories?post=487"},{"taxonomy":"post_tag","embeddable":true,"href":"https:\/\/www.caths.cz\/wordpress\/wp-json\/wp\/v2\/tags?post=487"}],"curies":[{"name":"wp","href":"https:\/\/api.w.org\/{rel}","templated":true}]}}