{"id":486,"date":"2007-08-22T17:35:13","date_gmt":"2007-08-22T16:35:13","guid":{"rendered":"http:\/\/www.caths.cz\/wordpress\/?p=486"},"modified":"2007-08-22T17:35:13","modified_gmt":"2007-08-22T16:35:13","slug":"po-dvou-dnech-ma-reprezentace-telesne-handicapovanych-cyklistu-na-ms-v-bordeaux-jiz-dve-medaile-obe-ziskal-jiri-jezek","status":"publish","type":"post","link":"https:\/\/www.caths.cz\/wordpress\/po-dvou-dnech-ma-reprezentace-telesne-handicapovanych-cyklistu-na-ms-v-bordeaux-jiz-dve-medaile-obe-ziskal-jiri-jezek\/","title":{"rendered":"Po dvou dnech m\u00e1 reprezentace t\u011blesn\u011b handicapovan\u00fdch cyklist\u016f na MS v Bordeaux ji\u017e dv\u011b medaile, ob\u011b z\u00edskal Ji\u0159\u00ed Je\u017eek!"},"content":{"rendered":"<p align=\"justify\">Ji\u0159\u00ed Je\u017eek vybojoval na mistrovstv\u00ed sv\u011bta handicapovan\u00fdch cyklist\u016f v Bordeaux ji\u017e dv\u011b medaile. V pond\u011bl\u00ed z\u00edskal bronz ve st\u00edhac\u00edm z\u00e1vod\u011b na 4 km. V\u00fdborn\u00fd v\u00fdkon p\u0159edvedl tak\u00e9 Tom\u00e1\u0161 Kvasni\u010dka, kter\u00fd vybojoval vynikaj\u00edc\u00ed 5 m\u00edsto a od bronzov\u00e9 medaile ho d\u011blila necel\u00e1 jedna sekunda. Kdy\u017e uv\u00e1\u017e\u00edme, \u017ee Tom\u00e1\u0161ovi je teprve 17 let, m\u016f\u017eeme konstatovat, \u017ee na\u0161e reprezentace m\u00e1 ve sv\u00fdch \u0159ad\u00e1ch velik\u00fd talent a p\u0159\u00edslib do budoucna.<\/p>\n<p align=\"justify\">V \u00fater\u00fd, v dramatick\u00e9m z\u00e1vod\u011b 1 km, kter\u00fd doslova zvedal div\u00e1ky ze sedadel a ve kter\u00e9m v\u00edt\u011bzn\u00fd Jody Cundy z Anglie vylep\u0161il sv\u016fj sv\u011btov\u00fd rekord, z\u00edskal Ji\u0159\u00ed Je\u017eek &#8211; st\u0159\u00edbrnou medaili.<br \/> \u201eM\u00e1m velikou radost, z\u00e1vod na 1 km se stal z\u00e1vodem specialist\u016f na tuto discipl\u00ednu, t\u00edm v\u00edce je pro mne, jako pro univerz\u00e1ln\u00edho z\u00e1vodn\u00edka medaile z tohoto z\u00e1vodu cenn\u00e1. ,\u201c \u0159\u00edk\u00e1 Ji\u0159\u00ed Je\u017eek a dod\u00e1v\u00e1, \u201ev t\u00fdmu panuje skv\u011bl\u00e1 atmosf\u00e9ra, kter\u00e1 jist\u011b pom\u016f\u017ee p\u0159in\u00e9st dal\u0161\u00ed skv\u011bl\u00e9 v\u00fdsledky.\u201c<\/p>\n<p> Ve st\u0159edu na\u0161e z\u00e1vodn\u00edky \u010dek\u00e1 atraktivn\u00ed Team sprint, kde n\u00e1s budou reprezentovat Tom\u00e1\u0161 Kvasni\u010dka, Ji\u0159\u00ed Je\u017eek a Ji\u0159\u00ed Bou\u0161ka. Soud\u011b podle posledn\u00edch m\u011b\u0159en\u00fdch \u010das\u016f m\u00e1 n\u00e1\u0161 t\u00fdm medailov\u00e9 ambice. <\/p>\n","protected":false},"excerpt":{"rendered":"<a href=\"https:\/\/www.caths.cz\/wordpress\/po-dvou-dnech-ma-reprezentace-telesne-handicapovanych-cyklistu-na-ms-v-bordeaux-jiz-dve-medaile-obe-ziskal-jiri-jezek\/\"><img loading=\"lazy\" decoding=\"async\" width=\"100\" height=\"100\" src=\"https:\/\/www.caths.cz\/wordpress\/wp-content\/plugins\/thumbnail-for-excerpts\/tfe_no_thumb.png\" class=\"alignleft wp-post-image tfe\" alt=\"\" title=\"\" \/><\/a><p>Ji\u0159\u00ed Je\u017eek vybojoval na mistrovstv\u00ed sv\u011bta handicapovan\u00fdch cyklist\u016f v Bordeaux ji\u017e dv\u011b medaile. V pond\u011bl\u00ed z\u00edskal bronz ve st\u00edhac\u00edm z\u00e1vod\u011b na 4 km. V\u00fdborn\u00fd v\u00fdkon p\u0159edvedl tak\u00e9 Tom\u00e1\u0161 Kvasni\u010dka, kter\u00fd [&hellip;]<\/p>\n","protected":false},"author":1,"featured_media":0,"comment_status":"closed","ping_status":"closed","sticky":false,"template":"","format":"standard","meta":{"ngg_post_thumbnail":0,"footnotes":""},"categories":[2],"tags":[],"class_list":["post-486","post","type-post","status-publish","format-standard","hentry","category-cyklistika"],"_links":{"self":[{"href":"https:\/\/www.caths.cz\/wordpress\/wp-json\/wp\/v2\/posts\/486","targetHints":{"allow":["GET"]}}],"collection":[{"href":"https:\/\/www.caths.cz\/wordpress\/wp-json\/wp\/v2\/posts"}],"about":[{"href":"https:\/\/www.caths.cz\/wordpress\/wp-json\/wp\/v2\/types\/post"}],"author":[{"embeddable":true,"href":"https:\/\/www.caths.cz\/wordpress\/wp-json\/wp\/v2\/users\/1"}],"replies":[{"embeddable":true,"href":"https:\/\/www.caths.cz\/wordpress\/wp-json\/wp\/v2\/comments?post=486"}],"version-history":[{"count":0,"href":"https:\/\/www.caths.cz\/wordpress\/wp-json\/wp\/v2\/posts\/486\/revisions"}],"wp:attachment":[{"href":"https:\/\/www.caths.cz\/wordpress\/wp-json\/wp\/v2\/media?parent=486"}],"wp:term":[{"taxonomy":"category","embeddable":true,"href":"https:\/\/www.caths.cz\/wordpress\/wp-json\/wp\/v2\/categories?post=486"},{"taxonomy":"post_tag","embeddable":true,"href":"https:\/\/www.caths.cz\/wordpress\/wp-json\/wp\/v2\/tags?post=486"}],"curies":[{"name":"wp","href":"https:\/\/api.w.org\/{rel}","templated":true}]}}