{"id":484,"date":"2007-08-08T14:31:19","date_gmt":"2007-08-08T13:31:19","guid":{"rendered":"http:\/\/www.caths.cz\/wordpress\/?p=484"},"modified":"2007-08-08T14:31:19","modified_gmt":"2007-08-08T13:31:19","slug":"pred-ms-ladi-jezek-formu-mezi-profesionaly","status":"publish","type":"post","link":"https:\/\/www.caths.cz\/wordpress\/pred-ms-ladi-jezek-formu-mezi-profesionaly\/","title":{"rendered":"P\u0159ed MS lad\u00ed Je\u017eek formu mezi profesion\u00e1ly"},"content":{"rendered":"<p align=\"justify\">P\u0159ed nadch\u00e1zej\u00edc\u00edm mistrovstv\u00edm sv\u011bta hendikepovan\u00fdch cyklist\u016f, kter\u00e9 za\u010d\u00edn\u00e1 19.srpna ve francouzsk\u00e9m Bordeaux ukazuje Ji\u0159\u00ed Je\u017eek slibnou formu. Po celkov\u00e9m v\u00edt\u011bzstv\u00ed v leto\u0161n\u00edm Evropsk\u00e9m poh\u00e1ru se v posledn\u00ed f\u00e1zi p\u0159\u00edpravy z\u00fa\u010dastnil z\u00e1vodu s t\u011bmi nejlep\u0161\u00edmi zdrav\u00fdmi profesion\u00e1ly.<\/p>\n<p align=\"justify\">V p\u00e1tek Je\u017eek startoval na jednom z tradi\u010dn\u00edch presti\u017en\u00edch krit\u00e9ri\u00ed po Tour de France, v n\u011bmeck\u00e9m Rhede. No\u010dn\u00edho z\u00e1vodu na 80km v historick\u00e9m centru m\u011bsta se \u00fa\u010dastnili hv\u011bzdy profesion\u00e1ln\u00edho pelotonu Andreas Kl\u00f6den, Fabian Wegmann, dr\u00e1hov\u00ed mist\u0159i sv\u011bta Bruno Risi, Franco Marvulli \u010di Stefan Steinweg. Mezi \u0161edes\u00e1tkou \u0161pi\u010dkov\u00fdch z\u00e1vodn\u00edk\u016f dojel n\u00e1\u0161 \u00fasp\u011b\u0161n\u00fd paralympionik na 32.m\u00edst\u011b, co\u017e v\u0161ak nebylo tak d\u016fle\u017eit\u00e9, jako potlesk tis\u00edc\u016f div\u00e1k\u016f, kte\u0159\u00ed tak ocenili jeho p\u0159edveden\u00fd obdivuhodn\u00fd v\u00fdkon. V\u017edy, kdy\u017e se v profesion\u00e1ln\u00edm pelotonu objev\u00ed hendikepovan\u00fd Ji\u0159\u00ed Je\u017eek, dost\u00e1v\u00e1 z\u00e1vod pro v\u011bt\u0161inu div\u00e1k\u016f i jin\u00fd rozm\u011br. &#8222;Jsem \u0161\u0165astn\u00fd, \u017ee jsem si sv\u00fdmi v\u00fdkony vybudoval tuto unik\u00e1tn\u00ed pozici mezi \u0161pi\u010dkov\u00fdmi profesion\u00e1ly. Mohu tak d\u00e1vat skv\u011bl\u00fd p\u0159\u00edklad, \u017ee pokud je v\u016fle a touha, lze p\u0159ekonat i zd\u00e1nliv\u011b nep\u0159ekonateln\u00e9 p\u0159ek\u00e1\u017eky! Nav\u00edc mi to d\u00e1v\u00e1 obrovsk\u00e9 sebev\u011bdom\u00ed pro nejvy\u0161\u0161\u00ed c\u00edle v paralympijsk\u00e9m pelotonu. Jsem vd\u011b\u010dn\u00fd v\u0161em, kte\u0159\u00ed mi pom\u00e1haj\u00ed d\u011blat cyklistiku na t\u00e9 nejvy\u0161\u0161\u00ed \u00farovni. A pokud t\u00edm mohu n\u011bkoho motivovat, d\u00e1v\u00e1 to m\u00e9mu sportu je\u0161t\u011b v\u011bt\u0161\u00ed smysl.&#8220;<br \/> Na mistrovstv\u00ed sv\u011bta hendikepovan\u00fdch by m\u011bl Ji\u0159\u00ed Je\u017eek pat\u0159it k nejv\u011bt\u0161\u00edm kandid\u00e1t\u016fm na nejvy\u0161\u0161\u00ed um\u00edst\u011bn\u00ed jak v dr\u00e1hov\u00fdch, tak i v silni\u010dn\u00edch discipl\u00edn\u00e1ch. A ur\u010dit\u011b bude silnou oporou st\u00e1le se rozr\u016fstaj\u00edc\u00edho a sv\u011btov\u011b velice \u00fasp\u011b\u0161n\u00e9ho reprezenta\u010dn\u00edho t\u00fdmu \u010cR. <\/p>\n<p> <img loading=\"lazy\" decoding=\"async\" src=\"\/wordpress\/image\/k_clankum\/cityrhede_stupne.jpg\" alt=\"\" border=\"0\" width=\"500\" height=\"329\"><br \/>Stupn\u011b v\u00edt\u011bz\u016f &#8211; 1. Andreas Kl\u00f6den (Astana), 2. Fabian Wegmann (Gerolsteiner), 3.Marcel Sieberg (Milram) a Ji\u0159\u00ed Je\u017eek<\/p>\n<p> <img loading=\"lazy\" decoding=\"async\" src=\"\/wordpress\/image\/k_clankum\/citirhede_didi1.jpg\" alt=\"\" border=\"0\" width=\"333\" height=\"500\"><br \/>Nejpopul\u00e1rn\u011bj\u0161\u00ed fanou\u0161ek z Tour de France &#8211; &#8222;\u010e\u00e1bel&#8220; Didi Senft<\/p>\n<p> <img loading=\"lazy\" decoding=\"async\" src=\"\/wordpress\/image\/k_clankum\/cityrhede01.jpg\" alt=\"\" border=\"0\" width=\"500\" height=\"313\"><br \/>City Nacht Rhede 2007<\/p>\n","protected":false},"excerpt":{"rendered":"<a href=\"https:\/\/www.caths.cz\/wordpress\/pred-ms-ladi-jezek-formu-mezi-profesionaly\/\"><img loading=\"lazy\" decoding=\"async\" width=\"100\" height=\"100\" src=\"https:\/\/www.caths.cz\/wordpress\/wp-content\/plugins\/thumbnail-for-excerpts\/tfe_no_thumb.png\" class=\"alignleft wp-post-image tfe\" alt=\"\" title=\"\" \/><\/a><p>P\u0159ed nadch\u00e1zej\u00edc\u00edm mistrovstv\u00edm sv\u011bta hendikepovan\u00fdch cyklist\u016f, kter\u00e9 za\u010d\u00edn\u00e1 19.srpna ve francouzsk\u00e9m Bordeaux ukazuje Ji\u0159\u00ed Je\u017eek slibnou formu. Po celkov\u00e9m v\u00edt\u011bzstv\u00ed v leto\u0161n\u00edm Evropsk\u00e9m poh\u00e1ru se v posledn\u00ed f\u00e1zi p\u0159\u00edpravy z\u00fa\u010dastnil [&hellip;]<\/p>\n","protected":false},"author":1,"featured_media":0,"comment_status":"closed","ping_status":"closed","sticky":false,"template":"","format":"standard","meta":{"ngg_post_thumbnail":0,"footnotes":""},"categories":[2],"tags":[],"class_list":["post-484","post","type-post","status-publish","format-standard","hentry","category-cyklistika"],"_links":{"self":[{"href":"https:\/\/www.caths.cz\/wordpress\/wp-json\/wp\/v2\/posts\/484","targetHints":{"allow":["GET"]}}],"collection":[{"href":"https:\/\/www.caths.cz\/wordpress\/wp-json\/wp\/v2\/posts"}],"about":[{"href":"https:\/\/www.caths.cz\/wordpress\/wp-json\/wp\/v2\/types\/post"}],"author":[{"embeddable":true,"href":"https:\/\/www.caths.cz\/wordpress\/wp-json\/wp\/v2\/users\/1"}],"replies":[{"embeddable":true,"href":"https:\/\/www.caths.cz\/wordpress\/wp-json\/wp\/v2\/comments?post=484"}],"version-history":[{"count":0,"href":"https:\/\/www.caths.cz\/wordpress\/wp-json\/wp\/v2\/posts\/484\/revisions"}],"wp:attachment":[{"href":"https:\/\/www.caths.cz\/wordpress\/wp-json\/wp\/v2\/media?parent=484"}],"wp:term":[{"taxonomy":"category","embeddable":true,"href":"https:\/\/www.caths.cz\/wordpress\/wp-json\/wp\/v2\/categories?post=484"},{"taxonomy":"post_tag","embeddable":true,"href":"https:\/\/www.caths.cz\/wordpress\/wp-json\/wp\/v2\/tags?post=484"}],"curies":[{"name":"wp","href":"https:\/\/api.w.org\/{rel}","templated":true}]}}