{"id":483,"date":"2007-08-08T14:12:43","date_gmt":"2007-08-08T13:12:43","guid":{"rendered":"http:\/\/www.caths.cz\/wordpress\/?p=483"},"modified":"2007-08-08T14:12:43","modified_gmt":"2007-08-08T13:12:43","slug":"celkem-8-medaili-ziskala-ceska-reprezentace-telesne-handicapovanych-cyklistu-ve-finale-ep-na-slovensku","status":"publish","type":"post","link":"https:\/\/www.caths.cz\/wordpress\/celkem-8-medaili-ziskala-ceska-reprezentace-telesne-handicapovanych-cyklistu-ve-finale-ep-na-slovensku\/","title":{"rendered":"Celkem 8 medail\u00ed z\u00edskala \u010desk\u00e1 reprezentace t\u011blesn\u011b handicapovan\u00fdch cyklist\u016f ve fin\u00e1le EP na Slovensku"},"content":{"rendered":"<p align=\"justify\">N\u00e1dhern\u00e1 p\u0159\u00edrodn\u00ed kulisa Vr\u00e1tn\u00e9 doliny byla d\u011bji\u0161t\u011bm z\u00e1v\u011bre\u010dn\u00e9ho podniku EP handicapovan\u00fdch cyklist\u016f na Slovensku. Pro t\u00fdm \u010desk\u00e9 reprezentace t\u011blesn\u011b handicapovan\u00fdch cyklist\u016f to tak\u00e9 byl posledn\u00ed, z\u00e1v\u011bre\u010dn\u00fd test p\u0159ed bl\u00ed\u017e\u00edc\u00edm se MS ve francouzsk\u00e9m Bordeaux.<br \/>\nOsmi\u010dlenn\u00e1 skupina z\u00e1vodn\u00edk\u016f z\u00edskala postupn\u011b v sobotn\u00ed \u010dasovce a ned\u011bln\u00edm silni\u010dn\u00edm z\u00e1vod\u011b ve sv\u00fdch kategori\u00edch celkem 5 zlat\u00fdch medail\u00ed (Je\u017eek, Pipek, Kvasni\u010dka), 2 st\u0159\u00edbrn\u00e9 (Civi\u0161, Kvasni\u010dka) a 1 bronzovou (Civi\u0161).<\/p>\n<p align=\"justify\">N\u00e1dhern\u00e1 p\u0159\u00edrodn\u00ed kulisa Vr\u00e1tn\u00e9 doliny byla d\u011bji\u0161t\u011bm z\u00e1v\u011bre\u010dn\u00e9ho podniku EP handicapovan\u00fdch cyklist\u016f na Slovensku. Pro t\u00fdm \u010desk\u00e9 reprezentace t\u011blesn\u011b handicapovan\u00fdch cyklist\u016f to tak\u00e9 byl posledn\u00ed, z\u00e1v\u011bre\u010dn\u00fd test p\u0159ed bl\u00ed\u017e\u00edc\u00edm se MS ve francouzsk\u00e9m Bordeaux.<br \/> Osmi\u010dlenn\u00e1 skupina z\u00e1vodn\u00edk\u016f z\u00edskala postupn\u011b v sobotn\u00ed \u010dasovce a ned\u011bln\u00edm silni\u010dn\u00edm z\u00e1vod\u011b ve sv\u00fdch kategori\u00edch celkem 5 zlat\u00fdch medail\u00ed (Je\u017eek, Pipek, Kvasni\u010dka), 2 st\u0159\u00edbrn\u00e9 (Civi\u0161, Kvasni\u010dka) a 1 bronzovou (Civi\u0161).<br \/> Ve velik\u00e9m stylu letos z\u00e1vod\u00ed jeden z nejlep\u0161\u00edch handicapovan\u00fdch sportovc\u016f sv\u011bta, cyklista s podkolenn\u00ed amputac\u00ed, mistr sv\u011bta a paralympijsk\u00fd v\u00edt\u011bz Ji\u0159\u00ed Je\u017eek. Postupn\u011b letos vyhr\u00e1l Americk\u00fd poh\u00e1r v Montrealu, Sv\u011btov\u00fd poh\u00e1r v Manchesteru i Evropsk\u00fd poh\u00e1r.<br \/> Je velmi pozitivn\u00ed, \u017ee \u010cesk\u00fd t\u00fdm m\u00e1 ke st\u00e1lic\u00edm a \u00fa\u0159aduj\u00edc\u00edm mistr\u016fm sv\u011bta Ji\u0159\u00edmu Je\u017ekovi a Marcelovi Pipkovi i velmi mlad\u00e9 z\u00e1vodn\u00edky, kte\u0159\u00ed ji\u017e nyn\u00ed jsou v absolutn\u00ed sv\u011btov\u00e9 \u0161pi\u010dce, Tom\u00e1\u0161e Kvasni\u010dku a Radima Pavl\u00edka. <br \/> Velmi nad\u011bjn\u00fd, teprve 17 let\u00fd, Tom\u00e1\u0161 Kvasni\u010dka, syn slavn\u00e9ho cyklokrosa\u0159e a vicemistra sv\u011bta M\u00edly Kvasni\u010dky vstoupil letos do sv\u011bta sv\u011btov\u00e9 cyklistiky handicapovan\u00fdch ve velk\u00e9m stylu a je pro \u010deskou reprezentaci velik\u00fdm p\u0159\u00edslibem do budoucna. <br \/> V\u00fdborn\u011b jezd\u00ed i Radovan Civi\u0161, kter\u00fd z\u00e1vod\u00ed ve stejn\u00e9 kategorii jako Marcel Pipek se rychle zotavuje ze 14 denn\u00edho tr\u00e9ninkov\u00e9ho v\u00fdpadku.<br \/> Vynikaj\u00edc\u00ed formu potvrdili nejv\u011bt\u0161\u00ed esa reprezentace, Jirka Je\u017eek zv\u00edt\u011bzil po oba dny a stal se i celkov\u00fdm v\u00edt\u011bzem bez rozd\u00edlu kategori\u00ed, navzdory technick\u00fdm probl\u00e9m\u016fm s prot\u00e9zou v silni\u010dn\u00edm z\u00e1vod\u011b, kter\u00e9 jeho v\u00fdkon zna\u010dn\u011b limitovaly. Jirka se stal se tak\u00e9 celkov\u00fdm v\u00edt\u011bzem Evropsk\u00e9ho poh\u00e1ru. Marcel Pipek, z\u00e1vod\u00edc\u00ed na handbiku tak\u00e9 prok\u00e1zal, \u017ee bude v Bordeaux \u00fato\u010dit na pozice nejvy\u0161\u0161\u00ed.<\/p>\n<p> &#8220; V\u0161ichni z\u00e1vodn\u00edci jsou nyn\u00ed ve velmi n\u00e1ro\u010dn\u00e9 p\u0159\u00edpravn\u00e9 f\u00e1zi p\u0159ed MS. Maj\u00ed za sebou spole\u010dn\u00e9 soust\u0159ed\u011bn\u00ed, v minul\u00e9m t\u00fddnu absolvovali velmi \u00fasp\u011b\u0161n\u011b i p\u0159edposledn\u00ed podnik EP v n\u011bmeck\u00e9m Holzkirchenu a v\u0161e z pln\u00e9ho tr\u00e9ninku. V\u00fdsledky, kter\u00fdch dos\u00e1hli jsou tedy velice pozitivn\u00ed&#8220; \u0159\u00edk\u00e1 tren\u00e9r \u010desk\u00e9 reprezentace Viktor Zapletal<\/p>\n<p> V\u0161ichni reprezentanti se nyn\u00ed p\u0159ipravuj\u00ed spole\u010dn\u011b na dr\u00e1ze v Praze na T\u0159ebe\u0161\u00edn\u011b.<br \/> Absolvuj\u00ed jeden \u010di dva kontroln\u00ed z\u00e1vody a postupn\u011b se p\u0159esunou do d\u011bji\u0161t\u011b MS, kter\u00e9 za\u010d\u00edn\u00e1 17. srpna. Podle aktu\u00e1ln\u00edho celosv\u011btov\u00e9ho \u017eeb\u0159\u00ed\u010dku n\u00e1rod\u016f zauj\u00edm\u00e1 \u010desk\u00e1 reprezentace handicapovan\u00fdch cyklist\u016f vynikaj\u00edc\u00ed 5. m\u00edsto na sv\u011bt\u011b. V\u011b\u0159\u00edme, \u017ee na\u0161i reprezentanti pov\u011bst sv\u011btov\u00e9 cyklistick\u00e9 velmoci na bl\u00ed\u017e\u00edc\u00edm se MS v Bordeaux potvrd\u00ed.<\/p>\n<p> <BR><BR> <img loading=\"lazy\" decoding=\"async\" src=\"\/wordpress\/image\/k_clankum\/slovensko_07_012.jpg\" alt=\"\" border=\"0\" width=\"500\" height=\"375\"><BR><BR> <img loading=\"lazy\" decoding=\"async\" src=\"\/wordpress\/image\/k_clankum\/slovensko_07_024.jpg\" alt=\"\" border=\"0\" width=\"500\" height=\"375\"><BR><BR> <img loading=\"lazy\" decoding=\"async\" src=\"\/wordpress\/image\/k_clankum\/slovensko_07_031.jpg\" alt=\"\" border=\"0\" width=\"500\" height=\"375\"><BR><BR> <img loading=\"lazy\" decoding=\"async\" src=\"\/wordpress\/image\/k_clankum\/slovensko_07_036.jpg\" alt=\"\" border=\"0\" width=\"500\" height=\"375\"><\/p>\n","protected":false},"excerpt":{"rendered":"<a href=\"https:\/\/www.caths.cz\/wordpress\/celkem-8-medaili-ziskala-ceska-reprezentace-telesne-handicapovanych-cyklistu-ve-finale-ep-na-slovensku\/\"><img loading=\"lazy\" decoding=\"async\" width=\"100\" height=\"100\" src=\"https:\/\/www.caths.cz\/wordpress\/wp-content\/plugins\/thumbnail-for-excerpts\/tfe_no_thumb.png\" class=\"alignleft wp-post-image tfe\" alt=\"\" title=\"\" \/><\/a><p>N\u00e1dhern\u00e1 p\u0159\u00edrodn\u00ed kulisa Vr\u00e1tn\u00e9 doliny byla d\u011bji\u0161t\u011bm z\u00e1v\u011bre\u010dn\u00e9ho podniku EP handicapovan\u00fdch cyklist\u016f na Slovensku. Pro t\u00fdm \u010desk\u00e9 reprezentace t\u011blesn\u011b handicapovan\u00fdch cyklist\u016f to tak\u00e9 byl posledn\u00ed, z\u00e1v\u011bre\u010dn\u00fd test p\u0159ed bl\u00ed\u017e\u00edc\u00edm se [&hellip;]<\/p>\n","protected":false},"author":1,"featured_media":0,"comment_status":"closed","ping_status":"closed","sticky":false,"template":"","format":"standard","meta":{"ngg_post_thumbnail":0,"footnotes":""},"categories":[2],"tags":[],"class_list":["post-483","post","type-post","status-publish","format-standard","hentry","category-cyklistika"],"_links":{"self":[{"href":"https:\/\/www.caths.cz\/wordpress\/wp-json\/wp\/v2\/posts\/483","targetHints":{"allow":["GET"]}}],"collection":[{"href":"https:\/\/www.caths.cz\/wordpress\/wp-json\/wp\/v2\/posts"}],"about":[{"href":"https:\/\/www.caths.cz\/wordpress\/wp-json\/wp\/v2\/types\/post"}],"author":[{"embeddable":true,"href":"https:\/\/www.caths.cz\/wordpress\/wp-json\/wp\/v2\/users\/1"}],"replies":[{"embeddable":true,"href":"https:\/\/www.caths.cz\/wordpress\/wp-json\/wp\/v2\/comments?post=483"}],"version-history":[{"count":0,"href":"https:\/\/www.caths.cz\/wordpress\/wp-json\/wp\/v2\/posts\/483\/revisions"}],"wp:attachment":[{"href":"https:\/\/www.caths.cz\/wordpress\/wp-json\/wp\/v2\/media?parent=483"}],"wp:term":[{"taxonomy":"category","embeddable":true,"href":"https:\/\/www.caths.cz\/wordpress\/wp-json\/wp\/v2\/categories?post=483"},{"taxonomy":"post_tag","embeddable":true,"href":"https:\/\/www.caths.cz\/wordpress\/wp-json\/wp\/v2\/tags?post=483"}],"curies":[{"name":"wp","href":"https:\/\/api.w.org\/{rel}","templated":true}]}}