{"id":471,"date":"2007-03-28T19:52:32","date_gmt":"2007-03-28T18:52:32","guid":{"rendered":"http:\/\/www.caths.cz\/wordpress\/?p=471"},"modified":"2007-03-28T19:52:32","modified_gmt":"2007-03-28T18:52:32","slug":"soustredeni-telesne-handicapovanych-cyklistu-na-kypru","status":"publish","type":"post","link":"https:\/\/www.caths.cz\/wordpress\/soustredeni-telesne-handicapovanych-cyklistu-na-kypru\/","title":{"rendered":"Soust\u0159ed\u011bn\u00ed t\u011blesn\u011b handicapovan\u00fdch cyklist\u016f na Kypru."},"content":{"rendered":"<p align=\"justify\">Reprezenta\u010dn\u00ed t\u00fdm \u010cesk\u00e9 republiky t\u011blesn\u011b handicapovan\u00fdch cyklist\u016f je v t\u00e9to dob\u011b na soust\u0159ed\u011bn\u00ed na Kypru. \u010cesk\u00fd t\u00fdm p\u0159ijel na Kypr na pozv\u00e1n\u00ed starosty Limassolu a cel\u00fd pobyt je z\u00e1rove\u0148 i finan\u010dn\u011b podpo\u0159en vl\u00e1dou Kypru, kter\u00e1 tak podporuje p\u0159edn\u00ed sv\u011btov\u00e9 reprezenta\u010dn\u00ed a profesion\u00e1ln\u00ed cyklistick\u00e9 t\u00fdmy, ve snaze propagovat Kypr jako destinaci vhodnou pro cyklistiku. <\/p>\n<p align=\"justify\"><img loading=\"lazy\" decoding=\"async\" src=\"\/wordpress\/image\/k_clankum\/Kypr001.jpg\" alt=\"\" border=\"0\" width=\"480\" height=\"406\"> Na Kypru je neju\u017e\u0161\u00ed reprezenta\u010dn\u00ed &#8222;\u00e1\u010dko&#8220; ve slo\u017een\u00ed Ji\u0159\u00ed Je\u017eek, Ji\u0159\u00ed Kalousek, Petr Kocman a tren\u00e9r Viktor Zapletal. C\u00edlem soust\u0159ed\u011bn\u00ed je p\u0159edev\u0161\u00edm rozvoj z\u00e1v\u011bre\u010dn\u00e9 f\u00e1ze p\u0159\u00edpravn\u00e9ho tr\u00e9ninkov\u00e9ho obdob\u00ed, podle individu\u00e1ln\u00edch tr\u00e9ninkov\u00fdch pl\u00e1n\u016f reprezentant\u016f. <br \/> Sou\u010d\u00e1st\u00ed soust\u0159ed\u011bn\u00ed je i testov\u00e1n\u00ed nov\u00fdch v\u00fdrobk\u016f sponzor\u016f reprezenta\u010dn\u00edho t\u00fdmu. P\u0159edev\u0161\u00edm jde o v\u00fdrobky firmy NUTREND, kter\u00e1 je ofici\u00e1ln\u00edm sponzorem \u010cesk\u00e9 reprezentace pro speci\u00e1ln\u00ed v\u00fd\u017eivu cyklist\u016f. Cyklist\u00e9 maj\u00ed na Kypru mimo jin\u00e9 i nov\u00fd vylep\u0161en\u00fd produkt t\u00e9to firmy, iontov\u00fd n\u00e1poj Isodrinx, d\u00e1le regenera\u010dn\u00ed produkt Regener a celou \u0159adu dal\u0161\u00edch v\u00fdrobk\u016f, kter\u00e9 na\u0161i reprezentanti p\u0159i p\u0159\u00edprav\u011b pou\u017e\u00edvaj\u00ed.<br \/> Reprezentace je d\u00e1le vybavena v\u00fdrobky firmy OK BAG, kter\u00e1 pro reprezenta\u010dn\u00ed t\u00fdm \u0161ije sportovn\u00ed ta\u0161ky, batohy, obaly kol a speci\u00e1ln\u00ed ta\u0161ky pro p\u0159epravu kol v letadle. Firma OK BAG tak\u00e9 dod\u00e1v\u00e1 reprezentant\u016fm civiln\u00ed oble\u010den\u00ed.<br \/> Dal\u0161\u00edm v\u00fdznamn\u00fdm sponzorem a partnerem reprezenta\u010dn\u00edho t\u00fdmu je sv\u011btov\u011b zn\u00e1m\u00e1 firma MICHELIN. \u010cesk\u00e1 reprezentace uzav\u0159ela dlouhodobou smlouvu o spolupr\u00e1ci s touto nadn\u00e1rodn\u00ed spole\u010dnost\u00ed zastoupenou pro \u010ceskou republiku panem Jaroslavem \u017ditn\u00fdm. Cyklist\u00e9 nyn\u00ed testuj\u00ed super lehk\u00e9 pl\u00e1\u0161t\u011b Michelin Pro Race light a jejich (p\u0159edev\u0161\u00edm horsk\u00e1 kola) budou vybavena komponenty SRAM, AVID, TRUVATIV USA, ROCK &#8211; SHOCX, kter\u00e9 ofici\u00e1ln\u00ed z\u00e1stupce firmy Michelin v \u010cesk\u00e9 republice zastupuje.<br \/><img loading=\"lazy\" decoding=\"async\" src=\"\/wordpress\/image\/k_clankum\/Kypr002.jpg\" alt=\"\" border=\"0\" width=\"480\" height=\"309\"> Ji\u0159\u00ed Je\u017eek d\u00e1le testuje &#8222;chytrou krabi\u010dku&#8220;, kter\u00e1 se jmenuje ERGOMO, co\u017e je nejmodern\u011bj\u0161\u00ed metoda tr\u00e9ninku profesion\u00e1l\u016f. Za\u0159\u00edzen\u00ed sn\u00edm\u00e1, mimo b\u011b\u017en\u00fdch funkc\u00ed jako je tepov\u00e1 frekvence, kadence ot\u00e1\u010dek, teplota, v\u00fd\u0161ka, rychlost, p\u0159edev\u0161\u00edm silovou z\u00e1t\u011b\u017e ve WATTECH, tak\u017ee cyklista neust\u00e1le v\u00ed, jakou silou \u0161lape. Pro cyklistu s handicapem je toto nesm\u00edrn\u011b p\u0159\u00ednosn\u00e9, umo\u017e\u0148uje n\u00e1m to kompenzovat ztr\u00e1ty dan\u00e9 posti\u017een\u00edm kon\u010detiny a zefektivnit pr\u00e1ci nohou. Za\u0159\u00edzen\u00edm ERGOMO bude postupn\u011b vybaven cel\u00fd reprezenta\u010dn\u00ed t\u00fdm.<br \/> Ji\u0159\u00ed Je\u017eek m\u00e1 tak\u00e9 nov\u00fd r\u00e1m od firmy DURATEC s revolu\u010dn\u00edm \u0159e\u0161en\u00edm zadn\u00ed stavby, kter\u00e1 je zhotovena z kombinace karbonu a hlin\u00edku. <br \/> Samoz\u0159ejmost\u00ed je osazen\u00ed kol sadou DURA &#8211; ACE pro rok 2007 od firmy SHIMANO.<br \/> Soust\u0159ed\u011bn\u00ed p\u0159\u00edmo navazuje na dal\u0161\u00ed p\u0159edz\u00e1vodn\u00ed a z\u00e1vodn\u00ed p\u0159\u00edpravu reprezentant\u016f. Ji\u0159\u00ed Je\u017eek se ihned po n\u00e1vratu utk\u00e1 s kompletn\u00ed profesion\u00e1ln\u00ed \u0161pi\u010dkou v presti\u017en\u00edm z\u00e1vod\u011b \u010cesk\u00e9ho poh\u00e1ru Brno &#8211; Velk\u00e1 B\u00edte\u0161 &#8211; Brno. Z\u00e1vod v\u0161ak pojede z pln\u00e9ho tr\u00e9ninku, prvn\u00edm v\u00fdznamn\u00fdm z\u00e1vodn\u00edm c\u00edlem Ji\u0159\u00edho Je\u017eka bude SP v Manchesteru, kde, pokud bude cht\u00edt pom\u00fd\u0161let na p\u0159edn\u00ed um\u00edst\u011bn\u00ed, mus\u00ed atakovat hranici sv\u011btov\u00e9ho rekordu. Cyklistika t\u011blesn\u011b handicapovan\u00fdch se velmi rychle zprofesionalizovala, z\u00e1vodn\u00edci se rozd\u011blili na specialisty pro dr\u00e1hu a silnici. N\u00e1\u0161 \u00fa\u0159aduj\u00edc\u00ed mistr sv\u011bta v \u010dasovce je jedn\u00edm z m\u00e1la sv\u011btov\u00fdch cyklist\u016f, kte\u0159\u00ed jsou schopni bojovat o p\u0159edn\u00ed um\u00edst\u011bn\u00ed jak na dr\u00e1ze, silnici nebo horsk\u00fdch kolech. <\/p>\n","protected":false},"excerpt":{"rendered":"<a href=\"https:\/\/www.caths.cz\/wordpress\/soustredeni-telesne-handicapovanych-cyklistu-na-kypru\/\"><img loading=\"lazy\" decoding=\"async\" width=\"100\" height=\"100\" src=\"https:\/\/www.caths.cz\/wordpress\/wp-content\/plugins\/thumbnail-for-excerpts\/tfe_no_thumb.png\" class=\"alignleft wp-post-image tfe\" alt=\"\" title=\"\" \/><\/a><p>Reprezenta\u010dn\u00ed t\u00fdm \u010cesk\u00e9 republiky t\u011blesn\u011b handicapovan\u00fdch cyklist\u016f je v t\u00e9to dob\u011b na soust\u0159ed\u011bn\u00ed na Kypru. \u010cesk\u00fd t\u00fdm p\u0159ijel na Kypr na pozv\u00e1n\u00ed starosty Limassolu a cel\u00fd pobyt je z\u00e1rove\u0148 i [&hellip;]<\/p>\n","protected":false},"author":1,"featured_media":0,"comment_status":"closed","ping_status":"closed","sticky":false,"template":"","format":"standard","meta":{"ngg_post_thumbnail":0,"footnotes":""},"categories":[2],"tags":[],"class_list":["post-471","post","type-post","status-publish","format-standard","hentry","category-cyklistika"],"_links":{"self":[{"href":"https:\/\/www.caths.cz\/wordpress\/wp-json\/wp\/v2\/posts\/471","targetHints":{"allow":["GET"]}}],"collection":[{"href":"https:\/\/www.caths.cz\/wordpress\/wp-json\/wp\/v2\/posts"}],"about":[{"href":"https:\/\/www.caths.cz\/wordpress\/wp-json\/wp\/v2\/types\/post"}],"author":[{"embeddable":true,"href":"https:\/\/www.caths.cz\/wordpress\/wp-json\/wp\/v2\/users\/1"}],"replies":[{"embeddable":true,"href":"https:\/\/www.caths.cz\/wordpress\/wp-json\/wp\/v2\/comments?post=471"}],"version-history":[{"count":0,"href":"https:\/\/www.caths.cz\/wordpress\/wp-json\/wp\/v2\/posts\/471\/revisions"}],"wp:attachment":[{"href":"https:\/\/www.caths.cz\/wordpress\/wp-json\/wp\/v2\/media?parent=471"}],"wp:term":[{"taxonomy":"category","embeddable":true,"href":"https:\/\/www.caths.cz\/wordpress\/wp-json\/wp\/v2\/categories?post=471"},{"taxonomy":"post_tag","embeddable":true,"href":"https:\/\/www.caths.cz\/wordpress\/wp-json\/wp\/v2\/tags?post=471"}],"curies":[{"name":"wp","href":"https:\/\/api.w.org\/{rel}","templated":true}]}}