{"id":470,"date":"2007-02-22T09:08:05","date_gmt":"2007-02-22T08:08:05","guid":{"rendered":"http:\/\/www.caths.cz\/wordpress\/?p=470"},"modified":"2007-02-22T09:08:05","modified_gmt":"2007-02-22T08:08:05","slug":"pozdrav-z-dominikanske-republiky-jirka-jezek","status":"publish","type":"post","link":"https:\/\/www.caths.cz\/wordpress\/pozdrav-z-dominikanske-republiky-jirka-jezek\/","title":{"rendered":"Pozdrav z Dominik\u00e1nsk\u00e9 republiky. (Jirka Je\u017eek)"},"content":{"rendered":"<p align=\"justify\">28.ro\u010dn\u00edk cyklistick\u00e9ho etapov\u00e9ho z\u00e1vodu Vuelta Independencia Republica Dominicana je t\u011bsn\u011b p\u0159ede mnou a za mnou pak dev\u00edtidenn\u00ed tr\u00e9ninkov\u00fd p\u0159\u00edpravn\u00fd pobyt v tomto &#8222;karibsk\u00e9m r\u00e1ji&#8220;. Zn\u00ed to asi exoticky, ale v\u011b\u0159te, \u017ee nen\u00ed o co st\u00e1t. <\/p>\n<p align=\"justify\">Tedy pokud sem nechcete p\u0159ijet jako j\u00e1, pouze s c\u00edlem tr\u00e9novat, j\u00edst a sp\u00e1t. Dominik\u00e1nsk\u00e1 republika je toti\u017e v\u0161echno, jen ne to, co si v\u011bt\u0161ina lid\u00ed p\u0159edstavuje. Samoz\u0159ejm\u011b tady najdete kokosov\u00e9 palmy nahnut\u00e9 nad pl\u00e1\u017e\u00ed z b\u00edl\u00e9ho p\u00edsku, ale to pouze v upraven\u00fdch hotelov\u00fdch resortech, kde host najde \u00fapln\u011b v\u0161echno, aby nemusel are\u00e1l resortu po celou dobu dovolen\u00e9 v\u016fbec opustit. Je to jedna z nej\u0161pinav\u011bj\u0161\u00edch a nejchud\u0161\u00edch zem\u00ed, co zn\u00e1m. Ale nejsem tu na dovolen\u00e9, ukl\u00edzet jim nebudu a chudobu asi tak\u00e9 nevy\u0159e\u0161\u00edm\u2026<\/p>\n<p> Tohoto desetidenn\u00edho etapov\u00e9ho z\u00e1vodu se letos \u00fa\u010dastn\u00edm ji\u017e po t\u0159et\u00ed. Vuelta Independencia (obdoba na\u0161eho Z\u00e1vodu M\u00edru) je sportovn\u00ed oslavou nez\u00e1vislosti zem\u011b, jedn\u00edm z nejdel\u0161\u00edch a nejv\u00fdznamn\u011bj\u0161\u00edch cyklistick\u00fdch z\u00e1vod\u016f ve St\u0159edn\u00ed Americe a pro m\u011b skv\u011blou p\u0159\u00edpravou na sez\u00f3nu. Mezi 130 profesion\u00e1ly z USA, Francie, \u0160pan\u011blska, Venezuely, Ekvadoru, Kolumbie a tak\u00e9 \u0161esti dom\u00e1c\u00edch t\u00fdm\u016f m\u00e1m &#8222;tvrd\u00fd chleb\u00ed\u010dek&#8220;, ale je to zku\u0161enost k nezaplacen\u00ed. <\/p>\n<p> Pravideln\u011b zde startuji v nejlep\u0161\u00edm m\u00edstn\u00edm t\u00fdmu Aro y Pedal, jeho\u017e majitelem je \u0159editel z\u00e1vodu a prezident cyklistick\u00e9 federace Dominik\u00e1nsk\u00e9 republiky, Juan Luis Rodriguez. Pr\u00e1v\u011b on mne p\u0159ed t\u0159emi lety do z\u00e1vodu pozval, stali jsme se velice bl\u00edzk\u00fdmi p\u0159\u00e1teli a t\u00e9m\u011b\u0159 rodinou. P\u0159ed z\u00e1vodem m\u00e1m mo\u017enost bydlet u nich, tak\u017ee se mohu deset dn\u00ed zaklimatizovat (p\u0159eci jen je to teplotn\u00ed, kulturn\u00ed a i jazykov\u00fd \u0161ok, a to i po t\u0159ech letech\u2026), n\u011bco natr\u00e9novat a p\u0159ipravit se tak na deset dn\u00ed d\u0159iny. Samoz\u0159ejm\u011b zde nejedu na v\u00fdsledek, to by bylo troufal\u00e9, ale sp\u00ed\u0161 se sna\u017e\u00edm z\u00e1vod se ct\u00ed dokon\u010dit, pomoci t\u00fdmu v jednotliv\u00fdch etap\u00e1ch (vozit vodu, j\u00eddlo, pom\u00e1hat sj\u00ed\u017ed\u011bt \u00faniky, vr\u00e1tit l\u00eddra t\u00fdmu po defektu zp\u011bt do skupiny, nebo s\u00e1m za\u00fato\u010dit, aby museli pracovat jin\u00ed). Je to takov\u00e1 ta \u010dern\u00e1 cyklistick\u00e1 pr\u00e1ce, ale j\u00e1 to m\u00e1m r\u00e1d, m\u00e1m zku\u0161enosti a hlavn\u011b si spln\u00edm \u00fakoly a pak jen etapu dokon\u010d\u00edm, co\u017e je pro z\u00e1vod bran\u00fd tr\u00e9ninkov\u011b ide\u00e1ln\u00ed. Nav\u00edc, d\u00edky t\u00e9 noze, p\u016fsob\u00edm jako velk\u00e1 atrakce z\u00e1vodu. Po ka\u017ed\u00e9 etap\u011b mne vyhla\u0161uj\u00ed spolu s v\u00edt\u011bzi a majiteli jednotliv\u00fdch trikot\u016f a m\u00edstn\u00ed politici se se mnou r\u00e1di vyfotografuj\u00ed. Setkal jsem se jednou dokonce i s prezidentem. Ji\u017e t\u00fdden p\u0159ed z\u00e1vodem absolvuji r\u016fzn\u00e9 tiskovky a rozhovory v televizi a to m\u011b pak lid\u00e9 zastavuj\u00ed na tr\u00e9ninku, jestli jsem to j\u00e1, p\u0159ej\u00ed \u0161t\u011bst\u00ed a to je p\u0159\u00edjemn\u00e9! V\u011bt\u0161\u00ed radost m\u00e1m ale z toho, \u017ee se mi poda\u0159ilo motivovat jednoho hendikepovan\u00e9ho kluka a snad by m\u011bl u\u017e letos jet z\u00e1vod tak\u00e9. T\u0159eba jsem t\u00edm pomohl zalo\u017eit &#8222;paralympijskou cyklistiku v Dominik\u00e1nsk\u00e9 republice :&#8220;!<\/p>\n<p> Z\u00e1vod je s\u00e1m o sob\u011b docela n\u00e1ro\u010dn\u00fd. P\u0159i rovinat\u00fdch etap\u00e1ch dost fouk\u00e1, kopce jsou tady docela prudk\u00e9 a hlavn\u011b silnice nic moc. Ubytov\u00e1n\u00ed a strava v chud\u00e9m vnitrozem\u00ed je tragick\u00e1, nav\u00edc se po\u0159\u00e1d na n\u011bco \u010dek\u00e1, tak\u017ee po n\u00e1ro\u010dn\u00e9 etap\u011b se dostanete na &#8222;hotel&#8220; t\u0159eba i za p\u011bt hodin\u2026 A do t\u00e9 doby sed\u00edte na chodn\u00edku, v aut\u011b nebo ve \u0161pinav\u00e9 \u0161koln\u00ed j\u00eddeln\u011b a \u010dek\u00e1te, a\u017e v\u00e1m \u0159eknou, kam se m\u016f\u017eete jet ubytovat. Pro regeneraci nic moc, ale je to pro v\u0161echny stejn\u00e9. M\u00edstn\u00ed to ne\u0159e\u0161\u00ed, ale t\u00fdmy z Evropy nebo USA jsou \u010dasto hodn\u011b nervn\u00ed (i j\u00e1, i kdy\u017e to u\u017e zn\u00e1m, tak unaven\u00e9mu po etap\u011b ob\u010das nervy p\u0159ete\u010dou &#8211; ale \u010dlov\u011bk si stejn\u011b nepom\u016f\u017ee). Je\u0161t\u011b \u017ee o m\u011b pe\u010duje So\u0148a, s\u00e1m bych to asi nezvl\u00e1dl. <\/p>\n<p> Tra\u0165 z\u00e1vodu je prakticky ka\u017ed\u00fd rok stejn\u00e1, tak zhruba v\u00edm do \u010deho jdu. Jen m\u00e1 b\u00fdt letos v\u011bt\u0161\u00ed konkurence, tak uvid\u00edme. A kdy\u017e to nep\u016fjde, hlavu mi neutrhnou !<\/p>\n<p> <\/p>\n<table>\n<caption>PROGRAMA XXVIII VUELTA INDEPENDENCIA NACIONAL 2007<\/caption>\n<tr>\n<td>1 <\/td>\n<td> 23 febrero 18 hrs Prologo Santo Domingo <\/td>\n<td> 1km<\/td>\n<\/tr>\n<tr>\n<td>2 <\/td>\n<td> 24 febrero 10 hrs Santo Domingo &#8211; la Romana <\/td>\n<td> 114km<\/td>\n<\/tr>\n<tr>\n<td>3 <\/td>\n<td> 25 febrero 10 hrs San Pedro &#8211; Santo Domingo <\/td>\n<td> 135km<\/td>\n<\/tr>\n<tr>\n<td>4 <\/td>\n<td> 26 febrero 10 hrs San Cristobal &#8211; Barahona <\/td>\n<td> 164km<\/td>\n<\/tr>\n<tr>\n<td>5 <\/td>\n<td> 27 febrero 10 hrs Barahona &#8211; Bani <\/td>\n<td> 127km<\/td>\n<\/tr>\n<tr>\n<td>6 <\/td>\n<td> 28 febrero 9:30 hrs Santo Domingo &#8211; Bonao <\/td>\n<td> 80km<\/td>\n<\/tr \n\n<tr>\n<td>7 <\/td>\n<td> 28 febrero 14:30 hrs Bonao &#8211; San Francisco <\/td>\n<td> 90km<\/td>\n<\/tr \n\n<tr>\n<td>8 <\/td>\n<td> 1 marzo 10 hrs Moca &#8211; Mao <\/td>\n<td> 132km<\/td>\n<\/tr \n\n<tr>\n<td>9 <\/td>\n<td> 2 marzo 10 hrs Santiago &#8211; Jarabacoa <\/td>\n<td> 93km<\/td>\n<\/tr \n\n<tr>\n<td>10 <\/td>\n<td> 3 marzo 9:30 hrs La Vega &#8211; Santo Domingo <\/td>\n<td> 115km<\/td>\n<\/tr \n\n<tr>\n<td>11 <\/td>\n<td> 3 marzo 15:30 hrs CRI Santo Domingo <\/td>\n<td> 14km<\/td>\n<\/tr \n\n<tr>\n<td>12 <\/td>\n<td> 4 marzo 10 hrs Circuito Quinto Centenario <\/td>\n<td> 120km<\/td>\n<\/tr <\/table>\n","protected":false},"excerpt":{"rendered":"<a href=\"https:\/\/www.caths.cz\/wordpress\/pozdrav-z-dominikanske-republiky-jirka-jezek\/\"><img loading=\"lazy\" decoding=\"async\" width=\"100\" height=\"100\" src=\"https:\/\/www.caths.cz\/wordpress\/wp-content\/plugins\/thumbnail-for-excerpts\/tfe_no_thumb.png\" class=\"alignleft wp-post-image tfe\" alt=\"\" title=\"\" \/><\/a><p>28.ro\u010dn\u00edk cyklistick\u00e9ho etapov\u00e9ho z\u00e1vodu Vuelta Independencia Republica Dominicana je t\u011bsn\u011b p\u0159ede mnou a za mnou pak dev\u00edtidenn\u00ed tr\u00e9ninkov\u00fd p\u0159\u00edpravn\u00fd pobyt v tomto &#8222;karibsk\u00e9m r\u00e1ji&#8220;. Zn\u00ed to asi exoticky, ale v\u011b\u0159te, [&hellip;]<\/p>\n","protected":false},"author":1,"featured_media":0,"comment_status":"closed","ping_status":"closed","sticky":false,"template":"","format":"standard","meta":{"ngg_post_thumbnail":0,"footnotes":""},"categories":[2],"tags":[],"class_list":["post-470","post","type-post","status-publish","format-standard","hentry","category-cyklistika"],"_links":{"self":[{"href":"https:\/\/www.caths.cz\/wordpress\/wp-json\/wp\/v2\/posts\/470","targetHints":{"allow":["GET"]}}],"collection":[{"href":"https:\/\/www.caths.cz\/wordpress\/wp-json\/wp\/v2\/posts"}],"about":[{"href":"https:\/\/www.caths.cz\/wordpress\/wp-json\/wp\/v2\/types\/post"}],"author":[{"embeddable":true,"href":"https:\/\/www.caths.cz\/wordpress\/wp-json\/wp\/v2\/users\/1"}],"replies":[{"embeddable":true,"href":"https:\/\/www.caths.cz\/wordpress\/wp-json\/wp\/v2\/comments?post=470"}],"version-history":[{"count":0,"href":"https:\/\/www.caths.cz\/wordpress\/wp-json\/wp\/v2\/posts\/470\/revisions"}],"wp:attachment":[{"href":"https:\/\/www.caths.cz\/wordpress\/wp-json\/wp\/v2\/media?parent=470"}],"wp:term":[{"taxonomy":"category","embeddable":true,"href":"https:\/\/www.caths.cz\/wordpress\/wp-json\/wp\/v2\/categories?post=470"},{"taxonomy":"post_tag","embeddable":true,"href":"https:\/\/www.caths.cz\/wordpress\/wp-json\/wp\/v2\/tags?post=470"}],"curies":[{"name":"wp","href":"https:\/\/api.w.org\/{rel}","templated":true}]}}