{"id":468,"date":"2006-12-05T13:02:32","date_gmt":"2006-12-05T12:02:32","guid":{"rendered":"http:\/\/www.caths.cz\/wordpress\/?p=468"},"modified":"2006-12-05T13:02:32","modified_gmt":"2006-12-05T12:02:32","slug":"denik-jirky-jezka-z-australie","status":"publish","type":"post","link":"https:\/\/www.caths.cz\/wordpress\/denik-jirky-jezka-z-australie\/","title":{"rendered":"Den\u00edk Jirky Je\u017eka z Austr\u00e1lie"},"content":{"rendered":"<p>T\u0159\u00edd\u00edln\u00fd den\u00edk Ji\u0159\u00edho Je\u017eka ze zimn\u00edho pobytu v Austr\u00e1lii a na Tasm\u00e1nii<\/p>\n<p align=\"justify\"> \u010c\u00c1ST PRVN\u00cd<\/p>\n<p> Mil\u00ed p\u0159\u00e1tel\u00e9,<br \/> m\u00e1m za sebou prvn\u00ed z\u00e1vod leto\u0161n\u00ed \u201eaustralsk\u00e9 mise\u201c.<br \/> Po p\u00e1te\u010dn\u00edm p\u0159\u00edletu a v\u010derej\u0161\u00edm tr\u00e9ninku (2&#215;60&nbsp;km) byl dne\u0161n\u00ed start na \u201eSouthBank Grand Prix\u201c (krit\u00e9rium na 40&nbsp;min+3&nbsp;kola) docela troufalost. Ale zvl\u00e1dl jsem to nad o\u010dek\u00e1v\u00e1n\u00ed dob\u0159e. A\u017e na hromadn\u00fd p\u00e1d v posledn\u00edm kole, kter\u00e9mu jsem se z\u00e1zra\u010dn\u011b vyhnul, ale jeden ze z\u00e1vodn\u00edk\u016f mi p\u0159i tom \u201evstoupil\u201c do p\u0159edn\u00edho kola\u2026 Tak\u017ee jsem sice dojel do c\u00edle, ale t\u00e9m\u011b\u0159 \u201epo zadn\u00edm\u201c. Z p\u0159edn\u00edho kola m\u00e1m kvalitn\u00ed osmi\u010dku, tak\u017ee m\u00edstn\u00ed mechanik bude m\u00edt cel\u00fd t\u00fdden co d\u011blat\u2026 Nav\u00edc cestou zp\u00e1tky ze z\u00e1vod\u016f (jel jsem samoz\u0159ejm\u011b na kole), jsem trochu zabloudil a m\u00edsto 80&nbsp;km jsem najel 120&nbsp;km, v protiv\u011btru a pr\u016ftr\u017ei mra\u010den\u2026 Kdy\u017e se da\u0159\u00ed, tak se da\u0159\u00ed\u2026 Ale m\u00e1m z toho docela dobr\u00fd pocit, jsou to u\u017e dva m\u011bs\u00edce od posledn\u00edho z\u00e1vodu a na to se mi jelo docela dob\u0159e. Tak ten tr\u00e9nink v listopadov\u00fdch pl\u00edskanic\u00edch nebyl marn\u00fd\u2026 Te\u010f m\u011b \u010dek\u00e1 t\u00fdden tr\u00e9ninku a v ned\u011bli dal\u0161\u00ed podobn\u00fd z\u00e1vod, teda douf\u00e1m, \u017ee ne podobn\u00fd pr\u016fb\u011bhem\u2026 Jinak je to tu skv\u011bl\u00e9 a v\u0161ichni jsou na n\u00e1s stra\u0161n\u011b mil\u00ed.<br \/> M\u011bjte se fajn a j\u00e1 se zas brzy ozvu!<br \/> Z ji\u017en\u00ed polokoule, pro sv\u00e9 p\u0159\u00e1tele,<br \/> Jirka Je\u017eek<\/p>\n<p> \u010c\u00c1ST DRUH\u00c1<\/p>\n<p> Mil\u00ed p\u0159\u00e1tel\u00e9,<br \/> M\u00e1m za sebou druh\u00fd z\u00e1vod a hlavn\u011b n\u00e1ro\u010dn\u00fd tr\u00e9ninkov\u00fd t\u00fdden. D\u00edky skv\u011bl\u00e9mu po\u010das\u00ed (tedy, a\u017e na ten v\u00edtr) se mi da\u0159\u00ed plnit tr\u00e9ninkov\u00fd pl\u00e1n na 100% (sp\u00ed\u0161 na 150%:)).<br \/> Proto\u017ee tady slunce vych\u00e1z\u00ed ji\u017e okolo \u010dtvrt\u00e9, vyj\u00ed\u017ed\u00edm ka\u017ed\u00fd den brzy r\u00e1no mezi \u0161estou a sedmou hodinou na stokilometrov\u00fd tr\u00e9nink a odpoledne p\u0159id\u00e1v\u00e1m je\u0161t\u011b dal\u0161\u00ed hodinku p\u0159ed setm\u011bn\u00edm, kter\u00e9 nast\u00e1v\u00e1 okolo \u0161est\u00e9 hodiny. Queensland toti\u017e jako jedin\u00fd st\u00e1t v Austr\u00e1lii nem\u00e1 zaveden letn\u00ed \u010das, ale zvyknout se na to d\u00e1 rychle, o to d\u0159\u00edv zas chod\u00edm sp\u00e1t. Tr\u00e9nuji v\u011bt\u0161inou s\u00e1m, pouze s p\u0159\u00edjemnou hudbou v p\u0159ehr\u00e1va\u010di, ale ob\u010das mi tr\u00e9nink zpest\u0159\u00ed spole\u010dnost nejlep\u0161\u00edch australsk\u00fdch profesion\u00e1l\u016f, kte\u0159\u00ed jsou zde na dva m\u011bs\u00edce z Evropy doma. Jeden z nejlep\u0161\u00edch cyklist\u016f sv\u011bta &#8211; Robbie McEwan &#8211; bydl\u00ed o dva domy vedle n\u00e1s, a pr\u00e1v\u011b p\u0159ed jeho domem ka\u017ed\u00e9 r\u00e1no za\u010d\u00edn\u00e1 spole\u010dn\u00fd tr\u00e9nink, tak\u017ee toho vyu\u017e\u00edv\u00e1m a ob\u010das s nimi vyraz\u00edm, ale o tom zase p\u0159\u00ed\u0161t\u011b.<br \/> V ned\u011bli jsem absolvoval sv\u016fj druh\u00fd z\u00e1vod, kter\u00fd se odehr\u00e1l na zhruba kilometrov\u00e9m okruhu v centru australsk\u00e9ho pr\u00e1zdninov\u00e9ho st\u0159ediska Surfers Paradise. Spolu s minul\u00fdm z\u00e1vodem je \u201eSurfers Paradise Grand Prix\u201c nejv\u00fdznamn\u011bj\u0161\u00ed krit\u00e9rium sez\u00f3ny. Atraktivn\u00ed je nejen finan\u010dn\u00edmi odm\u011bnami, ale tak\u00e9 po\u010dtem div\u00e1k\u016f, kte\u0159\u00ed v t\u00e9to lokalit\u011b v sam\u00e9m srdci pl\u00e1\u017eov\u00e9ho \u017eivota na chv\u00edli odlo\u017e\u00ed surf, \u010di pivo a vytvo\u0159\u00ed skv\u011blou atmosf\u00e9ru.<br \/> Bohu\u017eel hned jak jsem si tra\u0165 projel, bylo mi jasn\u00e9, \u017ee to asi nebude ono :). P\u0159esn\u011b to, co mi v cyklistice nevyhovuje. \u00dazk\u00e1 tra\u0165 s ostr\u00fdmi zat\u00e1\u010dkami, nerovn\u00fd povrch p\u011b\u0161\u00ed z\u00f3ny a hlavn\u011b neust\u00e1l\u00e9 br\u017ed\u011bn\u00ed a rozj\u00ed\u017ed\u011bn\u00ed na maximum. Tam mi ta noha chyb\u00ed nejv\u00edc\u2026 A kdy\u017e m\u00e1te soupe\u0159it s 65 \u201edvounoh\u00fdmi\u201c z\u00e1vodn\u00edky, z nich\u017e 20 m\u00e1 zku\u0161enosti z Tour de France, kde b\u011b\u017en\u011b vyhr\u00e1vaj\u00ed etapy, je to asi p\u0159edem dan\u00e9. Ale nebylo to t\u011b\u017ek\u00e9 jen pro m\u011b. U\u017e po p\u011bti minut\u00e1ch hodinov\u00e9ho z\u00e1vodu odpadlo minim\u00e1ln\u011b deset z\u00e1vodn\u00edk\u016f. Bylo to zb\u011bsil\u00e9. Kdo nebyl vp\u0159edu (tak do patn\u00e1ct\u00e9 pozice) nem\u011bl \u0161anci. Dr\u017eel jsem se zuby-nehty, ale po p\u00e1du n\u011bkolika z\u00e1vodn\u00edk\u016f p\u0159ede mnou, a neust\u00e1l\u00e9m obj\u00ed\u017ed\u011bn\u00ed odpadl\u00edk\u016f, jsem nakonec p\u0159ed polovinou z\u00e1vodu ztratil kontakt. To u\u017e n\u00e1s bylo asi jen 25. Pak jsem je\u0161t\u011b p\u011bt okruh\u016f krou\u017eil za pro\u0159\u00eddl\u00fdm pelotonem, aby si to moje tr\u00e1pen\u00ed div\u00e1ci \u0159\u00e1dn\u011b vychutnali. Ti byli opravdu skv\u011bl\u00ed. D\u00edky jejich podpo\u0159e a uznal\u00e9mu potlesku mi ani nebylo l\u00edto, \u017ee jsem nedojel. Mysl\u00edm, \u017ee v\u0161ichni byli p\u0159ekvapeni, jak dlouho jsem tam vydr\u017eel. A to m\u011b bav\u00ed :)!<br \/> Tento t\u00fdden budu pokra\u010dovat v tr\u00e9ninku zhruba stejn\u011b jako dosud. V ned\u011bli bych m\u011bl jet je\u0161t\u011b jeden podobn\u00fd z\u00e1vod a pak 18.12. odl\u00e9t\u00e1me na Tasm\u00e1nii, kde mi za\u010d\u00edn\u00e1 tradi\u010dn\u00ed v\u00e1no\u010dn\u00ed seri\u00e1l dr\u00e1hov\u00fdch z\u00e1vod\u016f. Ale do t\u00e9 doby se ur\u010dit\u011b ozvu.<br \/> M\u011bjte se kr\u00e1sn\u011b a vyvarujte se p\u0159edv\u00e1no\u010dn\u00edho stresu!!!<\/p>\n<p> \u010c\u00c1ST T\u0158ET\u00cd<\/p>\n<p> Mil\u00ed p\u0159\u00e1tel\u00e9!<br \/> Tak je ned\u011ble a z\u00edtra n\u00e1m kon\u010d\u00ed pobyt v surfa\u0159sk\u00e9m r\u00e1ji Gold Coast a p\u0159esouv\u00e1me se na Tasm\u00e1nii. Hlavn\u011b So\u0148a si m\u00edstn\u00ed pohodu, vlny Pacifiku a parti\u010dku mlad\u00fdch lid\u00ed, u kter\u00fdch jsme bydleli, zamilovala a bude se j\u00ed asi t\u011b\u017eko lou\u010dit. M\u011b je celkem jedno, kde tr\u00e9nuji a z\u00e1vod\u00edm, ale je pravda, \u017ee se mi odsud taky moc nechce. Ne nadarmo pat\u0159\u00ed Gold Coast mezi nejlep\u0161\u00ed m\u00edsta k \u017eivotu na Zemi.<br \/> V\u010dera jsem m\u011bl poprv\u00e9 od p\u0159\u00edletu leh\u010d\u00ed tr\u00e9nink (jen 65km r\u00e1no a 30km odpol), tak\u017ee jsem si se So\u0148ou vyrazili autem na v\u00fdlet do de\u0161tn\u00e9ho pralesa, tedy do p\u0159\u00edrodn\u00edho parku Natural Bridge, kde je n\u00e1dhern\u00fd vodop\u00e1d. De\u0161tn\u00fd prales je fakt de\u0161tn\u00fd, celou dobu pr\u0161elo, ale i tak to byla p\u0159\u00edjemn\u00e1 proch\u00e1zka. Cestou jsme se je\u0161t\u011b zastavili na pl\u00e1\u017ei v Tweed Heads, kde prob\u00edhaly z\u00e1vody mlad\u00fdch vodn\u00edch z\u00e1chran\u00e1\u0159\u016f. Hned jsme si \u0159ekli, \u017ee kdybychom bydleli tady, tak na\u0161e d\u00edt\u011b mus\u00ed b\u00fdt taky \u201eJunior Lifeguard\u201c :)!<br \/> Dnes r\u00e1no jsem rad\u011bji m\u00edsto posledn\u00edho tr\u00e9ninku na Gold Coast jel z\u00e1vod, co\u017e je v\u017edycky stejn\u011b nejlep\u0161\u00ed tr\u00e9nink. Dobrovoln\u011b jsem si docela \u201ed\u00e1val\u201c, \u010dasto jsem byl v \u00faniku, ale v de\u0161ti a siln\u00e9m protiv\u011btru na rovin\u011b to nem\u011blo moc \u0161anc\u00ed. Ale aspo\u0148 dobr\u00fd tr\u00e9nink.<br \/> Do hromadn\u00e9ho spurtu (c\u00edl byl nav\u00edc z kopce dol\u016f) jsem se rad\u011bji nakonec nepletl, necht\u011bl jsem zbyte\u010dn\u011b riskovat. Paradoxn\u011b je\u0161t\u011b n\u00e1ro\u010dn\u011bj\u0161\u00ed ne\u017e samotn\u00fd z\u00e1vod byla cesta dom\u016f na kole. Sice jsem nezabloudil, jako po tom prvn\u00edm z\u00e1vode v Brisbane, ale foukal takov\u00fd urag\u00e1n proti, \u017ee jsem chv\u00edlemi myslel, \u017ee zavol\u00e1m Son\u011b, a\u0165 se pro m\u011b vr\u00e1t\u00ed! T\u011bch 35km dom\u016f jsem jel p\u0159es hodinu a p\u016fl\u2026 Tak\u017ee te\u010f po ob\u011bd\u011b odpo\u010d\u00edv\u00e1m, pak zabal\u00edm kola a z\u00edtra brzy r\u00e1no hur\u00e1 na Tasm\u00e1nii. <br \/> P\u0159\u00ed\u0161t\u00ed ned\u011bli za\u010d\u00edn\u00e1 cel\u00e1 s\u00e9rie \u201eTasmanian Christmas Carnivals\u201c. \u201eCarnivals\u201c jsou cyklistick\u00e9 z\u00e1vody na dr\u00e1ze, kter\u00e9 trvaj\u00ed zpravidla cel\u00fd den a vybran\u00ed sv\u011btov\u00ed z\u00e1vodn\u00edci (nechyb\u00ed zde mist\u0159i sv\u011bta a olympij\u0161t\u00ed v\u00edt\u011bzov\u00e9) jedou a\u017e dvan\u00e1ct r\u016fzn\u00fdch div\u00e1cky atraktivn\u00edch z\u00e1vod\u016f. A mezi jednotliv\u00fdmi starty cyklist\u016f jsou uprost\u0159ed velodrom\u016f je\u0161t\u011b p\u0159ipraveni \u0161pi\u010dkov\u00ed atleti-b\u011b\u017eci, kte\u0159\u00ed maj\u00ed sv\u016fj program vylu\u010dovac\u00edch b\u011bh\u016f (ne, opravdu to nejsou z\u00e1vody v co nejrychlej\u0161\u00edm mo\u010den\u00ed, nebo v b\u011bhu na z\u00e1chod \u2013 to jen v ka\u017ed\u00e9m z rozb\u011bh\u016f je posledn\u00ed vylou\u010den, a tak to jde a\u017e do fin\u00e1le :)), nebo atraktivn\u00ed souboje \u201ewoodchopper\u016f\u201c \u2013 sekern\u00edk\u016f, kte\u0159\u00ed soupe\u0159\u00ed v co nejrychlej\u0161\u00edm p\u0159esek\u00e1v\u00e1n\u00ed obrovsk\u00fdch kl\u00e1d a \u0161palk\u016f. Prost\u011b cel\u00fd den obrovsk\u00e1 show!!! Krom\u011b v\u00e1no\u010dn\u00edch sv\u00e1tk\u016f 24. a 25.12. se tato show st\u011bhuje ka\u017ed\u00fd den a\u017e do 1.1. po cel\u00e9 Tasm\u00e1nii, tak\u017ee je toho a\u017e dost. <br \/> V\u017edycky je\u0161t\u011b p\u0159ed Silvestrem u\u017e se t\u011b\u0161\u00edm a\u017e to skon\u010d\u00ed\u2026 Ale letos d\u00edky natr\u00e9novan\u00e9mu objemu tady na Gold Coast t\u0159eba budu m\u00edt v\u00edc sil. Nebo to bude hor\u0161\u00ed, uvid\u00edme. Ka\u017edop\u00e1dn\u011b tady nemus\u00edm nikomu nic dokazovat, chceme si to se So\u0148ou jen po\u0159\u00e1dn\u011b u\u017e\u00edt.<br \/> I kdy\u017e pokud chci, aby m\u011b op\u011bt p\u0159\u00ed\u0161t\u00ed rok pozvali, n\u011bco bych p\u0159eci jen p\u0159edv\u00e9st m\u011bl, \u017ee :).<br \/> Zat\u00edm se tedy lou\u010d\u00edm a p\u0159\u00ed\u0161t\u011b u\u017e z Tasm\u00e1nie!<br \/> M\u011bjte se fajn,<br \/> Jirka<\/p>\n<p> <img loading=\"lazy\" decoding=\"async\" src=\"\/wordpress\/image\/k_clankum\/austr1.JPG\" width=\"400\" height=\"317\"><\/p>\n<p> <img loading=\"lazy\" decoding=\"async\" src=\"\/wordpress\/image\/k_clankum\/austr3.jpg\" width=\"400\" height=\"299\"><\/p>\n<p> <img loading=\"lazy\" decoding=\"async\" src=\"\/wordpress\/image\/k_clankum\/austr2.JPG\" width=\"255\" height=\"378\"><\/p>\n","protected":false},"excerpt":{"rendered":"<a href=\"https:\/\/www.caths.cz\/wordpress\/denik-jirky-jezka-z-australie\/\"><img loading=\"lazy\" decoding=\"async\" width=\"100\" height=\"100\" src=\"https:\/\/www.caths.cz\/wordpress\/wp-content\/plugins\/thumbnail-for-excerpts\/tfe_no_thumb.png\" class=\"alignleft wp-post-image tfe\" alt=\"\" title=\"\" \/><\/a><p>T\u0159\u00edd\u00edln\u00fd den\u00edk Ji\u0159\u00edho Je\u017eka ze zimn\u00edho pobytu v Austr\u00e1lii a na Tasm\u00e1nii \u010c\u00c1ST PRVN\u00cd Mil\u00ed p\u0159\u00e1tel\u00e9, m\u00e1m za sebou prvn\u00ed z\u00e1vod leto\u0161n\u00ed \u201eaustralsk\u00e9 mise\u201c. Po p\u00e1te\u010dn\u00edm p\u0159\u00edletu a v\u010derej\u0161\u00edm tr\u00e9ninku [&hellip;]<\/p>\n","protected":false},"author":1,"featured_media":0,"comment_status":"closed","ping_status":"closed","sticky":false,"template":"","format":"standard","meta":{"ngg_post_thumbnail":0,"footnotes":""},"categories":[2],"tags":[],"class_list":["post-468","post","type-post","status-publish","format-standard","hentry","category-cyklistika"],"_links":{"self":[{"href":"https:\/\/www.caths.cz\/wordpress\/wp-json\/wp\/v2\/posts\/468","targetHints":{"allow":["GET"]}}],"collection":[{"href":"https:\/\/www.caths.cz\/wordpress\/wp-json\/wp\/v2\/posts"}],"about":[{"href":"https:\/\/www.caths.cz\/wordpress\/wp-json\/wp\/v2\/types\/post"}],"author":[{"embeddable":true,"href":"https:\/\/www.caths.cz\/wordpress\/wp-json\/wp\/v2\/users\/1"}],"replies":[{"embeddable":true,"href":"https:\/\/www.caths.cz\/wordpress\/wp-json\/wp\/v2\/comments?post=468"}],"version-history":[{"count":0,"href":"https:\/\/www.caths.cz\/wordpress\/wp-json\/wp\/v2\/posts\/468\/revisions"}],"wp:attachment":[{"href":"https:\/\/www.caths.cz\/wordpress\/wp-json\/wp\/v2\/media?parent=468"}],"wp:term":[{"taxonomy":"category","embeddable":true,"href":"https:\/\/www.caths.cz\/wordpress\/wp-json\/wp\/v2\/categories?post=468"},{"taxonomy":"post_tag","embeddable":true,"href":"https:\/\/www.caths.cz\/wordpress\/wp-json\/wp\/v2\/tags?post=468"}],"curies":[{"name":"wp","href":"https:\/\/api.w.org\/{rel}","templated":true}]}}