{"id":467,"date":"2006-11-25T12:40:28","date_gmt":"2006-11-25T11:40:28","guid":{"rendered":"http:\/\/www.caths.cz\/wordpress\/?p=467"},"modified":"2006-11-25T12:40:28","modified_gmt":"2006-11-25T11:40:28","slug":"jiri-jezek-se-setkal-s-legendarnim-eddy-merckxem","status":"publish","type":"post","link":"https:\/\/www.caths.cz\/wordpress\/jiri-jezek-se-setkal-s-legendarnim-eddy-merckxem\/","title":{"rendered":"Ji\u0159\u00ed Je\u017eek se setkal s legend\u00e1rn\u00edm Eddy Merckxem"},"content":{"rendered":"<p align=\"justify\">Za \u00fa\u010dasti rekordn\u00edho po\u010dtu vystavovatel\u016f, prodejc\u016f a v\u00fdrobc\u016f sportovn\u00edho zbo\u017e\u00ed se ve dnech 9 &#8211; 12.11. v Brn\u011b konal nejv\u011bt\u0161\u00ed, mezin\u00e1rodn\u00ed sportovn\u00ed veletrh v \u010cesk\u00e9 republice, Sport Life. Jednou z hlavn\u00edch postav doprovodn\u00e9ho programu, po boku dal\u0161\u00edch sportovn\u00edch celebrit sv\u011btov\u00e9ho sportu, nap\u0159. legendy cyklistiky Eddy Merckxe \u010di desetiboja\u0159e Romana \u0160ebrleho, byl jeden z nejlep\u0161\u00edch handicapovan\u00fdch sportovc\u016f sv\u011bta, paralympijsk\u00fd v\u00edt\u011bz a mistr sv\u011bta, cyklista &#8211; Ji\u0159\u00ed Je\u017eek.<\/p>\n<p><img loading=\"lazy\" decoding=\"async\" src=\"\/image\/k_clankum\/cl2006112501_01.jpg\" alt=\"Ji\u0159\u00ed Je\u017eek se setkal s legend\u00e1rn\u00edm Eddy Merckxem\" border=\"0\" width=\"288\" height=\"384\" hspace=\"5\" vspace=\"5\"><\/p>\n<p align=\"justify\"> A program byl opravdu, po cel\u00e9 t\u0159i dny, vy\u010derp\u00e1vaj\u00edc\u00ed &#8211; cel\u00e1 \u0159ada rozhovor\u016f, autogrami\u00e1d, povinnost\u00ed pramen\u00edc\u00edch ze sponzorsk\u00fdch smluv, ale nap\u0159\u00edklad i j\u00edzda na trena\u017e\u00e9ru pro konto Bari\u00e9ry, kdy vzd\u00e1lenost ujet\u00e1 po dobu jedn\u00e9 minuty je vy\u010d\u00edslena pen\u011bzi a p\u0159evedena na konto pro handicapovan\u00e9 sportovce. <br \/> V sobotu se k Jirkovi p\u0159idal dal\u0161\u00ed \u00fasp\u011b\u0161n\u00fd reprezentant, cyklista na handbike, mistr sv\u011bta v \u010dasovce a paralympijsk\u00fd v\u00edt\u011bz &#8211; Marcel Pipek. I on plnil sv\u00e9 povinnosti v\u016f\u010di sponzor\u016fm.<br \/> Mus\u00edm objektivn\u011b konstatovat, \u017ee Jirka i Marcel byli po dni na v\u00fdstavi\u0161ti v Brn\u011b stejn\u011b utahan\u00ed, jako po silni\u010dn\u00edm z\u00e1vod\u011b na mistrovstv\u00ed sv\u011bta. Ov\u0161em na druhou stranu je pot\u0159eba \u0159\u00edci, \u017ee obdiv a popularita, jak ze strany odborn\u00e9 &#8211; cyklistick\u00e9, tak \u0161irok\u00e9 ve\u0159ejnosti, se kterou se na\u0161i \u00fasp\u011b\u0161n\u00ed reprezentanti setk\u00e1vali v Brn\u011b doslova na ka\u017ed\u00e9m kroku je <u>nepochybn\u011b stejn\u011b jako mistrovsk\u00e1 medaile srovnateln\u00fdm uzn\u00e1n\u00edm<\/u> obrovsk\u00e9 d\u0159iny, v\u016fle a \u00fasil\u00ed, kterou v tr\u00e9ninku ka\u017edodenn\u011b podstupuj\u00ed a z\u00e1rove\u0148 hnac\u00edm motorem pro dal\u0161\u00ed n\u00e1ro\u010dn\u00fd tr\u00e9nink a z\u00e1vody. <\/p>\n<p> Viktor Zapletal<br \/> Vedouc\u00ed tren\u00e9r Reprezenta\u010dn\u00edho dru\u017estva t\u011blesn\u011b handicapovan\u00fdch cyklist\u016f \u010cR<br \/> \u010cATHS<\/p>\n","protected":false},"excerpt":{"rendered":"<a href=\"https:\/\/www.caths.cz\/wordpress\/jiri-jezek-se-setkal-s-legendarnim-eddy-merckxem\/\"><img loading=\"lazy\" decoding=\"async\" width=\"100\" height=\"100\" src=\"https:\/\/www.caths.cz\/wordpress\/wp-content\/plugins\/thumbnail-for-excerpts\/tfe_no_thumb.png\" class=\"alignleft wp-post-image tfe\" alt=\"\" title=\"\" \/><\/a><p>Za \u00fa\u010dasti rekordn\u00edho po\u010dtu vystavovatel\u016f, prodejc\u016f a v\u00fdrobc\u016f sportovn\u00edho zbo\u017e\u00ed se ve dnech 9 &#8211; 12.11. v Brn\u011b konal nejv\u011bt\u0161\u00ed, mezin\u00e1rodn\u00ed sportovn\u00ed veletrh v \u010cesk\u00e9 republice, Sport Life. Jednou z [&hellip;]<\/p>\n","protected":false},"author":1,"featured_media":0,"comment_status":"closed","ping_status":"closed","sticky":false,"template":"","format":"standard","meta":{"ngg_post_thumbnail":0,"footnotes":""},"categories":[2],"tags":[],"class_list":["post-467","post","type-post","status-publish","format-standard","hentry","category-cyklistika"],"_links":{"self":[{"href":"https:\/\/www.caths.cz\/wordpress\/wp-json\/wp\/v2\/posts\/467","targetHints":{"allow":["GET"]}}],"collection":[{"href":"https:\/\/www.caths.cz\/wordpress\/wp-json\/wp\/v2\/posts"}],"about":[{"href":"https:\/\/www.caths.cz\/wordpress\/wp-json\/wp\/v2\/types\/post"}],"author":[{"embeddable":true,"href":"https:\/\/www.caths.cz\/wordpress\/wp-json\/wp\/v2\/users\/1"}],"replies":[{"embeddable":true,"href":"https:\/\/www.caths.cz\/wordpress\/wp-json\/wp\/v2\/comments?post=467"}],"version-history":[{"count":0,"href":"https:\/\/www.caths.cz\/wordpress\/wp-json\/wp\/v2\/posts\/467\/revisions"}],"wp:attachment":[{"href":"https:\/\/www.caths.cz\/wordpress\/wp-json\/wp\/v2\/media?parent=467"}],"wp:term":[{"taxonomy":"category","embeddable":true,"href":"https:\/\/www.caths.cz\/wordpress\/wp-json\/wp\/v2\/categories?post=467"},{"taxonomy":"post_tag","embeddable":true,"href":"https:\/\/www.caths.cz\/wordpress\/wp-json\/wp\/v2\/tags?post=467"}],"curies":[{"name":"wp","href":"https:\/\/api.w.org\/{rel}","templated":true}]}}