{"id":465,"date":"2006-09-27T18:58:50","date_gmt":"2006-09-27T17:58:50","guid":{"rendered":"http:\/\/www.caths.cz\/wordpress\/?p=465"},"modified":"2006-09-27T18:58:50","modified_gmt":"2006-09-27T17:58:50","slug":"mistrovstvi-sveta-ve-stolnim-tenisu-handicapovanych-montreux","status":"publish","type":"post","link":"https:\/\/www.caths.cz\/wordpress\/mistrovstvi-sveta-ve-stolnim-tenisu-handicapovanych-montreux\/","title":{"rendered":"Mistrovstv\u00ed sv\u011bta ve stoln\u00edm tenisu handicapovan\u00fdch &#8211; Montreux"},"content":{"rendered":"<p>Za\u010dalo mistrovstv\u00ed sv\u011bta handicapovan\u00fdch stoln\u00edch tenist\u016f <br \/>\nDv\u011b prvn\u00ed medaile pro \u010ceskou republikuHned v \u00favodu Mistrovstv\u00ed sv\u011bta handicapovan\u00fdch ve stoln\u00edm tenisu, kter\u00e9 se v t\u011bchto dnech kon\u00e1 ve \u0161v\u00fdcarsk\u00e9m Montreux, se da\u0159ilo dv\u011bma \u010desk\u00fdm hr\u00e1\u010d\u016fm.<br \/> Ivan Karabec v kategorii mu\u017ei stoj\u00edc\u00ed OPEN (bez rozd\u00edlu posti\u017een\u00ed) dok\u00e1zal vybojovat st\u0159\u00edbrnou medaili, kdy\u017e podlehl a\u017e ve fin\u00e1le \u010d\u00ednsk\u00e9mu reprezentantu Ge Yangovi.<br \/> V kategorii mu\u017e\u016f sed\u00edc\u00edch OPEN vybojoval bronzovou medaili Michal Stefanu.<br \/> Oba reprezentanti maj\u00ed ve sv\u00fdch sb\u00edrk\u00e1ch ji\u017e celou \u0159adu paralympijsk\u00fdch medail\u00ed i cenn\u00fdch kov\u016f z p\u0159edch\u00e1zej\u00edc\u00edch mistrovstv\u00ed sv\u011bta.<br \/> Ke sv\u00e9mu sv\u011btov\u00e9mu \u0161ampion\u00e1tu se do Montreux sjelo na 350 reprezentant\u016f z 50 zem\u00ed sv\u011bta. Mistrovstv\u00ed se kon\u00e1 pod z\u00e1\u0161titou Mezin\u00e1rodn\u00edho paralympijsk\u00e9ho v\u00fdboru a \u010cesk\u00e1 republika na n\u011bj vyslala 23 \u010dlennou v\u00fdpravu t\u011blesn\u011b posti\u017een\u00fdch reprezentant\u016f a jejich doprovod\u016f.<br \/> Turnaj se hraje v kategori\u00edch stoj\u00edc\u00edch a sed\u00edc\u00edch rozd\u011blen\u00fdch d\u00e1le podle stupn\u011b posti\u017een\u00ed <br \/> a to jak v sout\u011b\u017ei jednotlivc\u016f, tak i dru\u017estev. Turnaj potrv\u00e1 do 2. \u0159\u00edjna 2006.<\/p>\n<p> Z v\u00fdsledk\u016f \u010desk\u00fdch reprezentant\u016f 25.9. 2006: <\/p>\n<h3>Mu\u017ei stoj\u00edc\u00ed OPEN<\/h3>\n<p> 1. m\u00edsto GE Yang CHN<br \/> 2. m\u00edsto Ivan Karabec CZE<br \/> 3. m\u00edsto Stanislav Franczyk AUT<\/p>\n<h3>Mu\u017ei sed\u00edc\u00ed OPEN<\/h3>\n<p> 1. Tommy Urhaug NOR<br \/> 2. Ernst Bollden SWE<br \/> 3. Michal Stefanu CZE<\/p>\n<p> David \u0160najdr<br \/> \u010cPV<br \/> P\u0159\u00edpadn\u011b dal\u0161\u00ed informace v\u010detn\u011b v\u00fdsledk\u016f je mo\u017eno z\u00edskat na <a href=\"http:\/\/www.montreux2006.ch\">www.montreux2006.ch<\/a><\/p>\n","protected":false},"excerpt":{"rendered":"<a href=\"https:\/\/www.caths.cz\/wordpress\/mistrovstvi-sveta-ve-stolnim-tenisu-handicapovanych-montreux\/\"><img loading=\"lazy\" decoding=\"async\" width=\"100\" height=\"100\" src=\"https:\/\/www.caths.cz\/wordpress\/wp-content\/plugins\/thumbnail-for-excerpts\/tfe_no_thumb.png\" class=\"alignleft wp-post-image tfe\" alt=\"\" title=\"\" \/><\/a><p>Za\u010dalo mistrovstv\u00ed sv\u011bta handicapovan\u00fdch stoln\u00edch tenist\u016f Dv\u011b prvn\u00ed medaile pro \u010ceskou republikuHned v \u00favodu Mistrovstv\u00ed sv\u011bta handicapovan\u00fdch ve stoln\u00edm tenisu, kter\u00e9 se v t\u011bchto dnech kon\u00e1 ve \u0161v\u00fdcarsk\u00e9m Montreux, se [&hellip;]<\/p>\n","protected":false},"author":1,"featured_media":0,"comment_status":"closed","ping_status":"closed","sticky":false,"template":"","format":"standard","meta":{"ngg_post_thumbnail":0,"footnotes":""},"categories":[19],"tags":[],"class_list":["post-465","post","type-post","status-publish","format-standard","hentry","category-stolni-tenis"],"_links":{"self":[{"href":"https:\/\/www.caths.cz\/wordpress\/wp-json\/wp\/v2\/posts\/465","targetHints":{"allow":["GET"]}}],"collection":[{"href":"https:\/\/www.caths.cz\/wordpress\/wp-json\/wp\/v2\/posts"}],"about":[{"href":"https:\/\/www.caths.cz\/wordpress\/wp-json\/wp\/v2\/types\/post"}],"author":[{"embeddable":true,"href":"https:\/\/www.caths.cz\/wordpress\/wp-json\/wp\/v2\/users\/1"}],"replies":[{"embeddable":true,"href":"https:\/\/www.caths.cz\/wordpress\/wp-json\/wp\/v2\/comments?post=465"}],"version-history":[{"count":0,"href":"https:\/\/www.caths.cz\/wordpress\/wp-json\/wp\/v2\/posts\/465\/revisions"}],"wp:attachment":[{"href":"https:\/\/www.caths.cz\/wordpress\/wp-json\/wp\/v2\/media?parent=465"}],"wp:term":[{"taxonomy":"category","embeddable":true,"href":"https:\/\/www.caths.cz\/wordpress\/wp-json\/wp\/v2\/categories?post=465"},{"taxonomy":"post_tag","embeddable":true,"href":"https:\/\/www.caths.cz\/wordpress\/wp-json\/wp\/v2\/tags?post=465"}],"curies":[{"name":"wp","href":"https:\/\/api.w.org\/{rel}","templated":true}]}}