{"id":464,"date":"2006-09-18T18:53:58","date_gmt":"2006-09-18T17:53:58","guid":{"rendered":"http:\/\/www.caths.cz\/wordpress\/?p=464"},"modified":"2006-09-18T18:53:58","modified_gmt":"2006-09-18T17:53:58","slug":"4-mistrovstvi-sveta-v-cyklistice-handicapovanych","status":"publish","type":"post","link":"https:\/\/www.caths.cz\/wordpress\/4-mistrovstvi-sveta-v-cyklistice-handicapovanych\/","title":{"rendered":"4. mistrovstv\u00ed sv\u011bta v cyklistice handicapovan\u00fdch"},"content":{"rendered":"<p>Posledn\u00ed den je\u0161t\u011b zlato a bronzT\u0159et\u00edm titulem mistra sv\u011bta zavr\u0161il sv\u00e9 \u00fasp\u011b\u0161n\u00e9 p\u016fsoben\u00ed na 4. mistrovstv\u00ed sv\u011bta v cyklistice handicapovan\u00fdch Ji\u0159\u00ed Bou\u0161ka, kategorie spastik\u016f CP4, kdy\u017e posledn\u00ed den \u0161ampion\u00e1tu vyhr\u00e1l silni\u010dn\u00ed z\u00e1vod na 58 km. \u00dasp\u011bch p\u0159inesla dobr\u00e1 spolupr\u00e1ce s t\u00fdmov\u00fdm kolegou Lubo\u0161em Jirkou, kter\u00fd ve fini\u0161i vybojoval bronzovou medaili ve shodn\u00e9m \u010dase jako v\u00edt\u011bz.<br \/> \u00dasp\u011b\u0161n\u00e1 v\u00fdprava \u010cesk\u00e9ho paralympijsk\u00e9ho v\u00fdboru tak uzav\u0159ela svou mistrovskou bilanci na deseti medail\u00edch (5 &#8211; 3 &#8211; 2), \u010d\u00edm\u017e potvrdila svoji soun\u00e1le\u017eitost k absolutn\u00ed cyklistick\u00e9 paralympijsk\u00e9 \u0161pi\u010dce. <br \/> Nyn\u00ed u\u017e se budou moci \u010de\u0161t\u00ed reprezentanti soust\u0159edit na p\u0159\u00edpravu na 13. letn\u00ed paralympijsk\u00e9 hry, je\u017e se uskute\u010dn\u00ed za necel\u00e9 dva roky v Pekingu, a kam si v\u011bt\u0161ina v\u00fdpravy sv\u00fdmi v\u00fdsledky v Aigle v\u00edcem\u00e9n\u011b zajistila nominaci.<br \/> 4. mistrovstv\u00ed sv\u011bta v cyklistice handicapovan\u00fdch se z\u00fa\u010dastnilo na t\u0159i stovky reprezentant\u016f ze 40 zem\u00ed. <br \/> Valn\u00e1 hromada deleg\u00e1t\u016f n\u00e1rodn\u00edch paralympijsk\u00fdch v\u00fdbor\u016f, kter\u00e1 se konala v Aigl v r\u00e1mci sv\u011btov\u00e9ho \u0161ampion\u00e1tu, rozhodla o p\u0159esunu paralympijsk\u00e9 cyklistiky od Mezin\u00e1rodn\u00edho paralympijsk\u00e9ho v\u00fdboru pod spr\u00e1vu Mezin\u00e1rodn\u00ed cyklistick\u00e9 federace UCI. <\/p>\n<p> Z v\u00fdsledk\u016f \u010desk\u00fdch reprezentant\u016f 18.9. 2006: <\/p>\n<h2>Silni\u010dn\u00ed z\u00e1vod na 58 km<\/h2>\n<p> <b>Kategorie CP4 (spastici)<\/b><br \/> 1. Ji\u0159\u00ed Bou\u0161ka 1:33:51 hod.<br \/> 3. Lubo\u0161 Jirka 1:33:51 hod.<\/p>\n<p> David \u0160najdr<br \/> \u010cPV<\/p>\n","protected":false},"excerpt":{"rendered":"<a href=\"https:\/\/www.caths.cz\/wordpress\/4-mistrovstvi-sveta-v-cyklistice-handicapovanych\/\"><img loading=\"lazy\" decoding=\"async\" width=\"100\" height=\"100\" src=\"https:\/\/www.caths.cz\/wordpress\/wp-content\/plugins\/thumbnail-for-excerpts\/tfe_no_thumb.png\" class=\"alignleft wp-post-image tfe\" alt=\"\" title=\"\" \/><\/a><p>Posledn\u00ed den je\u0161t\u011b zlato a bronzT\u0159et\u00edm titulem mistra sv\u011bta zavr\u0161il sv\u00e9 \u00fasp\u011b\u0161n\u00e9 p\u016fsoben\u00ed na 4. mistrovstv\u00ed sv\u011bta v cyklistice handicapovan\u00fdch Ji\u0159\u00ed Bou\u0161ka, kategorie spastik\u016f CP4, kdy\u017e posledn\u00ed den \u0161ampion\u00e1tu vyhr\u00e1l [&hellip;]<\/p>\n","protected":false},"author":1,"featured_media":0,"comment_status":"closed","ping_status":"closed","sticky":false,"template":"","format":"standard","meta":{"ngg_post_thumbnail":0,"footnotes":""},"categories":[2],"tags":[],"class_list":["post-464","post","type-post","status-publish","format-standard","hentry","category-cyklistika"],"_links":{"self":[{"href":"https:\/\/www.caths.cz\/wordpress\/wp-json\/wp\/v2\/posts\/464","targetHints":{"allow":["GET"]}}],"collection":[{"href":"https:\/\/www.caths.cz\/wordpress\/wp-json\/wp\/v2\/posts"}],"about":[{"href":"https:\/\/www.caths.cz\/wordpress\/wp-json\/wp\/v2\/types\/post"}],"author":[{"embeddable":true,"href":"https:\/\/www.caths.cz\/wordpress\/wp-json\/wp\/v2\/users\/1"}],"replies":[{"embeddable":true,"href":"https:\/\/www.caths.cz\/wordpress\/wp-json\/wp\/v2\/comments?post=464"}],"version-history":[{"count":0,"href":"https:\/\/www.caths.cz\/wordpress\/wp-json\/wp\/v2\/posts\/464\/revisions"}],"wp:attachment":[{"href":"https:\/\/www.caths.cz\/wordpress\/wp-json\/wp\/v2\/media?parent=464"}],"wp:term":[{"taxonomy":"category","embeddable":true,"href":"https:\/\/www.caths.cz\/wordpress\/wp-json\/wp\/v2\/categories?post=464"},{"taxonomy":"post_tag","embeddable":true,"href":"https:\/\/www.caths.cz\/wordpress\/wp-json\/wp\/v2\/tags?post=464"}],"curies":[{"name":"wp","href":"https:\/\/api.w.org\/{rel}","templated":true}]}}