{"id":462,"date":"2006-09-17T18:49:07","date_gmt":"2006-09-17T17:49:07","guid":{"rendered":"http:\/\/www.caths.cz\/wordpress\/?p=462"},"modified":"2006-09-17T18:49:07","modified_gmt":"2006-09-17T17:49:07","slug":"4-mistrovstvi-sveta-v-cylistice-handicapovanych","status":"publish","type":"post","link":"https:\/\/www.caths.cz\/wordpress\/4-mistrovstvi-sveta-v-cylistice-handicapovanych\/","title":{"rendered":"4. mistrovstv\u00ed sv\u011bta v cylistice handicapovan\u00fdch"},"content":{"rendered":"<p>Pipek bronzov\u00fd v silni\u010dn\u00edm z\u00e1vod\u011b<br \/>V silni\u010dn\u00edm z\u00e1vod\u011b na 46.4 km voz\u00ed\u010dk\u00e1\u0159\u016f, kte\u0159\u00ed jezd\u00ed na handbiku, na mistrovstv\u00ed sv\u011bta handicapovan\u00fdch v cyklistice dojel Marcel Pipek na t\u0159et\u00edm m\u00edst\u011b a z\u00edskal bronzovou medaili. Po titulu sv\u011btov\u00e9ho \u0161ampi\u00f3na z \u010dasovky je to druh\u00e1 medaile pro toho \u010desk\u00e9ho reprezentanta z pr\u00e1v\u011b prob\u00edhaj\u00edc\u00edho 4. mistrovstv\u00ed sv\u011bta handicapovan\u00fdch v cyklistice, kter\u00e9 se kon\u00e1 ve \u0161v\u00fdcarsk\u00e9m Aigle.<br \/> Celkem je to ji\u017e osm\u00e1 medaile (4 &#8211; 3 &#8211; 1) pro \u010cesk\u00fd paralympijsk\u00fd t\u00fdm z tohoto mistrovstv\u00ed.<br \/> V dne\u0161n\u00edm programu silni\u010dn\u00edch z\u00e1vod\u016f dojela cel\u00e1 \u0159ada dal\u0161\u00edch \u010desk\u00fdch reprezentant\u016f t\u011bsn\u011b za branami stup\u0148\u016f v\u00edt\u011bz\u016f; na p\u00e1t\u00fdch m\u00edstech Ji\u0159\u00ed Kalousek a Michal Stark, 7. Ji\u0159\u00ed Je\u017eek a 8. Radovan Civi\u0161. V\u0161ichni v t\u00e9m\u011b\u0159 shodn\u00e9m \u010dase jako v\u00edt\u011bzov\u00e9 dan\u00fdch kategori\u00ed.<br \/> Sv\u011btov\u00fd \u0161ampion\u00e1t kon\u010d\u00ed v pond\u011bl\u00ed 18. z\u00e1\u0159\u00ed, kdy m\u00e1 \u010cesk\u00e1 republika je\u0161t\u011b na startu adepty na medailov\u00e1 um\u00edst\u011bn\u00ed.<\/p>\n<h2>Z v\u00fdsledk\u016f \u010desk\u00fdch reprezentant\u016f:<\/h2>\n<p> Silni\u010dn\u00ed z\u00e1vod na 46.4 km, mu\u017ei, handbike HC B<br \/> 3. m\u00edsto Marcel PIPEK 1:22:10 hod.<\/p>\n<p> David \u0160najdr<\/p>\n","protected":false},"excerpt":{"rendered":"<a href=\"https:\/\/www.caths.cz\/wordpress\/4-mistrovstvi-sveta-v-cylistice-handicapovanych\/\"><img loading=\"lazy\" decoding=\"async\" width=\"100\" height=\"100\" src=\"https:\/\/www.caths.cz\/wordpress\/wp-content\/plugins\/thumbnail-for-excerpts\/tfe_no_thumb.png\" class=\"alignleft wp-post-image tfe\" alt=\"\" title=\"\" \/><\/a><p>Pipek bronzov\u00fd v silni\u010dn\u00edm z\u00e1vod\u011bV silni\u010dn\u00edm z\u00e1vod\u011b na 46.4 km voz\u00ed\u010dk\u00e1\u0159\u016f, kte\u0159\u00ed jezd\u00ed na handbiku, na mistrovstv\u00ed sv\u011bta handicapovan\u00fdch v cyklistice dojel Marcel Pipek na t\u0159et\u00edm m\u00edst\u011b a z\u00edskal bronzovou [&hellip;]<\/p>\n","protected":false},"author":1,"featured_media":0,"comment_status":"closed","ping_status":"closed","sticky":false,"template":"","format":"standard","meta":{"ngg_post_thumbnail":0,"footnotes":""},"categories":[2],"tags":[],"class_list":["post-462","post","type-post","status-publish","format-standard","hentry","category-cyklistika"],"_links":{"self":[{"href":"https:\/\/www.caths.cz\/wordpress\/wp-json\/wp\/v2\/posts\/462","targetHints":{"allow":["GET"]}}],"collection":[{"href":"https:\/\/www.caths.cz\/wordpress\/wp-json\/wp\/v2\/posts"}],"about":[{"href":"https:\/\/www.caths.cz\/wordpress\/wp-json\/wp\/v2\/types\/post"}],"author":[{"embeddable":true,"href":"https:\/\/www.caths.cz\/wordpress\/wp-json\/wp\/v2\/users\/1"}],"replies":[{"embeddable":true,"href":"https:\/\/www.caths.cz\/wordpress\/wp-json\/wp\/v2\/comments?post=462"}],"version-history":[{"count":0,"href":"https:\/\/www.caths.cz\/wordpress\/wp-json\/wp\/v2\/posts\/462\/revisions"}],"wp:attachment":[{"href":"https:\/\/www.caths.cz\/wordpress\/wp-json\/wp\/v2\/media?parent=462"}],"wp:term":[{"taxonomy":"category","embeddable":true,"href":"https:\/\/www.caths.cz\/wordpress\/wp-json\/wp\/v2\/categories?post=462"},{"taxonomy":"post_tag","embeddable":true,"href":"https:\/\/www.caths.cz\/wordpress\/wp-json\/wp\/v2\/tags?post=462"}],"curies":[{"name":"wp","href":"https:\/\/api.w.org\/{rel}","templated":true}]}}