{"id":459,"date":"2006-09-11T11:58:08","date_gmt":"2006-09-11T10:58:08","guid":{"rendered":"http:\/\/www.caths.cz\/wordpress\/?p=459"},"modified":"2006-09-11T11:58:08","modified_gmt":"2006-09-11T10:58:08","slug":"mistrovstvi-sveta-v-atletice-handicapovanych","status":"publish","type":"post","link":"https:\/\/www.caths.cz\/wordpress\/mistrovstvi-sveta-v-atletice-handicapovanych\/","title":{"rendered":"Mistrovstv\u00ed sv\u011bta v atletice handicapovan\u00fdch"},"content":{"rendered":"<p> Assen\/ 6.9. 2006\/ David \u0160najdr<\/p>\n<p>D\u011bvet medail\u00ed, t\u0159i mist\u0159i sv\u011bta a jeden sv\u011btov\u00fd rekord. <br \/>\nNa \u010dtvrt\u00e9m mistrovstv\u00ed sv\u011bta v atletice handicapovan\u00fdch v Assenu ve \u010dtvrtek 7. z\u00e1\u0159\u00ed Roman Musil a Martin N\u011bmec, oba ve vrha\u010dsk\u00fdch disciplin\u00e1ch, v kouli resp. v disku, p\u0159ekonali sv\u011btov\u00e9 rekordy a z\u00edskali tituly mistr\u016f sv\u011bta.<br \/> St\u0159\u00edbrn\u00e9 medaile p\u0159idali Rostislav Pohlmann v disku, stejn\u011b jako Miroslav \u0160perk.<br \/> Nav\u00edc rozhodnut\u00edm jury o diskvalifikaci jednoho ze soupe\u0159\u016f z \u00fatern\u00edho z\u00e1vodu v o\u0161t\u011bpu se ze \u010dtvrt\u00e9ho m\u00edsta posunul na bronzovou pozici tak\u00e9 Roman Musil. <br \/> \u010ctvrtek, p\u00e1t\u00fd den \u0161ampion\u00e1tu, se tak stal nej\u00fasp\u011b\u0161n\u011bj\u0161\u00edm dnem pro \u010deskou v\u00fdpravu, kter\u00e1 si na sv\u00e9 konto p\u0159ipsala hned p\u011bt medail\u00ed.<br \/> Se 14 medailemi (5-6-3) si \u010desk\u00e1 v\u00fdprava upevnila pr\u016fb\u011b\u017enou pozici v prvn\u00ed des\u00edtce zem\u00ed podle zisku medail\u00ed.<br \/> \u0160ampion\u00e1t kon\u010d\u00ed v ned\u011bli. <\/p>\n<p> Z v\u00fdsledk\u016f \u010desk\u00fdch reprezentant\u016f:<\/p>\n<table border=0>\n<tr>\n<td>O\u0161t\u011bp mu\u017e\u016f <\/td>\n<td>F33 (spastici-voz\u00ed\u010dk\u00e1\u0159i)<\/td>\n<td>Roman Musil <\/td>\n<td>3. m\u00edsto<\/td>\n<td>22.59 m<\/td>\n<\/tr>\n<tr>\n<td>Disk mu\u017e\u016f <\/td>\n<td>F57 (voz\u00ed\u010dk\u00e1\u0159i)<\/td>\n<td> Rostislav Pohlmann<\/td>\n<td>2. m\u00edsto<\/td>\n<td>45.14 m<\/td>\n<\/tr>\n<tr>\n<td>Disk mu\u017e\u016f <\/td>\n<td>F56 (voz\u00ed\u010dk\u00e1\u0159i)<\/td>\n<td> Miroslav \u0160perk<\/td>\n<td>2. m\u00edsto<\/td>\n<td>38.40 m<\/td>\n<\/tr>\n<tr>\n<td>Disk mu\u017e\u016f <\/td>\n<td>F55 (voz\u00ed\u010dk\u00e1\u0159i)<\/td>\n<td> Martin N\u011bmec<\/td>\n<td>1. m\u00edsto<\/td>\n<td>39.35 m WR <\/td>\n<\/tr>\n<tr>\n<td>Koule mu\u017e\u016f <\/td>\n<td>F33 (spastici-voz\u00ed\u010dk\u00e1\u0159i)<\/td>\n<td> Roman Musil<\/td>\n<td>1. m\u00edsto<\/td>\n<td>10.97 m WR <\/td>\n<\/tr>\n<\/table>\n<p> V\u00edce informac\u00ed v\u010detn\u011b kompletn\u00edch v\u00fdsledk\u016f na www.wkatletiek.nl nebo www.paralympic.org, p\u0159\u00edpadn\u011b na telefonu 724-080831 (David \u0160najdr)<\/p>\n<p> David \u0160najdr<br \/> Vedouc\u00ed v\u00fdpravy \u010cPV<\/p>\n","protected":false},"excerpt":{"rendered":"<a href=\"https:\/\/www.caths.cz\/wordpress\/mistrovstvi-sveta-v-atletice-handicapovanych\/\"><img loading=\"lazy\" decoding=\"async\" width=\"100\" height=\"100\" src=\"https:\/\/www.caths.cz\/wordpress\/wp-content\/plugins\/thumbnail-for-excerpts\/tfe_no_thumb.png\" class=\"alignleft wp-post-image tfe\" alt=\"\" title=\"\" \/><\/a><p>Assen\/ 6.9. 2006\/ David \u0160najdr D\u011bvet medail\u00ed, t\u0159i mist\u0159i sv\u011bta a jeden sv\u011btov\u00fd rekord. Na \u010dtvrt\u00e9m mistrovstv\u00ed sv\u011bta v atletice handicapovan\u00fdch v Assenu ve \u010dtvrtek 7. z\u00e1\u0159\u00ed Roman Musil a [&hellip;]<\/p>\n","protected":false},"author":1,"featured_media":0,"comment_status":"closed","ping_status":"closed","sticky":false,"template":"","format":"standard","meta":{"ngg_post_thumbnail":0,"footnotes":""},"categories":[5],"tags":[],"class_list":["post-459","post","type-post","status-publish","format-standard","hentry","category-atletika"],"_links":{"self":[{"href":"https:\/\/www.caths.cz\/wordpress\/wp-json\/wp\/v2\/posts\/459","targetHints":{"allow":["GET"]}}],"collection":[{"href":"https:\/\/www.caths.cz\/wordpress\/wp-json\/wp\/v2\/posts"}],"about":[{"href":"https:\/\/www.caths.cz\/wordpress\/wp-json\/wp\/v2\/types\/post"}],"author":[{"embeddable":true,"href":"https:\/\/www.caths.cz\/wordpress\/wp-json\/wp\/v2\/users\/1"}],"replies":[{"embeddable":true,"href":"https:\/\/www.caths.cz\/wordpress\/wp-json\/wp\/v2\/comments?post=459"}],"version-history":[{"count":0,"href":"https:\/\/www.caths.cz\/wordpress\/wp-json\/wp\/v2\/posts\/459\/revisions"}],"wp:attachment":[{"href":"https:\/\/www.caths.cz\/wordpress\/wp-json\/wp\/v2\/media?parent=459"}],"wp:term":[{"taxonomy":"category","embeddable":true,"href":"https:\/\/www.caths.cz\/wordpress\/wp-json\/wp\/v2\/categories?post=459"},{"taxonomy":"post_tag","embeddable":true,"href":"https:\/\/www.caths.cz\/wordpress\/wp-json\/wp\/v2\/tags?post=459"}],"curies":[{"name":"wp","href":"https:\/\/api.w.org\/{rel}","templated":true}]}}