{"id":455,"date":"2006-08-02T14:27:20","date_gmt":"2006-08-02T13:27:20","guid":{"rendered":"http:\/\/www.caths.cz\/wordpress\/?p=455"},"modified":"2006-08-02T14:27:20","modified_gmt":"2006-08-02T13:27:20","slug":"graduje-priprava-na-ms-forma-cyklistum-stoupa","status":"publish","type":"post","link":"https:\/\/www.caths.cz\/wordpress\/graduje-priprava-na-ms-forma-cyklistum-stoupa\/","title":{"rendered":"Graduje p\u0159\u00edprava na MS, forma cyklist\u016fm stoup\u00e1"},"content":{"rendered":"<p>V\u00fdsledky na\u0161ich reprezentant\u016f na SP v n\u011bmeck\u00e9m Holzkirchenu, 28.-30. \u010dervence 2006, uk\u00e1zaly, \u017ee jsou \u010de\u0161t\u00ed t\u011blesn\u011b handicapovan\u00ed cyklist\u00e9 p\u0159ed bl\u00ed\u017e\u00edc\u00edm se MS v Aigle ve \u0160v\u00fdcarsku skv\u011ble p\u0159ipraveni.Jirka Je\u017eek LC 2 vyhr\u00e1l sobotn\u00ed silni\u010dn\u00ed z\u00e1vod i ned\u011bln\u00ed \u010dasovku, z\u00e1rove\u0148 byl i nejlep\u0161\u00edm z\u00e1vodn\u00edkem bez rozd\u00edlu kategori\u00ed.<br \/> Michal Stark LC 3 vyhr\u00e1l ned\u011bln\u00ed \u010dasovku a obsadil 3. m\u00edsto v silni\u010dn\u00edm z\u00e1vod\u011b.<br \/> Jirka Kalousek LC 1 obsadil v silni\u010dn\u00edm z\u00e1vod\u011b 10. m\u00edsto a v \u010dasovce 7.<br \/> &#8222;V Holzkirchenu byla velmi siln\u00e1 konkurence z cel\u00e9ho sv\u011bta, \u0159ada t\u00fdm\u016f tyto z\u00e1vody pova\u017eovala za kvalifika\u010dn\u00ed p\u0159ed nast\u00e1vaj\u00edc\u00edm MS ve \u0161v\u00fdcarsk\u00e9m Aigle, tak\u017ee jsem s v\u00fdsledky kluk\u016f velmi spokojen&#8220;, \u0159ekl po n\u00e1vratu ze z\u00e1vod\u016f reprezenta\u010dn\u00ed tren\u00e9r TP cyklist\u016f Viktor Zapletal. <\/p>\n<p> Celkov\u00e9 v\u00fdsledky Evropsk\u00e9ho poh\u00e1ru: <br \/> Michal Stark v kategorii LC3 cel\u00fd seri\u00e1l vyhr\u00e1l, <br \/> Ji\u0159\u00ed Je\u017eek v LC 2 skon\u010dil celkov\u011b 7., ov\u0161em absolvoval pouze jeden z\u00e1vod podniku EP,<br \/> Ji\u0159\u00ed Kalousek, LC1, obsadil celkov\u00e9 13. m\u00edsto.<\/p>\n","protected":false},"excerpt":{"rendered":"<a href=\"https:\/\/www.caths.cz\/wordpress\/graduje-priprava-na-ms-forma-cyklistum-stoupa\/\"><img loading=\"lazy\" decoding=\"async\" width=\"100\" height=\"100\" src=\"https:\/\/www.caths.cz\/wordpress\/wp-content\/plugins\/thumbnail-for-excerpts\/tfe_no_thumb.png\" class=\"alignleft wp-post-image tfe\" alt=\"\" title=\"\" \/><\/a><p>V\u00fdsledky na\u0161ich reprezentant\u016f na SP v n\u011bmeck\u00e9m Holzkirchenu, 28.-30. \u010dervence 2006, uk\u00e1zaly, \u017ee jsou \u010de\u0161t\u00ed t\u011blesn\u011b handicapovan\u00ed cyklist\u00e9 p\u0159ed bl\u00ed\u017e\u00edc\u00edm se MS v Aigle ve \u0160v\u00fdcarsku skv\u011ble p\u0159ipraveni.Jirka Je\u017eek LC [&hellip;]<\/p>\n","protected":false},"author":1,"featured_media":0,"comment_status":"closed","ping_status":"closed","sticky":false,"template":"","format":"standard","meta":{"ngg_post_thumbnail":0,"footnotes":""},"categories":[2],"tags":[],"class_list":["post-455","post","type-post","status-publish","format-standard","hentry","category-cyklistika"],"_links":{"self":[{"href":"https:\/\/www.caths.cz\/wordpress\/wp-json\/wp\/v2\/posts\/455","targetHints":{"allow":["GET"]}}],"collection":[{"href":"https:\/\/www.caths.cz\/wordpress\/wp-json\/wp\/v2\/posts"}],"about":[{"href":"https:\/\/www.caths.cz\/wordpress\/wp-json\/wp\/v2\/types\/post"}],"author":[{"embeddable":true,"href":"https:\/\/www.caths.cz\/wordpress\/wp-json\/wp\/v2\/users\/1"}],"replies":[{"embeddable":true,"href":"https:\/\/www.caths.cz\/wordpress\/wp-json\/wp\/v2\/comments?post=455"}],"version-history":[{"count":0,"href":"https:\/\/www.caths.cz\/wordpress\/wp-json\/wp\/v2\/posts\/455\/revisions"}],"wp:attachment":[{"href":"https:\/\/www.caths.cz\/wordpress\/wp-json\/wp\/v2\/media?parent=455"}],"wp:term":[{"taxonomy":"category","embeddable":true,"href":"https:\/\/www.caths.cz\/wordpress\/wp-json\/wp\/v2\/categories?post=455"},{"taxonomy":"post_tag","embeddable":true,"href":"https:\/\/www.caths.cz\/wordpress\/wp-json\/wp\/v2\/tags?post=455"}],"curies":[{"name":"wp","href":"https:\/\/api.w.org\/{rel}","templated":true}]}}