{"id":440,"date":"2005-07-17T12:31:40","date_gmt":"2005-07-17T11:31:40","guid":{"rendered":"http:\/\/www.caths.cz\/wordpress\/?p=440"},"modified":"2005-07-17T12:31:40","modified_gmt":"2005-07-17T11:31:40","slug":"talentovany-atlet-z-ceskych-budejovic-juniorskym-mistrem-sveta","status":"publish","type":"post","link":"https:\/\/www.caths.cz\/wordpress\/talentovany-atlet-z-ceskych-budejovic-juniorskym-mistrem-sveta\/","title":{"rendered":"Talentovan\u00fd atlet z \u010cesk\u00fdch Bud\u011bjovic juniorsk\u00fdm mistrem sv\u011bta"},"content":{"rendered":"<p>Stoke Mandeville, 6. 7. 2005<\/p>\n<p align=\"justify\">\n\u00dasp\u011b\u0161n\u00fd start do atletick\u00e9 kari\u00e9ry p\u0159edvedl na Mistrovstv\u00ed sv\u011bta ml\u00e1de\u017ee v atletice t\u011blesn\u011b handicapovan\u00fdch teprve patn\u00e1ctilet\u00fd Jakub Vysko\u010dil z Centra zdravotn\u011b posti\u017een\u00fdch sportovc\u016f v \u010cesk\u00fdch Bud\u011bjovic\u00edch. <\/p>\n<p align=\"justify\">Sv\u011b\u0159enec Ji\u0159\u00edho Sm\u00e9kala vybojoval zlatou medaili v hodu o\u0161t\u011bpem a bronz ve vrhu koul\u00ed kategorie F46 (posti\u017een\u00ed horn\u00ed kon\u010detiny).<br \/> Historicky prvn\u00ed sv\u011btov\u00fd \u0161ampion\u00e1t v atletice t\u011blesn\u011b handicapovan\u00e9 ml\u00e1de\u017ee se uskute\u010dnil 5. &#8211; 8. \u010dervence 2005 v kol\u00e9bce mezin\u00e1rodn\u00edho paralympismu v anglick\u00e9m Stoke Mandeville.<br \/> Z\u00fa\u010dastnilo se jej na \u0161est des\u00edtek mlad\u00fdch paralympijsk\u00fdch nad\u011bj\u00ed z deseti zem\u00ed. <br \/> Je\u0161t\u011b d\u016fle\u017eit\u011bj\u0161\u00ed ne\u017e medaile a rekordy na tomto \u0161ampion\u00e1tu je z pohledu paralympijsk\u00e9ho hnut\u00ed skute\u010dnost, \u017ee se po letech diskuz\u00ed o pot\u0159eb\u011b vrcholn\u00e9 sout\u011b\u017ee pro ml\u00e1de\u017e poda\u0159ilo prvn\u00ed \u0161ampion\u00e1t uspo\u0159\u00e1dat. <\/p>\n<p> <strong>Z v\u00fdsledk\u016f J. Vysko\u010dila:<\/strong> <\/p>\n<table border=0>\n<caption>O\u0161t\u011bp, chlapci, kategorie F46<\/caption>\n<tr>\n<td>1.<\/td>\n<td>J. Vysko\u010dil<\/td>\n<td>CZE<\/td>\n<td>29.24 m<\/td>\n<\/tr>\n<tr>\n<td>2.<\/td>\n<td>T. Digney<\/td>\n<td>GBR<\/td>\n<td>23.30 m<\/td>\n<\/tr>\n<tr>\n<td>3.<\/td>\n<td>J. Morgan<\/td>\n<td>GBR<\/td>\n<td>13.70 m<\/td>\n<\/tr>\n<\/table>\n<p> <\/p>\n<table border=0>\n<caption>Koule, chlapci, F46<\/caption>\n<tr>\n<td>1.<\/td>\n<td>J. Knuttel<\/td>\n<td>GER<\/td>\n<td>12.89 m<\/td>\n<\/tr>\n<tr>\n<td>2. <\/td>\n<td>T. Digney<\/td>\n<td>GBR<\/td>\n<td>8.71 m<\/td>\n<\/tr>\n<tr>\n<td>3. <\/td>\n<td>J. Vysko\u010dil<\/td>\n<td>CZE<\/td>\n<td>8.28 m<\/td>\n<\/tr>\n<\/table>\n<p> <\/p>\n<table border=0>\n<caption>100 m, chlapci, F46<\/caption>\n<tr>\n<td>8.<\/td>\n<td>J. Vysko\u010dil<\/td>\n<td>CZE<\/td>\n<td>14.92 sec.<\/td>\n<\/tr>\n<\/table>\n<p><\/p>\n","protected":false},"excerpt":{"rendered":"<a href=\"https:\/\/www.caths.cz\/wordpress\/talentovany-atlet-z-ceskych-budejovic-juniorskym-mistrem-sveta\/\"><img loading=\"lazy\" decoding=\"async\" width=\"100\" height=\"100\" src=\"https:\/\/www.caths.cz\/wordpress\/wp-content\/plugins\/thumbnail-for-excerpts\/tfe_no_thumb.png\" class=\"alignleft wp-post-image tfe\" alt=\"\" title=\"\" \/><\/a><p>Stoke Mandeville, 6. 7. 2005 \u00dasp\u011b\u0161n\u00fd start do atletick\u00e9 kari\u00e9ry p\u0159edvedl na Mistrovstv\u00ed sv\u011bta ml\u00e1de\u017ee v atletice t\u011blesn\u011b handicapovan\u00fdch teprve patn\u00e1ctilet\u00fd Jakub Vysko\u010dil z Centra zdravotn\u011b posti\u017een\u00fdch sportovc\u016f v \u010cesk\u00fdch [&hellip;]<\/p>\n","protected":false},"author":1,"featured_media":0,"comment_status":"closed","ping_status":"closed","sticky":false,"template":"","format":"standard","meta":{"ngg_post_thumbnail":0,"footnotes":""},"categories":[5],"tags":[],"class_list":["post-440","post","type-post","status-publish","format-standard","hentry","category-atletika"],"_links":{"self":[{"href":"https:\/\/www.caths.cz\/wordpress\/wp-json\/wp\/v2\/posts\/440","targetHints":{"allow":["GET"]}}],"collection":[{"href":"https:\/\/www.caths.cz\/wordpress\/wp-json\/wp\/v2\/posts"}],"about":[{"href":"https:\/\/www.caths.cz\/wordpress\/wp-json\/wp\/v2\/types\/post"}],"author":[{"embeddable":true,"href":"https:\/\/www.caths.cz\/wordpress\/wp-json\/wp\/v2\/users\/1"}],"replies":[{"embeddable":true,"href":"https:\/\/www.caths.cz\/wordpress\/wp-json\/wp\/v2\/comments?post=440"}],"version-history":[{"count":0,"href":"https:\/\/www.caths.cz\/wordpress\/wp-json\/wp\/v2\/posts\/440\/revisions"}],"wp:attachment":[{"href":"https:\/\/www.caths.cz\/wordpress\/wp-json\/wp\/v2\/media?parent=440"}],"wp:term":[{"taxonomy":"category","embeddable":true,"href":"https:\/\/www.caths.cz\/wordpress\/wp-json\/wp\/v2\/categories?post=440"},{"taxonomy":"post_tag","embeddable":true,"href":"https:\/\/www.caths.cz\/wordpress\/wp-json\/wp\/v2\/tags?post=440"}],"curies":[{"name":"wp","href":"https:\/\/api.w.org\/{rel}","templated":true}]}}