{"id":32624,"date":"2026-04-27T14:03:45","date_gmt":"2026-04-27T13:03:45","guid":{"rendered":"https:\/\/www.caths.cz\/wordpress\/?p=32624"},"modified":"2026-04-27T14:32:14","modified_gmt":"2026-04-27T13:32:14","slug":"medailove-uspechy-pod-marockym-sluncem-cesko-se-na-grand-prix-vklinilo-do-svetove-elity","status":"publish","type":"post","link":"https:\/\/www.caths.cz\/wordpress\/medailove-uspechy-pod-marockym-sluncem-cesko-se-na-grand-prix-vklinilo-do-svetove-elity\/","title":{"rendered":"Medailov\u00e9 \u00fasp\u011bchy pod marock\u00fdm sluncem. \u010cesko se na Grand Prix vkl\u00ednilo do sv\u011btov\u00e9 elity"},"content":{"rendered":"\n<figure class=\"wp-block-image size-large\"><a href=\"https:\/\/www.caths.cz\/wordpress\/wp-content\/uploads\/2026\/04\/vzor-foto-do-clanku-2.png\"><img loading=\"lazy\" decoding=\"async\" width=\"1024\" height=\"578\" src=\"https:\/\/www.caths.cz\/wordpress\/wp-content\/uploads\/2026\/04\/vzor-foto-do-clanku-2-1024x578.png\" alt=\"\" class=\"wp-image-32627\" srcset=\"https:\/\/www.caths.cz\/wordpress\/wp-content\/uploads\/2026\/04\/vzor-foto-do-clanku-2-1024x578.png 1024w, https:\/\/www.caths.cz\/wordpress\/wp-content\/uploads\/2026\/04\/vzor-foto-do-clanku-2-300x169.png 300w, https:\/\/www.caths.cz\/wordpress\/wp-content\/uploads\/2026\/04\/vzor-foto-do-clanku-2-768x434.png 768w, https:\/\/www.caths.cz\/wordpress\/wp-content\/uploads\/2026\/04\/vzor-foto-do-clanku-2-120x68.png 120w, https:\/\/www.caths.cz\/wordpress\/wp-content\/uploads\/2026\/04\/vzor-foto-do-clanku-2.png 1240w\" sizes=\"auto, (max-width: 1024px) 100vw, 1024px\" \/><\/a><\/figure>\n\n\n\n<p><strong>Sv\u011btov\u00e9 Grand Prix v para atletice v Maroku se prom\u011bnilo v \u010deskou medailovou \u017ee\u0148. N\u00e1rodn\u00ed t\u00fdm v nabit\u00e9 mezin\u00e1rodn\u00ed konkurenci nejen\u017ee obst\u00e1l, ale s celkovou bilanc\u00ed \u010dty\u0159 zlat\u00fdch, \u010dty\u0159 st\u0159\u00edbrn\u00fdch a dev\u00edti bronzov\u00fdch medail\u00ed vybojoval vynikaj\u00edc\u00ed sedm\u00e9 m\u00edsto v hodnocen\u00ed n\u00e1rod\u016f. \u00dasp\u011bch na africk\u00e9 p\u016fd\u011b je o to \u00factyhodn\u011bj\u0161\u00ed, \u017ee se rodil v nesm\u00edrn\u011b n\u00e1ro\u010dn\u00fdch podm\u00ednk\u00e1ch a za doprovodu \u0159ady organiza\u010dn\u00edch zmatk\u016f.<\/strong><\/p>\n\n\n\n<p>Skv\u011bl\u00fd t\u00f3n cel\u00e9mu africk\u00e9mu m\u00edtinku udala u\u017e b\u011bhem prvn\u00edho dne Miroslava Ad\u00e1mkov\u00e1, kter\u00e1 suver\u00e9nn\u011b ovl\u00e1dla vrh koul\u00ed a zajistila \u010cesku prvn\u00ed zlato. Jej\u00ed nejcenn\u011bj\u0161\u00ed kov doplnily bronzov\u00e9 \u00fasp\u011bchy sprintera Ond\u0159eje Barto\u0161ka na stovce a Ale\u0161e Kis\u00e9ho ve vrha\u010dsk\u00e9m sektoru.<\/p>\n\n\n\n<p>Druh\u00fd sout\u011b\u017en\u00ed den \u010desk\u00e1 ma\u0161ina nezpomalila, ba naopak. Reprezentanti si s\u00e1hli hned na sedm medail\u00ed. Zlatou radost pro\u017eili Eva Bern\u00e1 ve vrhu koul\u00ed a Ale\u0161 Kis\u00fd v hodu o\u0161t\u011bpem. O cenn\u00e1 st\u0159\u00edbra se postarali Anna Luxov\u00e1 a Anton\u00edn Johanides, bronzov\u00e9 kovy pak brali Miroslava Ad\u00e1mkov\u00e1, Michal Enge a znovu Ond\u0159ej Barto\u0161ek, kter\u00fd na dvoustovce p\u0159edvedl skv\u011bl\u00fd v\u00fdkon. T\u011bsn\u011b pod stupni v\u00edt\u011bz\u016f pak po velk\u00fdch boj\u00edch z\u016fstali diska\u0159i Jaroslav Petrou\u0161 s Michalem Vimmerem a o\u0161t\u011bpa\u0159 Tom\u00e1\u0161 Hor\u00e1\u010dek.<\/p>\n\n\n\n<p>Ani v samotn\u00e9m z\u00e1v\u011bru m\u00edtinku \u010de\u0161t\u00ed sportovci nepolevili. O \u010dtvrt\u00e9 a z\u00e1v\u011bre\u010dn\u00e9 \u010desk\u00e9 zlato se fam\u00f3zn\u00edm pokusem postaral Franti\u0161ek Serbus v hodu ku\u017eelkou. Univerz\u00e1l Ale\u0161 Kis\u00fd nav\u00edc st\u0159\u00edbrem v hodu diskem zkompletoval svou osobn\u00ed medailovou sadu z tohoto \u0161ampion\u00e1tu. Na stupn\u011b v\u00edt\u011bz\u016f se v posledn\u00ed den probojovali tak\u00e9 bronzov\u00e1 Martina Absolonov\u00e1 na n\u00e1ro\u010dn\u00e9 \u010dtvrtka\u0159sk\u00e9 trati a Tom\u00e1\u0161 Hor\u00e1\u010dek ve vrhu koul\u00ed.<\/p>\n\n\n\n<h3 class=\"wp-block-heading\">\u00dasp\u011bch vybojovan\u00fd navzdory zmatk\u016fm<\/h3>\n\n\n\n<p>Zisk \u0161estn\u00e1cti cenn\u00fdch kov\u016f je obdivuhodn\u00fd o to v\u00edce, kdy\u017e vezmeme v potaz z\u00e1kulis\u00ed cel\u00e9ho z\u00e1vodu. V\u00fdprava se musela pot\u00fdkat s celou \u0159adou nep\u0159\u00edjemnost\u00ed u\u017e od samotn\u00e9ho p\u0159\u00edletu. Sv\u00e9 dojmy bezprost\u0159edn\u011b po skon\u010den\u00ed m\u00edtinku shrnul pr\u00e1v\u011b bronzov\u00fd medailista Tom\u00e1\u0161 Hor\u00e1\u010dek:<\/p>\n\n\n\n<p><em>\u201eS v\u00fdkony na kouli jsem relativn\u011b spokojenej, i kdy\u017e v\u00edm, \u017ee je ve mn\u011b v\u00edc. J\u00e1 jsem amat\u00e9r a soupe\u0159it s klukama z t\u00e9 nejvy\u0161\u0161\u00ed \u0161pi\u010dky, kte\u0159\u00ed maj\u00ed podepsan\u00e9 profi smlouvy a ve\u0161ker\u00e9 z\u00e1zem\u00ed, prost\u011b nen\u00ed sranda. Ale sna\u017e\u00edm se. Co se t\u00fd\u010de hodnocen\u00ed m\u00edtinku&#8230; docela jsme se t\u011b\u0161ili, ale za\u010dalo to hned po p\u0159\u00edletu. Na hotelu n\u00e1m nedorazily kufry. Dal\u0161\u00ed v\u011bc byla doprava \u2013 pro voz\u00ed\u010dk\u00e1\u0159e poslali autobus se schody, tak\u017ee se museli vyn\u00e1\u0161et. Na to, \u017ee to Maroko po\u0159\u00e1dalo u\u017e podes\u00e1t\u00e9, to bylo hrozn\u011b zmate\u010dn\u00e9. Do toho polovina na\u0161\u00ed v\u00fdpravy v\u016fbec nedostala medaile, pr\u00fd n\u00e1m je po\u0161lou dodate\u010dn\u011b. Na tr\u00e9ninkov\u00e9m stadionu chyb\u011bla uzp\u016fsoben\u00e1 platforma, tak\u017ee jsme museli sh\u00e1n\u011bt kol\u00edky a cihly, aby se n\u00e1m kozy p\u0159i vrz\u00edch nebo\u0159ily do p\u016fdy. Z m\u00fdch dosavadn\u00edch zku\u0161enost\u00ed s&nbsp;Grand Prix po cel\u00e9m sv\u011bt\u011b to byly jedny z nejhor\u0161\u00edch z\u00e1vod\u016f.\u201c<\/em><\/p>\n\n\n\n<p>V kone\u010dn\u00e9m \u00fa\u010dtov\u00e1n\u00ed se \u010desk\u00e1 v\u00fdprava za\u0159adila na celkovou sedmou p\u0159\u00ed\u010dku v hodnocen\u00ed n\u00e1rod\u016f. Jde o velk\u00fd \u00fasp\u011bch podtr\u017een\u00fd faktem, \u017ee se z\u00e1vodn\u00edci dok\u00e1zali prosadit v&nbsp;n\u00e1ro\u010dn\u00fdch podm\u00ednk\u00e1ch nejen medailov\u011b, ale i v\u00fdkonnostn\u011b \u2013 \u0159ada z nich posunula sv\u00e9 osobn\u00ed limity a potvrdila spr\u00e1vn\u00fd sm\u011br v&nbsp;r\u00e1mci leto\u0161n\u00ed sout\u011b\u017en\u00ed sez\u00f3ny.<\/p>\n\n\n\n<p class=\"has-text-align-center has-medium-font-size\"><em>Kompletn\u00ed v\u00fdsledkov\u00fd servis <strong><a href=\"https:\/\/frmspsh.racetimermorocco.com\/en\">ZDE<\/a><\/strong>.<\/em><\/p>\n\n\n\n<p><span style=\"text-decoration: underline;\">Medailov\u00e9 v\u00fdkony \u010ceska na Grand Prix Rabat 2026<\/span>:<\/p>\n\n\n\n<p><span style=\"text-decoration: underline;\">Zlato<\/span>:<\/p>\n\n\n\n<p><strong>Miroslava Ad\u00e1mkov\u00e1<\/strong> \u2013 vrh koul\u00ed (7,00 m)<br><strong>Ale\u0161 Kis\u00fd<\/strong> \u2013 hod o\u0161t\u011bpem (15,36 m)<br><strong>Eva Bern\u00e1<\/strong> \u2013 vrh koul\u00ed (10,20 m)<br><strong>Franti\u0161ek Serbus<\/strong> \u2013 hod ku\u017eelkou (34,96 m)<\/p>\n\n\n\n<p><span style=\"text-decoration: underline;\">St\u0159\u00edbro<\/span>:<\/p>\n\n\n\n<p><strong>Ale\u0161 Kis\u00fd<\/strong> \u2013 hod diskem (14,56 m)<br><strong>Anna Luxov\u00e1<\/strong> \u2013 vrh koul\u00ed (8,76 m)<br><strong>Anton\u00edn Johanides<\/strong> \u2013 hod o\u0161t\u011bpem (12,26 m)<br><strong>Michal Pallag<\/strong> \u2013 vrh koul\u00ed (11,00 m)<\/p>\n\n\n\n<p><span style=\"text-decoration: underline;\">Bronz<\/span>:<\/p>\n\n\n\n<p><strong>Martina Absolonov\u00e1<\/strong> \u2013 b\u011bh na 400 m (63,60 s)<br><strong>Tom\u00e1\u0161 Hor\u00e1\u010dek<\/strong> \u2013 vrh koul\u00ed (10,03 m)<br><strong>Martin Adam\u010d\u00edk<\/strong> \u2013 vrh koul\u00ed (11,97 m)<br><strong>Miroslava Ad\u00e1mkov\u00e1<\/strong> \u2013 hod o\u0161t\u011bpem (16,02 m)<br><strong>Michal Enge<\/strong> \u2013 hod diskem (8,42 m)<br><strong>Ond\u0159ej Barto\u0161ek<\/strong> \u2013 b\u011bh na 200 m (31,01 s)<br><strong>Ond\u0159ej Barto\u0161ek<\/strong> \u2013 b\u011bh na 100 m (14,81 s)<br><strong>Michal Vimmer<\/strong> \u2013 vrh koul\u00ed (10,44 m)<br><strong>Ale\u0161 Kis\u00fd<\/strong> \u2013 vrh koul\u00ed (7,58 m)<\/p>\n\n\n\n<p class=\"has-text-align-right\"><em>Text: Martin Steinbach<br>Foto: WPA a archiv \u010cATH<\/em>S<\/p>\n\n\n\n<figure class=\"wp-block-gallery has-nested-images columns-default is-cropped wp-block-gallery-1 is-layout-flex wp-block-gallery-is-layout-flex\">\n<figure class=\"wp-block-image size-large\"><a href=\"https:\/\/www.caths.cz\/wordpress\/wp-content\/uploads\/2026\/04\/2-scaled.png\"><img loading=\"lazy\" decoding=\"async\" width=\"819\" height=\"1024\" data-id=\"32630\" src=\"https:\/\/www.caths.cz\/wordpress\/wp-content\/uploads\/2026\/04\/2-819x1024.png\" alt=\"\" class=\"wp-image-32630\" srcset=\"https:\/\/www.caths.cz\/wordpress\/wp-content\/uploads\/2026\/04\/2-819x1024.png 819w, https:\/\/www.caths.cz\/wordpress\/wp-content\/uploads\/2026\/04\/2-240x300.png 240w, https:\/\/www.caths.cz\/wordpress\/wp-content\/uploads\/2026\/04\/2-768x960.png 768w, https:\/\/www.caths.cz\/wordpress\/wp-content\/uploads\/2026\/04\/2-1229x1536.png 1229w, https:\/\/www.caths.cz\/wordpress\/wp-content\/uploads\/2026\/04\/2-1638x2048.png 1638w, https:\/\/www.caths.cz\/wordpress\/wp-content\/uploads\/2026\/04\/2-96x120.png 96w, https:\/\/www.caths.cz\/wordpress\/wp-content\/uploads\/2026\/04\/2-scaled.png 2048w\" sizes=\"auto, (max-width: 819px) 100vw, 819px\" \/><\/a><\/figure>\n\n\n\n<figure class=\"wp-block-image size-large\"><a href=\"https:\/\/www.caths.cz\/wordpress\/wp-content\/uploads\/2026\/04\/1-scaled.png\"><img loading=\"lazy\" decoding=\"async\" width=\"819\" height=\"1024\" data-id=\"32629\" src=\"https:\/\/www.caths.cz\/wordpress\/wp-content\/uploads\/2026\/04\/1-819x1024.png\" alt=\"\" class=\"wp-image-32629\" srcset=\"https:\/\/www.caths.cz\/wordpress\/wp-content\/uploads\/2026\/04\/1-819x1024.png 819w, https:\/\/www.caths.cz\/wordpress\/wp-content\/uploads\/2026\/04\/1-240x300.png 240w, https:\/\/www.caths.cz\/wordpress\/wp-content\/uploads\/2026\/04\/1-768x960.png 768w, https:\/\/www.caths.cz\/wordpress\/wp-content\/uploads\/2026\/04\/1-1229x1536.png 1229w, https:\/\/www.caths.cz\/wordpress\/wp-content\/uploads\/2026\/04\/1-1638x2048.png 1638w, https:\/\/www.caths.cz\/wordpress\/wp-content\/uploads\/2026\/04\/1-96x120.png 96w, https:\/\/www.caths.cz\/wordpress\/wp-content\/uploads\/2026\/04\/1-scaled.png 2048w\" sizes=\"auto, (max-width: 819px) 100vw, 819px\" \/><\/a><\/figure>\n\n\n\n<figure class=\"wp-block-image size-large\"><a href=\"https:\/\/www.caths.cz\/wordpress\/wp-content\/uploads\/2026\/04\/3-scaled.png\"><img loading=\"lazy\" decoding=\"async\" width=\"819\" height=\"1024\" data-id=\"32631\" src=\"https:\/\/www.caths.cz\/wordpress\/wp-content\/uploads\/2026\/04\/3-819x1024.png\" alt=\"\" class=\"wp-image-32631\" srcset=\"https:\/\/www.caths.cz\/wordpress\/wp-content\/uploads\/2026\/04\/3-819x1024.png 819w, https:\/\/www.caths.cz\/wordpress\/wp-content\/uploads\/2026\/04\/3-240x300.png 240w, https:\/\/www.caths.cz\/wordpress\/wp-content\/uploads\/2026\/04\/3-768x960.png 768w, https:\/\/www.caths.cz\/wordpress\/wp-content\/uploads\/2026\/04\/3-1229x1536.png 1229w, https:\/\/www.caths.cz\/wordpress\/wp-content\/uploads\/2026\/04\/3-1638x2048.png 1638w, https:\/\/www.caths.cz\/wordpress\/wp-content\/uploads\/2026\/04\/3-96x120.png 96w, https:\/\/www.caths.cz\/wordpress\/wp-content\/uploads\/2026\/04\/3-scaled.png 2048w\" sizes=\"auto, (max-width: 819px) 100vw, 819px\" \/><\/a><\/figure>\n<\/figure>\n\n\n\n<hr class=\"wp-block-separator has-alpha-channel-opacity\"\/>\n\n\n\n<figure class=\"wp-block-gallery has-nested-images columns-default is-cropped wp-block-gallery-2 is-layout-flex wp-block-gallery-is-layout-flex\">\n<figure class=\"wp-block-image size-large\"><a href=\"https:\/\/www.caths.cz\/wordpress\/wp-content\/uploads\/2026\/04\/WhatsApp-Image-2026-04-23-at-10.23.48.jpeg\"><img loading=\"lazy\" decoding=\"async\" width=\"1024\" height=\"768\" data-id=\"32632\" src=\"https:\/\/www.caths.cz\/wordpress\/wp-content\/uploads\/2026\/04\/WhatsApp-Image-2026-04-23-at-10.23.48-1024x768.jpeg\" alt=\"\" class=\"wp-image-32632\" srcset=\"https:\/\/www.caths.cz\/wordpress\/wp-content\/uploads\/2026\/04\/WhatsApp-Image-2026-04-23-at-10.23.48-1024x768.jpeg 1024w, https:\/\/www.caths.cz\/wordpress\/wp-content\/uploads\/2026\/04\/WhatsApp-Image-2026-04-23-at-10.23.48-300x225.jpeg 300w, https:\/\/www.caths.cz\/wordpress\/wp-content\/uploads\/2026\/04\/WhatsApp-Image-2026-04-23-at-10.23.48-768x576.jpeg 768w, https:\/\/www.caths.cz\/wordpress\/wp-content\/uploads\/2026\/04\/WhatsApp-Image-2026-04-23-at-10.23.48-1536x1152.jpeg 1536w, https:\/\/www.caths.cz\/wordpress\/wp-content\/uploads\/2026\/04\/WhatsApp-Image-2026-04-23-at-10.23.48-120x90.jpeg 120w, https:\/\/www.caths.cz\/wordpress\/wp-content\/uploads\/2026\/04\/WhatsApp-Image-2026-04-23-at-10.23.48.jpeg 2048w\" sizes=\"auto, (max-width: 1024px) 100vw, 1024px\" \/><\/a><\/figure>\n\n\n\n<figure class=\"wp-block-image size-large\"><a href=\"https:\/\/www.caths.cz\/wordpress\/wp-content\/uploads\/2026\/04\/55229498563_7234b7c086_k.jpg\"><img loading=\"lazy\" decoding=\"async\" width=\"1024\" height=\"683\" data-id=\"32633\" src=\"https:\/\/www.caths.cz\/wordpress\/wp-content\/uploads\/2026\/04\/55229498563_7234b7c086_k-1024x683.jpg\" alt=\"\" class=\"wp-image-32633\" srcset=\"https:\/\/www.caths.cz\/wordpress\/wp-content\/uploads\/2026\/04\/55229498563_7234b7c086_k-1024x683.jpg 1024w, https:\/\/www.caths.cz\/wordpress\/wp-content\/uploads\/2026\/04\/55229498563_7234b7c086_k-300x200.jpg 300w, https:\/\/www.caths.cz\/wordpress\/wp-content\/uploads\/2026\/04\/55229498563_7234b7c086_k-768x512.jpg 768w, https:\/\/www.caths.cz\/wordpress\/wp-content\/uploads\/2026\/04\/55229498563_7234b7c086_k-1536x1024.jpg 1536w, https:\/\/www.caths.cz\/wordpress\/wp-content\/uploads\/2026\/04\/55229498563_7234b7c086_k-120x80.jpg 120w, https:\/\/www.caths.cz\/wordpress\/wp-content\/uploads\/2026\/04\/55229498563_7234b7c086_k.jpg 2048w\" sizes=\"auto, (max-width: 1024px) 100vw, 1024px\" \/><\/a><\/figure>\n<\/figure>\n\n\n\n<hr class=\"wp-block-separator has-alpha-channel-opacity\"\/>\n\n\n\n<figure class=\"wp-block-gallery has-nested-images columns-default is-cropped wp-block-gallery-3 is-layout-flex wp-block-gallery-is-layout-flex\">\n<figure class=\"wp-block-image size-large\"><a href=\"https:\/\/www.caths.cz\/wordpress\/wp-content\/uploads\/2026\/04\/WhatsApp-Image-2026-04-24-at-20.51.34.jpeg\"><img loading=\"lazy\" decoding=\"async\" width=\"768\" height=\"1024\" data-id=\"32635\" src=\"https:\/\/www.caths.cz\/wordpress\/wp-content\/uploads\/2026\/04\/WhatsApp-Image-2026-04-24-at-20.51.34-768x1024.jpeg\" alt=\"\" class=\"wp-image-32635\" srcset=\"https:\/\/www.caths.cz\/wordpress\/wp-content\/uploads\/2026\/04\/WhatsApp-Image-2026-04-24-at-20.51.34-768x1024.jpeg 768w, https:\/\/www.caths.cz\/wordpress\/wp-content\/uploads\/2026\/04\/WhatsApp-Image-2026-04-24-at-20.51.34-225x300.jpeg 225w, https:\/\/www.caths.cz\/wordpress\/wp-content\/uploads\/2026\/04\/WhatsApp-Image-2026-04-24-at-20.51.34-1152x1536.jpeg 1152w, https:\/\/www.caths.cz\/wordpress\/wp-content\/uploads\/2026\/04\/WhatsApp-Image-2026-04-24-at-20.51.34-90x120.jpeg 90w, https:\/\/www.caths.cz\/wordpress\/wp-content\/uploads\/2026\/04\/WhatsApp-Image-2026-04-24-at-20.51.34.jpeg 1200w\" sizes=\"auto, (max-width: 768px) 100vw, 768px\" \/><\/a><\/figure>\n\n\n\n<figure class=\"wp-block-image size-large\"><a href=\"https:\/\/www.caths.cz\/wordpress\/wp-content\/uploads\/2026\/04\/4-scaled.png\"><img loading=\"lazy\" decoding=\"async\" width=\"819\" height=\"1024\" data-id=\"32636\" src=\"https:\/\/www.caths.cz\/wordpress\/wp-content\/uploads\/2026\/04\/4-819x1024.png\" alt=\"\" class=\"wp-image-32636\" srcset=\"https:\/\/www.caths.cz\/wordpress\/wp-content\/uploads\/2026\/04\/4-819x1024.png 819w, https:\/\/www.caths.cz\/wordpress\/wp-content\/uploads\/2026\/04\/4-240x300.png 240w, https:\/\/www.caths.cz\/wordpress\/wp-content\/uploads\/2026\/04\/4-768x960.png 768w, https:\/\/www.caths.cz\/wordpress\/wp-content\/uploads\/2026\/04\/4-1229x1536.png 1229w, https:\/\/www.caths.cz\/wordpress\/wp-content\/uploads\/2026\/04\/4-1638x2048.png 1638w, https:\/\/www.caths.cz\/wordpress\/wp-content\/uploads\/2026\/04\/4-96x120.png 96w, https:\/\/www.caths.cz\/wordpress\/wp-content\/uploads\/2026\/04\/4-scaled.png 2048w\" sizes=\"auto, (max-width: 819px) 100vw, 819px\" \/><\/a><\/figure>\n\n\n\n<figure class=\"wp-block-image size-large\"><a href=\"https:\/\/www.caths.cz\/wordpress\/wp-content\/uploads\/2026\/04\/673812823_18311490055273753_5523845560497857420_n.jpeg\"><img loading=\"lazy\" decoding=\"async\" width=\"576\" height=\"1024\" data-id=\"32637\" src=\"https:\/\/www.caths.cz\/wordpress\/wp-content\/uploads\/2026\/04\/673812823_18311490055273753_5523845560497857420_n-576x1024.jpeg\" alt=\"\" class=\"wp-image-32637\" srcset=\"https:\/\/www.caths.cz\/wordpress\/wp-content\/uploads\/2026\/04\/673812823_18311490055273753_5523845560497857420_n-576x1024.jpeg 576w, https:\/\/www.caths.cz\/wordpress\/wp-content\/uploads\/2026\/04\/673812823_18311490055273753_5523845560497857420_n-169x300.jpeg 169w, https:\/\/www.caths.cz\/wordpress\/wp-content\/uploads\/2026\/04\/673812823_18311490055273753_5523845560497857420_n-768x1365.jpeg 768w, https:\/\/www.caths.cz\/wordpress\/wp-content\/uploads\/2026\/04\/673812823_18311490055273753_5523845560497857420_n-864x1536.jpeg 864w, https:\/\/www.caths.cz\/wordpress\/wp-content\/uploads\/2026\/04\/673812823_18311490055273753_5523845560497857420_n-68x120.jpeg 68w, https:\/\/www.caths.cz\/wordpress\/wp-content\/uploads\/2026\/04\/673812823_18311490055273753_5523845560497857420_n.jpeg 1080w\" sizes=\"auto, (max-width: 576px) 100vw, 576px\" \/><\/a><\/figure>\n<\/figure>\n","protected":false},"excerpt":{"rendered":"<a href=\"https:\/\/www.caths.cz\/wordpress\/medailove-uspechy-pod-marockym-sluncem-cesko-se-na-grand-prix-vklinilo-do-svetove-elity\/\"><img width=\"100\" height=\"100\" src=\"https:\/\/www.caths.cz\/wordpress\/wp-content\/uploads\/2026\/04\/FB-post-4_5-CATHS-3-100x100.png\" class=\"alignleft tfe wp-post-image\" alt=\"\" decoding=\"async\" loading=\"lazy\" srcset=\"https:\/\/www.caths.cz\/wordpress\/wp-content\/uploads\/2026\/04\/FB-post-4_5-CATHS-3-100x100.png 100w, https:\/\/www.caths.cz\/wordpress\/wp-content\/uploads\/2026\/04\/FB-post-4_5-CATHS-3-150x150.png 150w\" sizes=\"auto, (max-width: 100px) 100vw, 100px\" \/><\/a><p>Sv\u011btov\u00e9 Grand Prix v para atletice v Maroku se prom\u011bnilo v \u010deskou medailovou \u017ee\u0148. N\u00e1rodn\u00ed t\u00fdm v nabit\u00e9 mezin\u00e1rodn\u00ed konkurenci nejen\u017ee obst\u00e1l, ale s celkovou bilanc\u00ed \u010dty\u0159 zlat\u00fdch, \u010dty\u0159 st\u0159\u00edbrn\u00fdch [&hellip;]<\/p>\n","protected":false},"author":1,"featured_media":32628,"comment_status":"closed","ping_status":"closed","sticky":false,"template":"","format":"standard","meta":{"ngg_post_thumbnail":0,"footnotes":""},"categories":[1],"tags":[],"class_list":["post-32624","post","type-post","status-publish","format-standard","has-post-thumbnail","hentry","category-nezarazene"],"_links":{"self":[{"href":"https:\/\/www.caths.cz\/wordpress\/wp-json\/wp\/v2\/posts\/32624","targetHints":{"allow":["GET"]}}],"collection":[{"href":"https:\/\/www.caths.cz\/wordpress\/wp-json\/wp\/v2\/posts"}],"about":[{"href":"https:\/\/www.caths.cz\/wordpress\/wp-json\/wp\/v2\/types\/post"}],"author":[{"embeddable":true,"href":"https:\/\/www.caths.cz\/wordpress\/wp-json\/wp\/v2\/users\/1"}],"replies":[{"embeddable":true,"href":"https:\/\/www.caths.cz\/wordpress\/wp-json\/wp\/v2\/comments?post=32624"}],"version-history":[{"count":4,"href":"https:\/\/www.caths.cz\/wordpress\/wp-json\/wp\/v2\/posts\/32624\/revisions"}],"predecessor-version":[{"id":32639,"href":"https:\/\/www.caths.cz\/wordpress\/wp-json\/wp\/v2\/posts\/32624\/revisions\/32639"}],"wp:featuredmedia":[{"embeddable":true,"href":"https:\/\/www.caths.cz\/wordpress\/wp-json\/wp\/v2\/media\/32628"}],"wp:attachment":[{"href":"https:\/\/www.caths.cz\/wordpress\/wp-json\/wp\/v2\/media?parent=32624"}],"wp:term":[{"taxonomy":"category","embeddable":true,"href":"https:\/\/www.caths.cz\/wordpress\/wp-json\/wp\/v2\/categories?post=32624"},{"taxonomy":"post_tag","embeddable":true,"href":"https:\/\/www.caths.cz\/wordpress\/wp-json\/wp\/v2\/tags?post=32624"}],"curies":[{"name":"wp","href":"https:\/\/api.w.org\/{rel}","templated":true}]}}