{"id":32598,"date":"2026-04-21T10:46:08","date_gmt":"2026-04-21T09:46:08","guid":{"rendered":"https:\/\/www.caths.cz\/wordpress\/?p=32598"},"modified":"2026-04-21T11:01:57","modified_gmt":"2026-04-21T10:01:57","slug":"uvodni-kolo-para-atleticke-ligy-zkuseni-reprezentanti-potvrdili-roli-favoritu-zarili-i-juniori","status":"publish","type":"post","link":"https:\/\/www.caths.cz\/wordpress\/uvodni-kolo-para-atleticke-ligy-zkuseni-reprezentanti-potvrdili-roli-favoritu-zarili-i-juniori\/","title":{"rendered":"\u00davodn\u00ed kolo para atletick\u00e9 ligy: Zku\u0161en\u00ed reprezentanti potvrdili roli favorit\u016f, z\u00e1\u0159ili i junio\u0159i"},"content":{"rendered":"\n<figure class=\"wp-block-image size-large\"><a href=\"https:\/\/www.caths.cz\/wordpress\/wp-content\/uploads\/2026\/04\/vzor-foto-do-clanku-3-1.png\"><img loading=\"lazy\" decoding=\"async\" width=\"1024\" height=\"578\" src=\"https:\/\/www.caths.cz\/wordpress\/wp-content\/uploads\/2026\/04\/vzor-foto-do-clanku-3-1-1024x578.png\" alt=\"\" class=\"wp-image-32600\" srcset=\"https:\/\/www.caths.cz\/wordpress\/wp-content\/uploads\/2026\/04\/vzor-foto-do-clanku-3-1-1024x578.png 1024w, https:\/\/www.caths.cz\/wordpress\/wp-content\/uploads\/2026\/04\/vzor-foto-do-clanku-3-1-300x169.png 300w, https:\/\/www.caths.cz\/wordpress\/wp-content\/uploads\/2026\/04\/vzor-foto-do-clanku-3-1-768x434.png 768w, https:\/\/www.caths.cz\/wordpress\/wp-content\/uploads\/2026\/04\/vzor-foto-do-clanku-3-1-120x68.png 120w, https:\/\/www.caths.cz\/wordpress\/wp-content\/uploads\/2026\/04\/vzor-foto-do-clanku-3-1.png 1240w\" sizes=\"auto, (max-width: 1024px) 100vw, 1024px\" \/><\/a><\/figure>\n\n\n\n<p><strong>O\u010dek\u00e1van\u00fd start sez\u00f3ny je tady. V sobotu 18. dubna p\u0159iv\u00edtala Praha \u00favodn\u00ed d\u011bjstv\u00ed <a href=\"https:\/\/www.paraatletika.cz\/\" data-type=\"link\" data-id=\"https:\/\/www.paraatletika.cz\/\" target=\"_blank\" rel=\"noreferrer noopener\">\u010cesk\u00e9 para atletick\u00e9 ligy (\u010cPAL) 2026<\/a>. \u00davodn\u00ed test pod otev\u0159en\u00fdm nebem nab\u00eddl dominantn\u00ed v\u00fdkony st\u00e1lic, fantastick\u00e9 debuty junior\u016f i rekordn\u00ed \u00fa\u010dast, kter\u00e1 prov\u011b\u0159ila po\u0159adatele na maximum.<\/strong><\/p>\n\n\n\n<h3 class=\"wp-block-heading\">Mu\u017ei: Hv\u011bzdn\u00fd Serbus a hattrick Vodstr\u010dila <\/h3>\n\n\n\n<p>V mu\u017esk\u00e9 sekci se podle o\u010dek\u00e1v\u00e1n\u00ed odehr\u00e1valy nekompromisn\u00ed souboje, nicm\u00e9n\u011b n\u011bkter\u00e1 jm\u00e9na vy\u010dn\u00edvala vysoko nad zbytek startovn\u00edho pole. Excelentn\u00ed formu si do hlavn\u00edho m\u011bsta p\u0159ivezl <strong>Franti\u0161ek Serbus<\/strong> (SC J\u00da Praha). Ten naprosto suver\u00e9nn\u011b ovl\u00e1dl hod ku\u017eelkou v kategorii F32, kdy\u017e jeho n\u00e1\u010din\u00ed dol\u00e9tlo do vzd\u00e1lenosti \u00factyhodn\u00fdch 31,97 m. Aby toho nebylo m\u00e1lo, nena\u0161el p\u0159emo\u017eitele ani v hodu diskem ve stejn\u00e9 kategorii, kde zapsal v\u00edt\u011bzn\u00fd v\u00fdkon 15,28 m.<\/p>\n\n\n\n<p>Hned v \u00favodu sez\u00f3ny dal o sob\u011b v\u00fdrazn\u011b v\u011bd\u011bt tak\u00e9 ost\u0159\u00edlen\u00fd <strong>Mat\u011bj Dole\u017eel<\/strong> (SSK V\u00edtkovice). S naprost\u00fdm p\u0159ehledem potvrdil svou dominanci ve vrhu koul\u00ed kategorie F33 a sout\u011b\u017e opanoval hodem dlouh\u00fdm 8,81 m. Zahanbit se rozhodn\u011b nenechal ani jeho odd\u00edlov\u00fd kolega <strong>Michal Enge<\/strong>, jen\u017e vybojoval velmi cenn\u00e9 druh\u00e9 m\u00edsto v hodu ku\u017eelkou F51 s v\u00fdkonem 27,21 m. Zvl\u00e1\u0161tn\u00ed pozornost si zaslou\u017e\u00ed p\u0159edstaven\u00ed v kategorii DS, kde p\u0159edvedl kr\u00e1sn\u00fd &#8222;zlat\u00fd hattrick&#8220; <strong>David Vodstr\u010dil<\/strong> z dom\u00e1c\u00edho Olympu Praha. Nena\u0161el toti\u017e p\u0159emo\u017eitele ve vrhu koul\u00ed (7,81 m), ve skoku do d\u00e1lky (4,13 m) a pochybnosti o sv\u00e9 komplexnosti nep\u0159ipustil ani ve sprintu na 100 m, kter\u00fd prol\u00e9tl v \u010dase 14,49 s.<\/p>\n\n\n\n<p class=\"has-text-align-center\">Kompletn\u00ed v\u00fdsledky 1. kola \u010cPAL: <a href=\"https:\/\/www.paraatletika.cz\/muzi\/\">Mu\u017ei<\/a><\/p>\n\n\n\n<h3 class=\"wp-block-heading\">\u017deny: Suverenita v sektorech i dravost na dr\u00e1ze<\/h3>\n\n\n\n<p>Zat\u00edmco mu\u017esk\u00e9 startovn\u00ed pole nab\u00eddlo spoustu nap\u011bt\u00ed a t\u011bsn\u00fdch odstup\u016f, mezi \u017eenami se hned v \u00favodu naplno projevila s\u00edla zku\u0161en\u00fdch opor. Sv\u00e9 vrha\u010dsk\u00e9 discipl\u00edny si absolutn\u011b podmanila <strong>Miroslava Ad\u00e1mkov\u00e1<\/strong>  (d\u0159\u00edve Obrov\u00e1, SSK V\u00edtkovice). Jej\u00ed o\u0161t\u011bp v kategorii F56 l\u00e9tal do vzd\u00e1lenost\u00ed, na kter\u00e9 zbytek pole hledal odpov\u011b\u010f jen marn\u011b \u2013 nejdel\u0161\u00ed v\u00edt\u011bzn\u00fd pokus m\u011b\u0159il 15,93 m. Sv\u00e9 vystoupen\u00ed pak podtrhla dal\u0161\u00edm zlat\u00fdm z\u00e1sahem ve vrhu koul\u00ed F56, kde j\u00ed k prvenstv\u00ed sta\u010dilo 6,90 m.<\/p>\n\n\n\n<p>Pevnou rukou vl\u00e1dla vrha\u010dsk\u00e9mu kruhu tak\u00e9 <strong>Eva Bern\u00e1<\/strong> reprezentuj\u00edc\u00ed Elite handicap sport. V kategorii F37 zvl\u00e1dla i p\u0159es n\u011bkolik neplatn\u00fdch pokus\u016f poslat svou kouli do luxusn\u00ed vzd\u00e1lenosti 9,90 m a bezpe\u010dn\u011b brala pln\u00fd po\u010det bod\u016f. O velmi dravou a dynamickou pod\u00edvanou se pak postaralo d\u011bn\u00ed na dr\u00e1ze, kde jasn\u011b z\u00e1\u0159ila <strong>Laura Dalessi<\/strong> (SC J\u00da Praha). S nekompromisn\u00edm p\u0159ehledem si pohl\u00eddala prvn\u00ed m\u00edsta na obou sprintersk\u00fdch distanc\u00edch v kategorii T38. Stovku zvl\u00e1dla za 16,94 s a z dvojn\u00e1sobn\u00e9 trati si odnesla triumf v \u010dase 37,42 s.<\/p>\n\n\n\n<p class=\"has-text-align-center\">Kompletn\u00ed v\u00fdsledky 1. kola \u010cPAL: <a href=\"https:\/\/www.paraatletika.cz\/1-kolo-cpal-praha-18-4-2026-zeny\/\">\u017deny<\/a><\/p>\n\n\n\n<h3 class=\"wp-block-heading\">Juniorsk\u00fd poh\u00e1rek: Dominance Kry\u0161tofa Hor\u00e1ka<\/h3>\n\n\n\n<p>\u010cesk\u00e1 para atletika nutn\u011b pot\u0159ebuje \u010derstvou krev a d\u011btsk\u00e9 z\u00e1vody konan\u00e9 v r\u00e1mci Juniorsk\u00e9ho poh\u00e1rku jasn\u011b potvrdily, \u017ee z\u00e1kladna talent\u016f zde st\u00e1le je. Sobotn\u00ed Praha se toti\u017e stala d\u011bji\u0161t\u011bm naprost\u00e9 \u201eone-man show\u201c mlad\u00e9ho zjeven\u00ed jm\u00e9nem <strong>Kri\u0161tof Hor\u00e1k<\/strong> (AK Olomouc). Tento nad\u011bjn\u00fd borec narozen\u00fd v roce 2011 opanoval prakticky v\u0161e, k \u010demu nastoupil. Stovku prol\u00e9tl jako nejrychlej\u0161\u00ed z d\u011bt\u00ed v \u010dase 13,87 s. Pot\u00e9 plynule p\u0159e\u0161el do vrha\u010dsk\u00fdch sektor\u016f, kde nedal soupe\u0159\u016fm ani tu nejmen\u0161\u00ed \u0161anci v hodu raketkou d\u00edky fantastick\u00e9mu v\u00fdkonu 49,46 m a dominoval i v hodu kriketov\u00fdm m\u00ed\u010dkem, jen\u017e p\u0159ist\u00e1l na zna\u010dce 43,02 m.<\/p>\n\n\n\n<p>V\u00fdrazn\u011b a velmi sympaticky o sob\u011b dala v\u011bd\u011bt tak\u00e9 st\u0159\u00edbrn\u00e1 <strong>Nikola Vernerov\u00e1<\/strong> ze stejn\u00e9ho olomouck\u00e9ho odd\u00edlu. Ta brala cenn\u00e1 druh\u00e1 m\u00edsta hned t\u0159ikr\u00e1t \u2013 na stovce fini\u0161ovala v \u010dase 18,12 s, v raketce zapsala velmi solidn\u00edch 28,15 m a v kriketov\u00e9m m\u00ed\u010dku dos\u00e1hla na 29,24 m. Sportovn\u00ed z\u00e1pal a viditeln\u00fd v\u00fdkonnostn\u00ed progres t\u00e9to nejmlad\u0161\u00ed generace jsou tou v\u016fbec nejlep\u0161\u00ed zpr\u00e1vou pro budoucnost \u010desk\u00e9 reprezentace.<\/p>\n\n\n\n<p class=\"has-text-align-center\">Kompletn\u00ed v\u00fdsledky 1. kola \u010cPAL: <a href=\"https:\/\/www.paraatletika.cz\/1-kolo-juniorsky-poharek-2026\/\">Junio\u0159i<\/a><\/p>\n\n\n\n<h3 class=\"wp-block-heading\">Zkou\u0161ka ohn\u011bm na v\u00fdbornou a p\u0159\u00edslib dramatu. Co n\u00e1s \u010dek\u00e1 d\u00e1l?<\/h3>\n\n\n\n<p>Leto\u0161n\u00ed ro\u010dn\u00edk odstartoval s masivn\u00edm z\u00e1jmem sportovc\u016f. <em>\u201ePrvn\u00ed kolo za\u010dalo nejl\u00e9pe, jak mohlo \u2013 od rekordn\u00ed \u00fa\u010dasti a integrace d\u011bt\u00ed a\u017e po \u0161pi\u010dkov\u00e9 v\u00fdkony za skv\u011bl\u00e9ho po\u010das\u00ed. Po\u0159adatel\u00e9 z Elite handicap sport pod veden\u00edm Petra Vr\u00e1tila odvedli kus pr\u00e1ce, kdy\u017e logisticky zvl\u00e1dli 150 z\u00e1vodn\u00edk\u016f v jedin\u00e9m dni. Sout\u011b\u017e rok od roku s\u00edl\u00ed a v\u011b\u0159\u00edm, \u017ee bude generovat nov\u00e9 talenty pro mezin\u00e1rodn\u00ed sc\u00e9nu,\u201c<\/em> uvedl <strong>Vojt\u011bch Pavl\u00edk<\/strong>, p\u0159edseda \u010cesk\u00e9 asociace t\u011blesn\u011b handicapovan\u00fdch sportovc\u016f.<\/p>\n\n\n\n<p>Slova p\u0159edsedy doplnil \u0159editel sout\u011b\u017ee <strong>Petr Vr\u00e1til<\/strong>: <em>\u201eRekordn\u00ed \u00fa\u010dast a nap\u00ednav\u00e9 souboje v obou kategori\u00edch slibuj\u00ed dramatickou sez\u00f3nu. Hostit takov\u00fd po\u010det byla pro po\u0159adatelsk\u00fd t\u00fdm zkou\u0161ka ohn\u011bm, kterou zvl\u00e1dli v\u00edce ne\u017e dob\u0159e. \u010cPAL roste do po\u010dtu i kvality a minim\u00e1ln\u00ed bodov\u00e9 rozd\u00edly mezi favority jsou tou nejlep\u0161\u00ed pozv\u00e1nkou na dal\u0161\u00ed kola.\u201c<\/em><\/p>\n\n\n\n<p>Koloto\u010d dom\u00e1c\u00ed para atletiky se tak po n\u00e1ro\u010dn\u00e9m testu teprve dost\u00e1v\u00e1 do obr\u00e1tek a boj o cenn\u00e9 body bude pokra\u010dovat v pr\u016fb\u011bhu cel\u00e9ho l\u00e9ta a podzimu. Dal\u0161\u00ed zast\u00e1vkou bude 13. \u010dervna B\u00edlina, kde se na Stadionu \u010cestm\u00edra Dudy uskute\u010dn\u00ed druh\u00e9 kolo. B\u011bhem <strong>srpna<\/strong> se elitn\u00ed para atleti p\u0159esunou na M\u011bstsk\u00fd stadion do <strong>V\u00edtkovic<\/strong>. Podzimn\u00ed \u010d\u00e1st sez\u00f3ny pak odstartuje <strong>5. z\u00e1\u0159\u00ed v Nov\u00e9m M\u011bst\u011b nad Metuj\u00ed<\/strong>, na\u010de\u017e cel\u00fd leto\u0161n\u00ed ro\u010dn\u00edk vyvrchol\u00ed velk\u00fdm fin\u00e1le <strong>19. z\u00e1\u0159\u00ed v Olomouci<\/strong>.<\/p>\n\n\n\n<p class=\"has-text-align-right\">Text: Martin Steinbach<br>Foto: Vojt\u011bch Pavl\u00edk<\/p>\n\n\n\n<figure class=\"wp-block-gallery has-nested-images columns-2 is-cropped wp-block-gallery-1 is-layout-flex wp-block-gallery-is-layout-flex\">\n<figure class=\"wp-block-image size-large\"><a href=\"https:\/\/www.caths.cz\/wordpress\/wp-content\/uploads\/2026\/04\/DSC09675-scaled.jpg\"><img loading=\"lazy\" decoding=\"async\" width=\"1024\" height=\"683\" data-id=\"32601\" src=\"https:\/\/www.caths.cz\/wordpress\/wp-content\/uploads\/2026\/04\/DSC09675-1024x683.jpg\" alt=\"\" class=\"wp-image-32601\" srcset=\"https:\/\/www.caths.cz\/wordpress\/wp-content\/uploads\/2026\/04\/DSC09675-1024x683.jpg 1024w, https:\/\/www.caths.cz\/wordpress\/wp-content\/uploads\/2026\/04\/DSC09675-300x200.jpg 300w, https:\/\/www.caths.cz\/wordpress\/wp-content\/uploads\/2026\/04\/DSC09675-768x512.jpg 768w, https:\/\/www.caths.cz\/wordpress\/wp-content\/uploads\/2026\/04\/DSC09675-1536x1024.jpg 1536w, https:\/\/www.caths.cz\/wordpress\/wp-content\/uploads\/2026\/04\/DSC09675-2048x1365.jpg 2048w, https:\/\/www.caths.cz\/wordpress\/wp-content\/uploads\/2026\/04\/DSC09675-120x80.jpg 120w\" sizes=\"auto, (max-width: 1024px) 100vw, 1024px\" \/><\/a><\/figure>\n\n\n\n<figure class=\"wp-block-image size-large\"><a href=\"https:\/\/www.caths.cz\/wordpress\/wp-content\/uploads\/2026\/04\/DSC09654-scaled.jpg\"><img loading=\"lazy\" decoding=\"async\" width=\"1024\" height=\"683\" data-id=\"32602\" src=\"https:\/\/www.caths.cz\/wordpress\/wp-content\/uploads\/2026\/04\/DSC09654-1024x683.jpg\" alt=\"\" class=\"wp-image-32602\" srcset=\"https:\/\/www.caths.cz\/wordpress\/wp-content\/uploads\/2026\/04\/DSC09654-1024x683.jpg 1024w, https:\/\/www.caths.cz\/wordpress\/wp-content\/uploads\/2026\/04\/DSC09654-300x200.jpg 300w, https:\/\/www.caths.cz\/wordpress\/wp-content\/uploads\/2026\/04\/DSC09654-768x512.jpg 768w, https:\/\/www.caths.cz\/wordpress\/wp-content\/uploads\/2026\/04\/DSC09654-1536x1024.jpg 1536w, https:\/\/www.caths.cz\/wordpress\/wp-content\/uploads\/2026\/04\/DSC09654-2048x1365.jpg 2048w, https:\/\/www.caths.cz\/wordpress\/wp-content\/uploads\/2026\/04\/DSC09654-120x80.jpg 120w\" sizes=\"auto, (max-width: 1024px) 100vw, 1024px\" \/><\/a><\/figure>\n\n\n\n<figure class=\"wp-block-image size-large\"><a href=\"https:\/\/www.caths.cz\/wordpress\/wp-content\/uploads\/2026\/04\/DSC09642-scaled.jpg\"><img loading=\"lazy\" decoding=\"async\" width=\"1024\" height=\"683\" data-id=\"32603\" src=\"https:\/\/www.caths.cz\/wordpress\/wp-content\/uploads\/2026\/04\/DSC09642-1024x683.jpg\" alt=\"\" class=\"wp-image-32603\" srcset=\"https:\/\/www.caths.cz\/wordpress\/wp-content\/uploads\/2026\/04\/DSC09642-1024x683.jpg 1024w, https:\/\/www.caths.cz\/wordpress\/wp-content\/uploads\/2026\/04\/DSC09642-300x200.jpg 300w, https:\/\/www.caths.cz\/wordpress\/wp-content\/uploads\/2026\/04\/DSC09642-768x512.jpg 768w, https:\/\/www.caths.cz\/wordpress\/wp-content\/uploads\/2026\/04\/DSC09642-1536x1024.jpg 1536w, https:\/\/www.caths.cz\/wordpress\/wp-content\/uploads\/2026\/04\/DSC09642-2048x1365.jpg 2048w, https:\/\/www.caths.cz\/wordpress\/wp-content\/uploads\/2026\/04\/DSC09642-120x80.jpg 120w\" sizes=\"auto, (max-width: 1024px) 100vw, 1024px\" \/><\/a><\/figure>\n\n\n\n<figure class=\"wp-block-image size-large\"><a href=\"https:\/\/www.caths.cz\/wordpress\/wp-content\/uploads\/2026\/04\/DSC09633-scaled.jpg\"><img loading=\"lazy\" decoding=\"async\" width=\"1024\" height=\"683\" data-id=\"32604\" src=\"https:\/\/www.caths.cz\/wordpress\/wp-content\/uploads\/2026\/04\/DSC09633-1024x683.jpg\" alt=\"\" class=\"wp-image-32604\" srcset=\"https:\/\/www.caths.cz\/wordpress\/wp-content\/uploads\/2026\/04\/DSC09633-1024x683.jpg 1024w, https:\/\/www.caths.cz\/wordpress\/wp-content\/uploads\/2026\/04\/DSC09633-300x200.jpg 300w, https:\/\/www.caths.cz\/wordpress\/wp-content\/uploads\/2026\/04\/DSC09633-768x512.jpg 768w, https:\/\/www.caths.cz\/wordpress\/wp-content\/uploads\/2026\/04\/DSC09633-1536x1024.jpg 1536w, https:\/\/www.caths.cz\/wordpress\/wp-content\/uploads\/2026\/04\/DSC09633-2048x1365.jpg 2048w, https:\/\/www.caths.cz\/wordpress\/wp-content\/uploads\/2026\/04\/DSC09633-120x80.jpg 120w\" sizes=\"auto, (max-width: 1024px) 100vw, 1024px\" \/><\/a><\/figure>\n\n\n\n<figure class=\"wp-block-image size-large\"><a href=\"https:\/\/www.caths.cz\/wordpress\/wp-content\/uploads\/2026\/04\/DSC09618-scaled.jpg\"><img loading=\"lazy\" decoding=\"async\" width=\"1024\" height=\"683\" data-id=\"32605\" src=\"https:\/\/www.caths.cz\/wordpress\/wp-content\/uploads\/2026\/04\/DSC09618-1024x683.jpg\" alt=\"\" class=\"wp-image-32605\" srcset=\"https:\/\/www.caths.cz\/wordpress\/wp-content\/uploads\/2026\/04\/DSC09618-1024x683.jpg 1024w, https:\/\/www.caths.cz\/wordpress\/wp-content\/uploads\/2026\/04\/DSC09618-300x200.jpg 300w, https:\/\/www.caths.cz\/wordpress\/wp-content\/uploads\/2026\/04\/DSC09618-768x512.jpg 768w, https:\/\/www.caths.cz\/wordpress\/wp-content\/uploads\/2026\/04\/DSC09618-1536x1024.jpg 1536w, https:\/\/www.caths.cz\/wordpress\/wp-content\/uploads\/2026\/04\/DSC09618-2048x1365.jpg 2048w, https:\/\/www.caths.cz\/wordpress\/wp-content\/uploads\/2026\/04\/DSC09618-120x80.jpg 120w\" sizes=\"auto, (max-width: 1024px) 100vw, 1024px\" \/><\/a><\/figure>\n\n\n\n<figure class=\"wp-block-image size-large\"><a href=\"https:\/\/www.caths.cz\/wordpress\/wp-content\/uploads\/2026\/04\/DSC09609-scaled.jpg\"><img loading=\"lazy\" decoding=\"async\" width=\"1024\" height=\"683\" data-id=\"32606\" src=\"https:\/\/www.caths.cz\/wordpress\/wp-content\/uploads\/2026\/04\/DSC09609-1024x683.jpg\" alt=\"\" class=\"wp-image-32606\" srcset=\"https:\/\/www.caths.cz\/wordpress\/wp-content\/uploads\/2026\/04\/DSC09609-1024x683.jpg 1024w, https:\/\/www.caths.cz\/wordpress\/wp-content\/uploads\/2026\/04\/DSC09609-300x200.jpg 300w, https:\/\/www.caths.cz\/wordpress\/wp-content\/uploads\/2026\/04\/DSC09609-768x512.jpg 768w, https:\/\/www.caths.cz\/wordpress\/wp-content\/uploads\/2026\/04\/DSC09609-1536x1024.jpg 1536w, https:\/\/www.caths.cz\/wordpress\/wp-content\/uploads\/2026\/04\/DSC09609-2048x1365.jpg 2048w, https:\/\/www.caths.cz\/wordpress\/wp-content\/uploads\/2026\/04\/DSC09609-120x80.jpg 120w\" sizes=\"auto, (max-width: 1024px) 100vw, 1024px\" \/><\/a><\/figure>\n\n\n\n<figure class=\"wp-block-image size-large\"><a href=\"https:\/\/www.caths.cz\/wordpress\/wp-content\/uploads\/2026\/04\/DSC09594-scaled.jpg\"><img loading=\"lazy\" decoding=\"async\" width=\"1024\" height=\"683\" data-id=\"32607\" src=\"https:\/\/www.caths.cz\/wordpress\/wp-content\/uploads\/2026\/04\/DSC09594-1024x683.jpg\" alt=\"\" class=\"wp-image-32607\" srcset=\"https:\/\/www.caths.cz\/wordpress\/wp-content\/uploads\/2026\/04\/DSC09594-1024x683.jpg 1024w, https:\/\/www.caths.cz\/wordpress\/wp-content\/uploads\/2026\/04\/DSC09594-300x200.jpg 300w, https:\/\/www.caths.cz\/wordpress\/wp-content\/uploads\/2026\/04\/DSC09594-768x512.jpg 768w, https:\/\/www.caths.cz\/wordpress\/wp-content\/uploads\/2026\/04\/DSC09594-1536x1024.jpg 1536w, https:\/\/www.caths.cz\/wordpress\/wp-content\/uploads\/2026\/04\/DSC09594-2048x1365.jpg 2048w, https:\/\/www.caths.cz\/wordpress\/wp-content\/uploads\/2026\/04\/DSC09594-120x80.jpg 120w\" sizes=\"auto, (max-width: 1024px) 100vw, 1024px\" \/><\/a><\/figure>\n\n\n\n<figure class=\"wp-block-image size-large\"><a href=\"https:\/\/www.caths.cz\/wordpress\/wp-content\/uploads\/2026\/04\/DSC09546-scaled.jpg\"><img loading=\"lazy\" decoding=\"async\" width=\"1024\" height=\"683\" data-id=\"32608\" src=\"https:\/\/www.caths.cz\/wordpress\/wp-content\/uploads\/2026\/04\/DSC09546-1024x683.jpg\" alt=\"\" class=\"wp-image-32608\" srcset=\"https:\/\/www.caths.cz\/wordpress\/wp-content\/uploads\/2026\/04\/DSC09546-1024x683.jpg 1024w, https:\/\/www.caths.cz\/wordpress\/wp-content\/uploads\/2026\/04\/DSC09546-300x200.jpg 300w, https:\/\/www.caths.cz\/wordpress\/wp-content\/uploads\/2026\/04\/DSC09546-768x512.jpg 768w, https:\/\/www.caths.cz\/wordpress\/wp-content\/uploads\/2026\/04\/DSC09546-1536x1024.jpg 1536w, https:\/\/www.caths.cz\/wordpress\/wp-content\/uploads\/2026\/04\/DSC09546-2048x1365.jpg 2048w, https:\/\/www.caths.cz\/wordpress\/wp-content\/uploads\/2026\/04\/DSC09546-120x80.jpg 120w\" sizes=\"auto, (max-width: 1024px) 100vw, 1024px\" \/><\/a><\/figure>\n\n\n\n<figure class=\"wp-block-image size-large\"><a href=\"https:\/\/www.caths.cz\/wordpress\/wp-content\/uploads\/2026\/04\/DSC09713-scaled.jpg\"><img loading=\"lazy\" decoding=\"async\" width=\"1024\" height=\"683\" data-id=\"32609\" src=\"https:\/\/www.caths.cz\/wordpress\/wp-content\/uploads\/2026\/04\/DSC09713-1024x683.jpg\" alt=\"\" class=\"wp-image-32609\" srcset=\"https:\/\/www.caths.cz\/wordpress\/wp-content\/uploads\/2026\/04\/DSC09713-1024x683.jpg 1024w, https:\/\/www.caths.cz\/wordpress\/wp-content\/uploads\/2026\/04\/DSC09713-300x200.jpg 300w, https:\/\/www.caths.cz\/wordpress\/wp-content\/uploads\/2026\/04\/DSC09713-768x512.jpg 768w, https:\/\/www.caths.cz\/wordpress\/wp-content\/uploads\/2026\/04\/DSC09713-1536x1024.jpg 1536w, https:\/\/www.caths.cz\/wordpress\/wp-content\/uploads\/2026\/04\/DSC09713-2048x1365.jpg 2048w, https:\/\/www.caths.cz\/wordpress\/wp-content\/uploads\/2026\/04\/DSC09713-120x80.jpg 120w\" sizes=\"auto, (max-width: 1024px) 100vw, 1024px\" \/><\/a><\/figure>\n\n\n\n<figure class=\"wp-block-image size-large\"><a href=\"https:\/\/www.caths.cz\/wordpress\/wp-content\/uploads\/2026\/04\/DSC09703-scaled.jpg\"><img loading=\"lazy\" decoding=\"async\" width=\"1024\" height=\"683\" data-id=\"32610\" src=\"https:\/\/www.caths.cz\/wordpress\/wp-content\/uploads\/2026\/04\/DSC09703-1024x683.jpg\" alt=\"\" class=\"wp-image-32610\" srcset=\"https:\/\/www.caths.cz\/wordpress\/wp-content\/uploads\/2026\/04\/DSC09703-1024x683.jpg 1024w, https:\/\/www.caths.cz\/wordpress\/wp-content\/uploads\/2026\/04\/DSC09703-300x200.jpg 300w, https:\/\/www.caths.cz\/wordpress\/wp-content\/uploads\/2026\/04\/DSC09703-768x512.jpg 768w, https:\/\/www.caths.cz\/wordpress\/wp-content\/uploads\/2026\/04\/DSC09703-1536x1024.jpg 1536w, https:\/\/www.caths.cz\/wordpress\/wp-content\/uploads\/2026\/04\/DSC09703-2048x1365.jpg 2048w, https:\/\/www.caths.cz\/wordpress\/wp-content\/uploads\/2026\/04\/DSC09703-120x80.jpg 120w\" sizes=\"auto, (max-width: 1024px) 100vw, 1024px\" \/><\/a><\/figure>\n\n\n\n<figure class=\"wp-block-image size-large\"><a href=\"https:\/\/www.caths.cz\/wordpress\/wp-content\/uploads\/2026\/04\/DSC09699-scaled.jpg\"><img loading=\"lazy\" decoding=\"async\" width=\"1024\" height=\"683\" data-id=\"32611\" src=\"https:\/\/www.caths.cz\/wordpress\/wp-content\/uploads\/2026\/04\/DSC09699-1024x683.jpg\" alt=\"\" class=\"wp-image-32611\" srcset=\"https:\/\/www.caths.cz\/wordpress\/wp-content\/uploads\/2026\/04\/DSC09699-1024x683.jpg 1024w, https:\/\/www.caths.cz\/wordpress\/wp-content\/uploads\/2026\/04\/DSC09699-300x200.jpg 300w, https:\/\/www.caths.cz\/wordpress\/wp-content\/uploads\/2026\/04\/DSC09699-768x512.jpg 768w, https:\/\/www.caths.cz\/wordpress\/wp-content\/uploads\/2026\/04\/DSC09699-1536x1024.jpg 1536w, https:\/\/www.caths.cz\/wordpress\/wp-content\/uploads\/2026\/04\/DSC09699-2048x1365.jpg 2048w, https:\/\/www.caths.cz\/wordpress\/wp-content\/uploads\/2026\/04\/DSC09699-120x80.jpg 120w\" sizes=\"auto, (max-width: 1024px) 100vw, 1024px\" \/><\/a><\/figure>\n\n\n\n<figure class=\"wp-block-image size-large\"><a href=\"https:\/\/www.caths.cz\/wordpress\/wp-content\/uploads\/2026\/04\/DSC09690-scaled.jpg\"><img loading=\"lazy\" decoding=\"async\" width=\"1024\" height=\"683\" data-id=\"32612\" src=\"https:\/\/www.caths.cz\/wordpress\/wp-content\/uploads\/2026\/04\/DSC09690-1024x683.jpg\" alt=\"\" class=\"wp-image-32612\" srcset=\"https:\/\/www.caths.cz\/wordpress\/wp-content\/uploads\/2026\/04\/DSC09690-1024x683.jpg 1024w, https:\/\/www.caths.cz\/wordpress\/wp-content\/uploads\/2026\/04\/DSC09690-300x200.jpg 300w, https:\/\/www.caths.cz\/wordpress\/wp-content\/uploads\/2026\/04\/DSC09690-768x512.jpg 768w, https:\/\/www.caths.cz\/wordpress\/wp-content\/uploads\/2026\/04\/DSC09690-1536x1024.jpg 1536w, https:\/\/www.caths.cz\/wordpress\/wp-content\/uploads\/2026\/04\/DSC09690-2048x1365.jpg 2048w, https:\/\/www.caths.cz\/wordpress\/wp-content\/uploads\/2026\/04\/DSC09690-120x80.jpg 120w\" sizes=\"auto, (max-width: 1024px) 100vw, 1024px\" \/><\/a><\/figure>\n\n\n\n<figure class=\"wp-block-image size-large\"><a href=\"https:\/\/www.caths.cz\/wordpress\/wp-content\/uploads\/2026\/04\/DSC09682-scaled.jpg\"><img loading=\"lazy\" decoding=\"async\" width=\"1024\" height=\"683\" data-id=\"32613\" src=\"https:\/\/www.caths.cz\/wordpress\/wp-content\/uploads\/2026\/04\/DSC09682-1024x683.jpg\" alt=\"\" class=\"wp-image-32613\" srcset=\"https:\/\/www.caths.cz\/wordpress\/wp-content\/uploads\/2026\/04\/DSC09682-1024x683.jpg 1024w, https:\/\/www.caths.cz\/wordpress\/wp-content\/uploads\/2026\/04\/DSC09682-300x200.jpg 300w, https:\/\/www.caths.cz\/wordpress\/wp-content\/uploads\/2026\/04\/DSC09682-768x512.jpg 768w, https:\/\/www.caths.cz\/wordpress\/wp-content\/uploads\/2026\/04\/DSC09682-1536x1024.jpg 1536w, https:\/\/www.caths.cz\/wordpress\/wp-content\/uploads\/2026\/04\/DSC09682-2048x1365.jpg 2048w, https:\/\/www.caths.cz\/wordpress\/wp-content\/uploads\/2026\/04\/DSC09682-120x80.jpg 120w\" sizes=\"auto, (max-width: 1024px) 100vw, 1024px\" \/><\/a><\/figure>\n\n\n\n<figure class=\"wp-block-image size-large\"><a href=\"https:\/\/www.caths.cz\/wordpress\/wp-content\/uploads\/2026\/04\/DSC09683-scaled.jpg\"><img loading=\"lazy\" decoding=\"async\" width=\"1024\" height=\"683\" data-id=\"32614\" src=\"https:\/\/www.caths.cz\/wordpress\/wp-content\/uploads\/2026\/04\/DSC09683-1024x683.jpg\" alt=\"\" class=\"wp-image-32614\" srcset=\"https:\/\/www.caths.cz\/wordpress\/wp-content\/uploads\/2026\/04\/DSC09683-1024x683.jpg 1024w, https:\/\/www.caths.cz\/wordpress\/wp-content\/uploads\/2026\/04\/DSC09683-300x200.jpg 300w, https:\/\/www.caths.cz\/wordpress\/wp-content\/uploads\/2026\/04\/DSC09683-768x512.jpg 768w, https:\/\/www.caths.cz\/wordpress\/wp-content\/uploads\/2026\/04\/DSC09683-1536x1024.jpg 1536w, https:\/\/www.caths.cz\/wordpress\/wp-content\/uploads\/2026\/04\/DSC09683-2048x1365.jpg 2048w, https:\/\/www.caths.cz\/wordpress\/wp-content\/uploads\/2026\/04\/DSC09683-120x80.jpg 120w\" sizes=\"auto, (max-width: 1024px) 100vw, 1024px\" \/><\/a><\/figure>\n<\/figure>\n","protected":false},"excerpt":{"rendered":"<a href=\"https:\/\/www.caths.cz\/wordpress\/uvodni-kolo-para-atleticke-ligy-zkuseni-reprezentanti-potvrdili-roli-favoritu-zarili-i-juniori\/\"><img width=\"100\" height=\"100\" src=\"https:\/\/www.caths.cz\/wordpress\/wp-content\/uploads\/2026\/04\/FB-post-4_5-CATHS-2-100x100.png\" class=\"alignleft tfe wp-post-image\" alt=\"\" decoding=\"async\" loading=\"lazy\" srcset=\"https:\/\/www.caths.cz\/wordpress\/wp-content\/uploads\/2026\/04\/FB-post-4_5-CATHS-2-100x100.png 100w, https:\/\/www.caths.cz\/wordpress\/wp-content\/uploads\/2026\/04\/FB-post-4_5-CATHS-2-150x150.png 150w\" sizes=\"auto, (max-width: 100px) 100vw, 100px\" \/><\/a><p>O\u010dek\u00e1van\u00fd start sez\u00f3ny je tady. V sobotu 18. dubna p\u0159iv\u00edtala Praha \u00favodn\u00ed d\u011bjstv\u00ed \u010cesk\u00e9 para atletick\u00e9 ligy (\u010cPAL) 2026. \u00davodn\u00ed test pod otev\u0159en\u00fdm nebem nab\u00eddl dominantn\u00ed v\u00fdkony st\u00e1lic, fantastick\u00e9 debuty [&hellip;]<\/p>\n","protected":false},"author":1,"featured_media":32599,"comment_status":"closed","ping_status":"closed","sticky":false,"template":"","format":"standard","meta":{"ngg_post_thumbnail":0,"footnotes":""},"categories":[1],"tags":[],"class_list":["post-32598","post","type-post","status-publish","format-standard","has-post-thumbnail","hentry","category-nezarazene"],"_links":{"self":[{"href":"https:\/\/www.caths.cz\/wordpress\/wp-json\/wp\/v2\/posts\/32598","targetHints":{"allow":["GET"]}}],"collection":[{"href":"https:\/\/www.caths.cz\/wordpress\/wp-json\/wp\/v2\/posts"}],"about":[{"href":"https:\/\/www.caths.cz\/wordpress\/wp-json\/wp\/v2\/types\/post"}],"author":[{"embeddable":true,"href":"https:\/\/www.caths.cz\/wordpress\/wp-json\/wp\/v2\/users\/1"}],"replies":[{"embeddable":true,"href":"https:\/\/www.caths.cz\/wordpress\/wp-json\/wp\/v2\/comments?post=32598"}],"version-history":[{"count":5,"href":"https:\/\/www.caths.cz\/wordpress\/wp-json\/wp\/v2\/posts\/32598\/revisions"}],"predecessor-version":[{"id":32620,"href":"https:\/\/www.caths.cz\/wordpress\/wp-json\/wp\/v2\/posts\/32598\/revisions\/32620"}],"wp:featuredmedia":[{"embeddable":true,"href":"https:\/\/www.caths.cz\/wordpress\/wp-json\/wp\/v2\/media\/32599"}],"wp:attachment":[{"href":"https:\/\/www.caths.cz\/wordpress\/wp-json\/wp\/v2\/media?parent=32598"}],"wp:term":[{"taxonomy":"category","embeddable":true,"href":"https:\/\/www.caths.cz\/wordpress\/wp-json\/wp\/v2\/categories?post=32598"},{"taxonomy":"post_tag","embeddable":true,"href":"https:\/\/www.caths.cz\/wordpress\/wp-json\/wp\/v2\/tags?post=32598"}],"curies":[{"name":"wp","href":"https:\/\/api.w.org\/{rel}","templated":true}]}}