{"id":32585,"date":"2026-04-22T07:57:56","date_gmt":"2026-04-22T06:57:56","guid":{"rendered":"https:\/\/www.caths.cz\/wordpress\/?p=32585"},"modified":"2026-04-22T07:57:57","modified_gmt":"2026-04-22T06:57:57","slug":"para-atleti-zbroji-na-maroko-do-dejiste-grand-prix-vyrazila-rekordni-vyprava","status":"publish","type":"post","link":"https:\/\/www.caths.cz\/wordpress\/para-atleti-zbroji-na-maroko-do-dejiste-grand-prix-vyrazila-rekordni-vyprava\/","title":{"rendered":"Para atleti zbroj\u00ed na Maroko. Do d\u011bji\u0161t\u011b Grand Prix vyrazila rekordn\u00ed v\u00fdprava"},"content":{"rendered":"\n<figure class=\"wp-block-image size-large\"><a href=\"https:\/\/www.caths.cz\/wordpress\/wp-content\/uploads\/2026\/04\/WhatsApp-Image-2026-04-19-at-14.04.17-1.jpeg\"><img loading=\"lazy\" decoding=\"async\" width=\"1024\" height=\"577\" src=\"https:\/\/www.caths.cz\/wordpress\/wp-content\/uploads\/2026\/04\/WhatsApp-Image-2026-04-19-at-14.04.17-1-1024x577.jpeg\" alt=\"\" class=\"wp-image-32590\" srcset=\"https:\/\/www.caths.cz\/wordpress\/wp-content\/uploads\/2026\/04\/WhatsApp-Image-2026-04-19-at-14.04.17-1-1024x577.jpeg 1024w, https:\/\/www.caths.cz\/wordpress\/wp-content\/uploads\/2026\/04\/WhatsApp-Image-2026-04-19-at-14.04.17-1-300x169.jpeg 300w, https:\/\/www.caths.cz\/wordpress\/wp-content\/uploads\/2026\/04\/WhatsApp-Image-2026-04-19-at-14.04.17-1-768x432.jpeg 768w, https:\/\/www.caths.cz\/wordpress\/wp-content\/uploads\/2026\/04\/WhatsApp-Image-2026-04-19-at-14.04.17-1-1536x865.jpeg 1536w, https:\/\/www.caths.cz\/wordpress\/wp-content\/uploads\/2026\/04\/WhatsApp-Image-2026-04-19-at-14.04.17-1-120x68.jpeg 120w, https:\/\/www.caths.cz\/wordpress\/wp-content\/uploads\/2026\/04\/WhatsApp-Image-2026-04-19-at-14.04.17-1.jpeg 1579w\" sizes=\"auto, (max-width: 1024px) 100vw, 1024px\" \/><\/a><\/figure>\n\n\n\n<p><strong>Sv\u011btov\u00e1 para atletika m\u00ed\u0159\u00ed do severn\u00ed Afriky. Marock\u00fd Rabat host\u00ed od 23. do 25. dubna jubilejn\u00ed 10. ro\u010dn\u00edk Grand Prix. Pro \u010cesko jde o st\u011b\u017eejn\u00ed akci sez\u00f3ny, na kterou vys\u00edl\u00e1 jednu ze sv\u00fdch historicky nejv\u011bt\u0161\u00edch v\u00fdprav. V konkurenci 439 sportovc\u016f z 57 zem\u00ed tuzemsk\u00e1 reprezentace evropsk\u00e9mu poli naprosto dominuje \u2013 jako jedin\u00e1 z kontinentu se v po\u010dtu \u00fa\u010dastn\u00edk\u016f vkl\u00ednila do sv\u011btov\u00e9 elitn\u00ed des\u00edtky. Ve h\u0159e p\u0159itom nejsou jen cenn\u00e9 kovy, ale i ostr\u00e9 limity pro nadch\u00e1zej\u00edc\u00ed sv\u011btov\u00fd \u0161ampion\u00e1t.<\/strong><\/p>\n\n\n\n<p>D\u011bji\u0161t\u011bm leto\u0161n\u00edch mezin\u00e1rodn\u00edch boj\u016f se stane modern\u00ed Rabat Olympic Stadium. Ten byl otev\u0159en teprve v kv\u011btnu lo\u0148sk\u00e9ho roku a nab\u00edz\u00ed \u0161pi\u010dkov\u00e9 z\u00e1zem\u00ed s kapacitou p\u0159ibli\u017en\u011b 21 tis\u00edc div\u00e1k\u016f. Marock\u00e9 Grand Prix plat\u00ed dlouhodob\u011b za mimo\u0159\u00e1dn\u011b kvalitn\u011b obsazen\u00fd podnik, co\u017e se letos podle o\u010dek\u00e1v\u00e1n\u00ed potvrd\u00ed dvojn\u00e1sob. Nad cel\u00fdm paralympijsk\u00fdm rokem se toti\u017e vzn\u00e1\u0161\u00ed otazn\u00edk ohledn\u011b mistrovstv\u00ed Evropy.<\/p>\n\n\n\n<p>Definitivn\u00ed slovo k uspo\u0159\u00e1d\u00e1n\u00ed evropsk\u00e9ho \u0161ampion\u00e1tu by organizace World Para Athletics (WPA) m\u011bla vydat do konce dubna. \u201e<em>Osud leto\u0161n\u00edho mistrovstv\u00ed Evropy je zat\u00edm hodn\u011b nejist\u00fd a \u010dek\u00e1me, zda ho letos WPA v\u016fbec uspo\u0159\u00e1d\u00e1. Grand Prix v Maroku tak moment\u00e1ln\u011b vn\u00edm\u00e1me jako naprost\u00fd vrchol prob\u00edhaj\u00edc\u00ed sezony, kde vzhledem k situaci o\u010dek\u00e1v\u00e1me nadstandardn\u00ed konkurenci<\/em>,\u201c p\u0159ibli\u017euje aktu\u00e1ln\u00ed rozpolo\u017een\u00ed p\u0159edseda \u010cesk\u00e9 asociace t\u011blesn\u011b handicapovan\u00fdch sportovc\u016f <strong>Vojt\u011bch Pavl\u00edk<\/strong>.<\/p>\n\n\n\n<h3 class=\"wp-block-heading\">Historicky po\u010detn\u00e1 v\u00fdprava i debutanti<\/h3>\n\n\n\n<p>\u010cesk\u00e1 stopa bude na africk\u00e9m kontinentu mimo\u0159\u00e1dn\u011b v\u00fdrazn\u00e1. V\u00fdprava \u010d\u00edt\u00e1 \u00factyhodn\u00fdch 37 \u010dlen\u016f, z \u010deho\u017e je hned 21 aktivn\u00edch sportovc\u016f. \u201e<em>Za celou dobu sv\u00e9ho p\u016fsoben\u00ed v asociaci si osobn\u011b nepamatuji akci, kam bychom vyslali takto po\u010detnou skupinu atlet\u016f. M\u00e1m z toho velkou radost, marock\u00e9 z\u00e1vody nav\u00edc b\u00fdvaj\u00ed pro na\u0161e barvy tradi\u010dn\u011b velmi \u00fasp\u011b\u0161n\u00e9. Pevn\u011b v\u011b\u0159\u00edm, \u017ee na\u0161\u00ed jedinou re\u00e1lnou starost\u00ed p\u0159i cest\u011b dom\u016f bude povolen\u00e1 v\u00e1ha zavazadel kv\u016fli vybojovan\u00fdm medail\u00edm<\/em>,\u201c dod\u00e1v\u00e1 s nads\u00e1zkou Pavl\u00edk.<\/p>\n\n\n\n<p>T\u00fdm pro Rabat je pe\u010dliv\u011b nam\u00edch\u00e1n z ost\u0159\u00edlen\u00fdch paralympionik\u016f i atlet\u016f, kte\u0159\u00ed na mezin\u00e1rodn\u00ed sc\u00e9n\u011b mezin\u00e1rodn\u00ed zku\u0161enosti teprve sb\u00edraj\u00ed. J\u00e1dro reprezentace tvo\u0159\u00ed stabiln\u00ed opory jako Ale\u0161 Kis\u00fd, Eva Bern\u00e1, Petr Vr\u00e1til, Jaroslav Petrou\u0161, Franti\u0161ek Serbus, Anna Luxov\u00e1, Miroslava Ad\u00e1mkov\u00e1 (d\u0159\u00edve Obrov\u00e1) \u010di Michal Enge.<\/p>\n\n\n\n<p>Na opa\u010dn\u00e9m p\u00f3lu stoj\u00ed nov\u00e1\u010dci, p\u0159ed kter\u00fdmi je i povinnost podstoupit mezin\u00e1rodn\u00ed klasifikaci. Ta v Rabatu prob\u00edh\u00e1 od 20. do 22. dubna. Vedouc\u00ed \u010desk\u00e9 v\u00fdpravy <strong>Anita E\u0161pandrov\u00e1<\/strong> k nabit\u00e9mu slo\u017een\u00ed poznamen\u00e1v\u00e1: \u201e<em>Klasifikac\u00ed si tentokr\u00e1t projde \u010dtve\u0159ice na\u0161ich atlet\u016f. Pat\u0159\u00ed k nim i absolutn\u00ed nov\u00e1\u010dek Anton\u00edn Johanides, pro kter\u00e9ho start v Maroku p\u0159edstavuje velmi d\u016fle\u017eit\u00fd krok v jeho sportovn\u00ed kari\u00e9\u0159e<\/em>.\u201c Johanides do klasifikace vstupuje se statusem &#8222;New&#8220; a chyst\u00e1 se zas\u00e1hnout do sout\u011b\u017e\u00ed ve vrhu koul\u00ed a hodu o\u0161t\u011bpem v kategorii F53.<\/p>\n\n\n\n<p><span style=\"text-decoration: underline;\">Slo\u017een\u00ed \u010desk\u00e9 v\u00fdpravy na GP Rabat 2026<\/span>:<\/p>\n\n\n\n<p><strong>Absolonov\u00e1 Martina<\/strong>: B\u011bh na 400 m T20, Skok dalek\u00fd T20<br><strong>Absolonov\u00e1 Pavl\u00edna<\/strong>: B\u011bh na 1500 m T20<br><strong>Adam\u010d\u00edk Martin<\/strong>: Vrh koul\u00ed F63<br><strong>Ad\u00e1mkov\u00e1 Miroslava<\/strong>: Vrh koul\u00ed F56, Hod diskem F56, Hod o\u0161t\u011bpem F56<br><strong>Barto\u0161ek Ond\u0159ej<\/strong>: B\u011bh na 100 m T35, B\u011bh na 200 m T35<br><strong>Bern\u00e1 Eva<\/strong>: Vrh koul\u00ed F37<br><strong>Dvo\u0159\u00e1k Martin<\/strong>: Vrh koul\u00ed F34<br><strong>Enge Michal<\/strong>: Hod diskem F51, Hod ku\u017eelkou F51<br><strong>Hor\u00e1\u010dek Tom\u00e1\u0161<\/strong>: Vrh koul\u00ed F34, Hod o\u0161t\u011bpem F34<br><strong>Janouch Oliver<\/strong>: B\u011bh na 100 m T12, Skok dalek\u00fd T12<br><strong>Johanides Antonin<\/strong>: Vrh koul\u00ed F52, Hod o\u0161t\u011bpem F52<br><strong>Kis\u00fd Ale\u0161<\/strong>: Vrh koul\u00ed F53, Hod diskem F53, Hod o\u0161t\u011bpem F53<br><strong>Li\u0161ka P\u0159emysl<\/strong>: Vrh koul\u00ed F57, Hod diskem F57, Hod o\u0161t\u011bpem F57<br><strong>Luxov\u00e1 Anna<\/strong>: Vrh koul\u00ed F35<br><strong>Marcan\u00edkov\u00e1 Anna<\/strong>: Vrh koul\u00ed F32, Hod ku\u017eelkou F32<br><strong>Muzikov\u00e1 Anna<\/strong>: Hod ku\u017eelkou F32<br><strong>Pallag Michal<\/strong>: Vrh koul\u00ed F37, Hod diskem F37<br><strong>Petrou\u0161 Jaroslav<\/strong>: Hod diskem F57<br><strong>Serbus Franti\u0161ek<\/strong>: Hod ku\u017eelkou F32<br><strong>Vimmer Michal<\/strong>: Vrh koul\u00ed F37, Hod diskem F37<br><strong>Vr\u00e1til Petr<\/strong>: Vrh koul\u00ed F38, Hod diskem F38, Hod o\u0161t\u011bpem F38<\/p>\n\n\n\n<p>Prim\u00e1rn\u00edm c\u00edlem pro \u010deskou jednadvac\u00edtku nebude na stadionu v Rabatu pouze konfrontace se sv\u011btovou \u0161pi\u010dkou, ale tak\u00e9 snaha o pln\u011bn\u00ed p\u0159\u00edsn\u00fdch kvalifika\u010dn\u00edch limit\u016f. U\u017e v \u010dervnu p\u0159\u00ed\u0161t\u00edho roku je toti\u017e na programu mistrovstv\u00ed sv\u011bta v uzbeck\u00e9m Ta\u0161kentu, kam povede cesta pr\u00e1v\u011b p\u0159es \u0161pi\u010dkov\u00e9 v\u00fdkony z podnik\u016f, jak\u00fdm je ten marock\u00fd. Z\u00e1vodn\u00edk\u016fm nezb\u00fdv\u00e1 ne\u017e pop\u0159\u00e1t stabiln\u00ed formu a co nejv\u00edce d\u016fvod\u016f k radosti z p\u0159ekonan\u00fdch osobn\u00edch maxim.<\/p>\n\n\n\n<p class=\"has-text-align-right\"><em>Text: Martin Steinbach<br>Foto: Archiv \u010cATHS<\/em><\/p>\n\n\n\n<figure class=\"wp-block-gallery has-nested-images columns-default is-cropped wp-block-gallery-1 is-layout-flex wp-block-gallery-is-layout-flex\">\n<figure class=\"wp-block-image size-large\"><a href=\"https:\/\/www.caths.cz\/wordpress\/wp-content\/uploads\/2026\/04\/WhatsApp-Image-2026-04-19-at-14.04.17.jpeg\"><img loading=\"lazy\" decoding=\"async\" width=\"1024\" height=\"577\" data-id=\"32587\" src=\"https:\/\/www.caths.cz\/wordpress\/wp-content\/uploads\/2026\/04\/WhatsApp-Image-2026-04-19-at-14.04.17-1024x577.jpeg\" alt=\"\" class=\"wp-image-32587\" srcset=\"https:\/\/www.caths.cz\/wordpress\/wp-content\/uploads\/2026\/04\/WhatsApp-Image-2026-04-19-at-14.04.17-1024x577.jpeg 1024w, https:\/\/www.caths.cz\/wordpress\/wp-content\/uploads\/2026\/04\/WhatsApp-Image-2026-04-19-at-14.04.17-300x169.jpeg 300w, https:\/\/www.caths.cz\/wordpress\/wp-content\/uploads\/2026\/04\/WhatsApp-Image-2026-04-19-at-14.04.17-768x432.jpeg 768w, https:\/\/www.caths.cz\/wordpress\/wp-content\/uploads\/2026\/04\/WhatsApp-Image-2026-04-19-at-14.04.17-1536x865.jpeg 1536w, https:\/\/www.caths.cz\/wordpress\/wp-content\/uploads\/2026\/04\/WhatsApp-Image-2026-04-19-at-14.04.17-120x68.jpeg 120w, https:\/\/www.caths.cz\/wordpress\/wp-content\/uploads\/2026\/04\/WhatsApp-Image-2026-04-19-at-14.04.17.jpeg 1579w\" sizes=\"auto, (max-width: 1024px) 100vw, 1024px\" \/><\/a><\/figure>\n<\/figure>\n\n\n\n<hr class=\"wp-block-separator has-alpha-channel-opacity\"\/>\n\n\n\n<figure class=\"wp-block-gallery has-nested-images columns-default is-cropped wp-block-gallery-2 is-layout-flex wp-block-gallery-is-layout-flex\">\n<figure class=\"wp-block-image size-large\"><a href=\"https:\/\/www.caths.cz\/wordpress\/wp-content\/uploads\/2026\/04\/WhatsApp-Image-2026-04-19-at-13.13.40.jpeg\"><img loading=\"lazy\" decoding=\"async\" width=\"1024\" height=\"768\" data-id=\"32588\" src=\"https:\/\/www.caths.cz\/wordpress\/wp-content\/uploads\/2026\/04\/WhatsApp-Image-2026-04-19-at-13.13.40-1024x768.jpeg\" alt=\"\" class=\"wp-image-32588\" srcset=\"https:\/\/www.caths.cz\/wordpress\/wp-content\/uploads\/2026\/04\/WhatsApp-Image-2026-04-19-at-13.13.40-1024x768.jpeg 1024w, https:\/\/www.caths.cz\/wordpress\/wp-content\/uploads\/2026\/04\/WhatsApp-Image-2026-04-19-at-13.13.40-300x225.jpeg 300w, https:\/\/www.caths.cz\/wordpress\/wp-content\/uploads\/2026\/04\/WhatsApp-Image-2026-04-19-at-13.13.40-768x576.jpeg 768w, https:\/\/www.caths.cz\/wordpress\/wp-content\/uploads\/2026\/04\/WhatsApp-Image-2026-04-19-at-13.13.40-1536x1152.jpeg 1536w, https:\/\/www.caths.cz\/wordpress\/wp-content\/uploads\/2026\/04\/WhatsApp-Image-2026-04-19-at-13.13.40-120x90.jpeg 120w, https:\/\/www.caths.cz\/wordpress\/wp-content\/uploads\/2026\/04\/WhatsApp-Image-2026-04-19-at-13.13.40.jpeg 2048w\" sizes=\"auto, (max-width: 1024px) 100vw, 1024px\" \/><\/a><\/figure>\n<\/figure>\n\n\n\n<hr class=\"wp-block-separator has-alpha-channel-opacity\"\/>\n\n\n\n<figure class=\"wp-block-gallery has-nested-images columns-default is-cropped wp-block-gallery-3 is-layout-flex wp-block-gallery-is-layout-flex\">\n<figure class=\"wp-block-image size-large\"><a href=\"https:\/\/www.caths.cz\/wordpress\/wp-content\/uploads\/2026\/04\/WhatsApp-Image-2026-04-20-at-19.54.53.jpeg\"><img loading=\"lazy\" decoding=\"async\" width=\"576\" height=\"1024\" data-id=\"32589\" src=\"https:\/\/www.caths.cz\/wordpress\/wp-content\/uploads\/2026\/04\/WhatsApp-Image-2026-04-20-at-19.54.53-576x1024.jpeg\" alt=\"\" class=\"wp-image-32589\" srcset=\"https:\/\/www.caths.cz\/wordpress\/wp-content\/uploads\/2026\/04\/WhatsApp-Image-2026-04-20-at-19.54.53-576x1024.jpeg 576w, https:\/\/www.caths.cz\/wordpress\/wp-content\/uploads\/2026\/04\/WhatsApp-Image-2026-04-20-at-19.54.53-169x300.jpeg 169w, https:\/\/www.caths.cz\/wordpress\/wp-content\/uploads\/2026\/04\/WhatsApp-Image-2026-04-20-at-19.54.53-768x1365.jpeg 768w, https:\/\/www.caths.cz\/wordpress\/wp-content\/uploads\/2026\/04\/WhatsApp-Image-2026-04-20-at-19.54.53-864x1536.jpeg 864w, https:\/\/www.caths.cz\/wordpress\/wp-content\/uploads\/2026\/04\/WhatsApp-Image-2026-04-20-at-19.54.53-68x120.jpeg 68w, https:\/\/www.caths.cz\/wordpress\/wp-content\/uploads\/2026\/04\/WhatsApp-Image-2026-04-20-at-19.54.53.jpeg 900w\" sizes=\"auto, (max-width: 576px) 100vw, 576px\" \/><\/a><\/figure>\n<\/figure>\n\n\n\n<figure class=\"wp-block-image size-large is-resized\"><a href=\"https:\/\/www.caths.cz\/wordpress\/wp-content\/uploads\/2026\/04\/WhatsApp-Image-2026-04-21-at-15.14.05.jpeg\"><img loading=\"lazy\" decoding=\"async\" width=\"768\" height=\"1024\" src=\"https:\/\/www.caths.cz\/wordpress\/wp-content\/uploads\/2026\/04\/WhatsApp-Image-2026-04-21-at-15.14.05-768x1024.jpeg\" alt=\"\" class=\"wp-image-32621\" style=\"width:840px;height:auto\" srcset=\"https:\/\/www.caths.cz\/wordpress\/wp-content\/uploads\/2026\/04\/WhatsApp-Image-2026-04-21-at-15.14.05-768x1024.jpeg 768w, https:\/\/www.caths.cz\/wordpress\/wp-content\/uploads\/2026\/04\/WhatsApp-Image-2026-04-21-at-15.14.05-225x300.jpeg 225w, https:\/\/www.caths.cz\/wordpress\/wp-content\/uploads\/2026\/04\/WhatsApp-Image-2026-04-21-at-15.14.05-1152x1536.jpeg 1152w, https:\/\/www.caths.cz\/wordpress\/wp-content\/uploads\/2026\/04\/WhatsApp-Image-2026-04-21-at-15.14.05-90x120.jpeg 90w, https:\/\/www.caths.cz\/wordpress\/wp-content\/uploads\/2026\/04\/WhatsApp-Image-2026-04-21-at-15.14.05.jpeg 1200w\" sizes=\"auto, (max-width: 768px) 100vw, 768px\" \/><\/a><\/figure>\n","protected":false},"excerpt":{"rendered":"<a href=\"https:\/\/www.caths.cz\/wordpress\/para-atleti-zbroji-na-maroko-do-dejiste-grand-prix-vyrazila-rekordni-vyprava\/\"><img width=\"100\" height=\"100\" src=\"https:\/\/www.caths.cz\/wordpress\/wp-content\/uploads\/2026\/04\/FB-post-4_5-CATHS-1-100x100.png\" class=\"alignleft tfe wp-post-image\" alt=\"\" decoding=\"async\" loading=\"lazy\" srcset=\"https:\/\/www.caths.cz\/wordpress\/wp-content\/uploads\/2026\/04\/FB-post-4_5-CATHS-1-100x100.png 100w, https:\/\/www.caths.cz\/wordpress\/wp-content\/uploads\/2026\/04\/FB-post-4_5-CATHS-1-150x150.png 150w\" sizes=\"auto, (max-width: 100px) 100vw, 100px\" \/><\/a><p>Sv\u011btov\u00e1 para atletika m\u00ed\u0159\u00ed do severn\u00ed Afriky. Marock\u00fd Rabat host\u00ed od 23. do 25. dubna jubilejn\u00ed 10. ro\u010dn\u00edk Grand Prix. Pro \u010cesko jde o st\u011b\u017eejn\u00ed akci sez\u00f3ny, na kterou vys\u00edl\u00e1 [&hellip;]<\/p>\n","protected":false},"author":1,"featured_media":32586,"comment_status":"closed","ping_status":"closed","sticky":false,"template":"","format":"standard","meta":{"ngg_post_thumbnail":0,"footnotes":""},"categories":[1],"tags":[],"class_list":["post-32585","post","type-post","status-publish","format-standard","has-post-thumbnail","hentry","category-nezarazene"],"_links":{"self":[{"href":"https:\/\/www.caths.cz\/wordpress\/wp-json\/wp\/v2\/posts\/32585","targetHints":{"allow":["GET"]}}],"collection":[{"href":"https:\/\/www.caths.cz\/wordpress\/wp-json\/wp\/v2\/posts"}],"about":[{"href":"https:\/\/www.caths.cz\/wordpress\/wp-json\/wp\/v2\/types\/post"}],"author":[{"embeddable":true,"href":"https:\/\/www.caths.cz\/wordpress\/wp-json\/wp\/v2\/users\/1"}],"replies":[{"embeddable":true,"href":"https:\/\/www.caths.cz\/wordpress\/wp-json\/wp\/v2\/comments?post=32585"}],"version-history":[{"count":5,"href":"https:\/\/www.caths.cz\/wordpress\/wp-json\/wp\/v2\/posts\/32585\/revisions"}],"predecessor-version":[{"id":32623,"href":"https:\/\/www.caths.cz\/wordpress\/wp-json\/wp\/v2\/posts\/32585\/revisions\/32623"}],"wp:featuredmedia":[{"embeddable":true,"href":"https:\/\/www.caths.cz\/wordpress\/wp-json\/wp\/v2\/media\/32586"}],"wp:attachment":[{"href":"https:\/\/www.caths.cz\/wordpress\/wp-json\/wp\/v2\/media?parent=32585"}],"wp:term":[{"taxonomy":"category","embeddable":true,"href":"https:\/\/www.caths.cz\/wordpress\/wp-json\/wp\/v2\/categories?post=32585"},{"taxonomy":"post_tag","embeddable":true,"href":"https:\/\/www.caths.cz\/wordpress\/wp-json\/wp\/v2\/tags?post=32585"}],"curies":[{"name":"wp","href":"https:\/\/api.w.org\/{rel}","templated":true}]}}