{"id":32474,"date":"2026-01-16T12:56:27","date_gmt":"2026-01-16T11:56:27","guid":{"rendered":"https:\/\/www.caths.cz\/wordpress\/?p=32474"},"modified":"2026-01-16T13:00:02","modified_gmt":"2026-01-16T12:00:02","slug":"rok-bez-velkeho-sampionatu-ale-s-nabitym-kalendarem-para-atlety-ceka-pestra-sezona-2026","status":"publish","type":"post","link":"https:\/\/www.caths.cz\/wordpress\/rok-bez-velkeho-sampionatu-ale-s-nabitym-kalendarem-para-atlety-ceka-pestra-sezona-2026\/","title":{"rendered":"Rok bez velk\u00e9ho \u0161ampion\u00e1tu, ale s nabit\u00fdm kalend\u00e1\u0159em. Para atlety \u010dek\u00e1 pestr\u00e1 sez\u00f3na 2026"},"content":{"rendered":"\n<figure class=\"wp-block-image size-large\"><a href=\"https:\/\/www.caths.cz\/wordpress\/wp-content\/uploads\/2026\/01\/vzor-foto-do-clanku-1.png\"><img loading=\"lazy\" decoding=\"async\" width=\"1024\" height=\"578\" src=\"https:\/\/www.caths.cz\/wordpress\/wp-content\/uploads\/2026\/01\/vzor-foto-do-clanku-1-1024x578.png\" alt=\"\" class=\"wp-image-32478\" srcset=\"https:\/\/www.caths.cz\/wordpress\/wp-content\/uploads\/2026\/01\/vzor-foto-do-clanku-1-1024x578.png 1024w, https:\/\/www.caths.cz\/wordpress\/wp-content\/uploads\/2026\/01\/vzor-foto-do-clanku-1-300x169.png 300w, https:\/\/www.caths.cz\/wordpress\/wp-content\/uploads\/2026\/01\/vzor-foto-do-clanku-1-768x434.png 768w, https:\/\/www.caths.cz\/wordpress\/wp-content\/uploads\/2026\/01\/vzor-foto-do-clanku-1-120x68.png 120w, https:\/\/www.caths.cz\/wordpress\/wp-content\/uploads\/2026\/01\/vzor-foto-do-clanku-1.png 1240w\" sizes=\"auto, (max-width: 1024px) 100vw, 1024px\" \/><\/a><\/figure>\n\n\n\n<p><strong>\u010cesk\u00e1 para atletika vyhl\u00ed\u017e\u00ed rok 2026. P\u0159esto\u017ee v mezin\u00e1rodn\u00edm kalend\u00e1\u0159i tentokr\u00e1t chyb\u00ed tradi\u010dn\u00ed \u201evelk\u00fd\u201c vrchol v podob\u011b mistrovstv\u00ed sv\u011bta \u010di Evropy, nudit se reprezentanti rozhodn\u011b nebudou. Program s\u00e1z\u00ed na osv\u011bd\u010denou sv\u011btovou s\u00e9rii Grand Prix, v\u010detn\u011b toho ryze \u017eensk\u00e9ho v Olomouci, a potvrzuje rostouc\u00ed presti\u017e dom\u00e1c\u00edch m\u00edtink\u016f v r\u00e1mci \u010cesk\u00e9 para atletick\u00e9 ligy.<\/strong><\/p>\n\n\n\n<h3 class=\"wp-block-heading\">Specifick\u00fd rok bez klasick\u00e9ho vrcholu\u00a0<\/h3>\n\n\n\n<p>Absence kontinent\u00e1ln\u00edho nebo sv\u011btov\u00e9ho \u0161ampion\u00e1tu definuje r\u00e1z cel\u00e9 sez\u00f3ny. \u201e<em>Sez\u00f3na 2026 bude pro \u010deskou para atletiku pon\u011bkud nestandardn\u00ed. Bude n\u00e1m chyb\u011bt klasick\u00fd vrchol, na kter\u00fd jsme zvykl\u00ed, a\u0165 u\u017e jde o mistrovstv\u00ed sv\u011bta, Evropy, nebo paralympi\u00e1du<\/em>,\u201c potvrzuje <strong>Vojt\u011bch Pavl\u00edk<\/strong>, p\u0159edseda \u010cesk\u00e9 asociace t\u011blesn\u011b handicapovan\u00fdch sportovc\u016f. P\u016fvodn\u00ed pl\u00e1ny sice po\u010d\u00edtaly s evropsk\u00fdm \u0161ampion\u00e1tem, ten se v\u0161ak nakonec neuskute\u010dn\u00ed.<\/p>\n\n\n\n<p>Pavl\u00edk v\u0161ak v absenci velk\u00e9 akce nevid\u00ed stagnaci, ale sp\u00ed\u0161e p\u0159\u00edle\u017eitost k v\u011bt\u0161\u00ed pestrosti: \u201e<em>I tak si mysl\u00edm, \u017ee n\u00e1s \u010dek\u00e1 velmi zaj\u00edmav\u00fd rok. Nab\u00eddka je \u0161irok\u00e1 \u2013 od dvou dom\u00e1c\u00edch \u0161ampion\u00e1t\u016f v Ostrav\u011b a\u017e po sv\u011btovou s\u00e9rii<\/em>.\u201c<\/p>\n\n\n\n<h3 class=\"wp-block-heading\">Marock\u00fd Rabat jako \u010desk\u00fd magnet<\/h3>\n\n\n\n<p>V mezin\u00e1rodn\u00edm kalend\u00e1\u0159i se pozornost up\u00edr\u00e1 p\u0159edev\u0161\u00edm k s\u00e9rii Grand Prix. Zat\u00edmco \u00fanorov\u00fd start v Dubaji prov\u011b\u0159\u00ed formu po zimn\u00ed p\u0159\u00edprav\u011b, za nejd\u016fle\u017eit\u011bj\u0161\u00ed bod jarn\u00ed \u010d\u00e1sti pova\u017euje veden\u00ed asociace m\u00edtink v Maroku (20.\u201326. dubna).<\/p>\n\n\n\n<p>\u201e<em>Jako nejv\u011bt\u0161\u00ed akci z na\u0161eho pohledu vn\u00edm\u00e1m Grand Prix v Maroku. Tradi\u010dn\u00ed lokace v Marr\u00e1ke\u0161i se p\u0159esunula do Rabatu a aktu\u00e1ln\u011b u na\u0161ich reprezentant\u016f evidujeme o tento start nejv\u011bt\u0161\u00ed z\u00e1jem. P\u0159edpokl\u00e1d\u00e1me, \u017ee to bude pro \u010desk\u00e9 barvy nejobsazen\u011bj\u0161\u00ed zahrani\u010dn\u00ed akce<\/em>,\u201c vysv\u011btluje Pavl\u00edk. Dod\u00e1v\u00e1 v\u0161ak, \u017ee siln\u00e9 zastoupen\u00ed bude m\u00edt \u010cesko i na dal\u0161\u00edch m\u00edtinc\u00edch v Pa\u0159\u00ed\u017ei \u010di Tunisu.<\/p>\n\n\n\n<h3 class=\"wp-block-heading\">Ostrava centrem mistrovstv\u00ed, Olomouc \u017een\u00e1m zasl\u00edben\u00e1<\/h3>\n\n\n\n<p>Na dom\u00e1c\u00ed p\u016fd\u011b se pozornost fanou\u0161k\u016f i atlet\u016f rozd\u011bl\u00ed mezi p\u011btikolovou<a href=\"https:\/\/www.paraatletika.cz\/\"> \u010ceskou para atletickou ligu<\/a> (\u010cPAL) a dva republikov\u00e9 \u0161ampion\u00e1ty. \u201e<em>M\u00e1me v pl\u00e1nu dv\u011b mistrovstv\u00ed republiky \u2013 b\u0159eznov\u00e9 halov\u00e9 a klasick\u00e9 letn\u00ed venkovn\u00ed. V obou p\u0159\u00edpadech se potk\u00e1me v Ostrav\u011b<\/em>,\u201c up\u0159es\u0148uje p\u0159edseda asociace k akc\u00edm pl\u00e1novan\u00fdm na 15. b\u0159ezna a 10.\u201311. \u010dervence.<\/p>\n\n\n\n<p>Specifick\u00e9 postaven\u00ed v kalend\u00e1\u0159i m\u00e1 Olomouc. Krom\u011b fin\u00e1lov\u00e9ho kola ligy (19. z\u00e1\u0159\u00ed) bude hostit na p\u0159elomu \u010dervna a \u010dervence presti\u017en\u00ed Grand Prix. \u201e<em>Vrcholem, zejm\u00e9na pro na\u0161e z\u00e1vodnice, bude pr\u00e1v\u011b olomouck\u00e9 Grand Prix. P\u016fjde o druh\u00fd ro\u010dn\u00edk sv\u011btov\u00e9 s\u00e9rie, kter\u00fd je po\u0159\u00e1d\u00e1n exkluzivn\u011b pouze pro \u017eeny, co\u017e z n\u011bj d\u011bl\u00e1 unik\u00e1tn\u00ed akci v glob\u00e1ln\u00edm m\u011b\u0159\u00edtku<\/em>,\u201c uzav\u00edr\u00e1 Vojt\u011bch Pavl\u00edk.<\/p>\n\n\n\n<p>Z\u00e1\u0159ijov\u00fd kalend\u00e1\u0159 pak 20. z\u00e1\u0159\u00ed obohat\u00ed tradi\u010dn\u00ed m\u00edtink Pardubice bez bari\u00e9r Open. Ten se \u0159ad\u00ed mezi dal\u0161\u00ed atraktivn\u00ed podniky v druh\u00e9 polovin\u011b kalend\u00e1\u0159n\u00edho roku a podtrhuje ambici udr\u017eet vysok\u00e9 tempo a pestrost z\u00e1vodn\u00edho programu a\u017e do pozdn\u00edch m\u011bs\u00edc\u016f.&nbsp;<\/p>\n\n\n\n<p>Kompletn\u00ed kalend\u00e1\u0159 <a href=\"https:\/\/www.caths.cz\/wordpress\/kalendar\/\"><strong>ZDE<\/strong><\/a>.<\/p>\n\n\n\n<p class=\"has-text-align-right\"><em>Text: Martin Steinbach<br>Foto: GP Olomouc, Zuzana Mazurov\u00e1<\/em><\/p>\n","protected":false},"excerpt":{"rendered":"<a href=\"https:\/\/www.caths.cz\/wordpress\/rok-bez-velkeho-sampionatu-ale-s-nabitym-kalendarem-para-atlety-ceka-pestra-sezona-2026\/\"><img width=\"100\" height=\"100\" src=\"https:\/\/www.caths.cz\/wordpress\/wp-content\/uploads\/2026\/01\/vzor-titulni-foto-CATHS-3-100x100.png\" class=\"alignleft tfe wp-post-image\" alt=\"\" decoding=\"async\" loading=\"lazy\" srcset=\"https:\/\/www.caths.cz\/wordpress\/wp-content\/uploads\/2026\/01\/vzor-titulni-foto-CATHS-3-100x100.png 100w, https:\/\/www.caths.cz\/wordpress\/wp-content\/uploads\/2026\/01\/vzor-titulni-foto-CATHS-3-300x300.png 300w, https:\/\/www.caths.cz\/wordpress\/wp-content\/uploads\/2026\/01\/vzor-titulni-foto-CATHS-3-1024x1024.png 1024w, https:\/\/www.caths.cz\/wordpress\/wp-content\/uploads\/2026\/01\/vzor-titulni-foto-CATHS-3-150x150.png 150w, https:\/\/www.caths.cz\/wordpress\/wp-content\/uploads\/2026\/01\/vzor-titulni-foto-CATHS-3-768x768.png 768w, https:\/\/www.caths.cz\/wordpress\/wp-content\/uploads\/2026\/01\/vzor-titulni-foto-CATHS-3-1536x1536.png 1536w, https:\/\/www.caths.cz\/wordpress\/wp-content\/uploads\/2026\/01\/vzor-titulni-foto-CATHS-3-2048x2048.png 2048w, https:\/\/www.caths.cz\/wordpress\/wp-content\/uploads\/2026\/01\/vzor-titulni-foto-CATHS-3-120x120.png 120w\" sizes=\"auto, (max-width: 100px) 100vw, 100px\" \/><\/a><p>\u010cesk\u00e1 para atletika vyhl\u00ed\u017e\u00ed rok 2026. P\u0159esto\u017ee v mezin\u00e1rodn\u00edm kalend\u00e1\u0159i tentokr\u00e1t chyb\u00ed tradi\u010dn\u00ed \u201evelk\u00fd\u201c vrchol v podob\u011b mistrovstv\u00ed sv\u011bta \u010di Evropy, nudit se reprezentanti rozhodn\u011b nebudou. Program s\u00e1z\u00ed na osv\u011bd\u010denou [&hellip;]<\/p>\n","protected":false},"author":1,"featured_media":32443,"comment_status":"closed","ping_status":"closed","sticky":false,"template":"","format":"standard","meta":{"ngg_post_thumbnail":0,"footnotes":""},"categories":[1],"tags":[],"class_list":["post-32474","post","type-post","status-publish","format-standard","has-post-thumbnail","hentry","category-nezarazene"],"_links":{"self":[{"href":"https:\/\/www.caths.cz\/wordpress\/wp-json\/wp\/v2\/posts\/32474","targetHints":{"allow":["GET"]}}],"collection":[{"href":"https:\/\/www.caths.cz\/wordpress\/wp-json\/wp\/v2\/posts"}],"about":[{"href":"https:\/\/www.caths.cz\/wordpress\/wp-json\/wp\/v2\/types\/post"}],"author":[{"embeddable":true,"href":"https:\/\/www.caths.cz\/wordpress\/wp-json\/wp\/v2\/users\/1"}],"replies":[{"embeddable":true,"href":"https:\/\/www.caths.cz\/wordpress\/wp-json\/wp\/v2\/comments?post=32474"}],"version-history":[{"count":2,"href":"https:\/\/www.caths.cz\/wordpress\/wp-json\/wp\/v2\/posts\/32474\/revisions"}],"predecessor-version":[{"id":32479,"href":"https:\/\/www.caths.cz\/wordpress\/wp-json\/wp\/v2\/posts\/32474\/revisions\/32479"}],"wp:featuredmedia":[{"embeddable":true,"href":"https:\/\/www.caths.cz\/wordpress\/wp-json\/wp\/v2\/media\/32443"}],"wp:attachment":[{"href":"https:\/\/www.caths.cz\/wordpress\/wp-json\/wp\/v2\/media?parent=32474"}],"wp:term":[{"taxonomy":"category","embeddable":true,"href":"https:\/\/www.caths.cz\/wordpress\/wp-json\/wp\/v2\/categories?post=32474"},{"taxonomy":"post_tag","embeddable":true,"href":"https:\/\/www.caths.cz\/wordpress\/wp-json\/wp\/v2\/tags?post=32474"}],"curies":[{"name":"wp","href":"https:\/\/api.w.org\/{rel}","templated":true}]}}