{"id":32367,"date":"2026-01-05T12:46:03","date_gmt":"2026-01-05T11:46:03","guid":{"rendered":"https:\/\/www.caths.cz\/wordpress\/?p=32367"},"modified":"2026-01-05T12:51:40","modified_gmt":"2026-01-05T11:51:40","slug":"vanocni-vrhacsky-mitink-v-olomouci-spajsuv-cesky-rekord-ozdobil-konec-sezony","status":"publish","type":"post","link":"https:\/\/www.caths.cz\/wordpress\/vanocni-vrhacsky-mitink-v-olomouci-spajsuv-cesky-rekord-ozdobil-konec-sezony\/","title":{"rendered":"V\u00e1no\u010dn\u00ed vrha\u010dsk\u00fd m\u00edtink v Olomouci: \u0160pajs\u016fv \u010desk\u00fd rekord ozdobil konec sez\u00f3ny"},"content":{"rendered":"\n<figure class=\"wp-block-image size-large\"><a href=\"https:\/\/www.caths.cz\/wordpress\/wp-content\/uploads\/2026\/01\/Navrh-bez-nazvu-1.png\"><img loading=\"lazy\" decoding=\"async\" width=\"1024\" height=\"578\" src=\"https:\/\/www.caths.cz\/wordpress\/wp-content\/uploads\/2026\/01\/Navrh-bez-nazvu-1-1024x578.png\" alt=\"\" class=\"wp-image-32369\" srcset=\"https:\/\/www.caths.cz\/wordpress\/wp-content\/uploads\/2026\/01\/Navrh-bez-nazvu-1-1024x578.png 1024w, https:\/\/www.caths.cz\/wordpress\/wp-content\/uploads\/2026\/01\/Navrh-bez-nazvu-1-300x169.png 300w, https:\/\/www.caths.cz\/wordpress\/wp-content\/uploads\/2026\/01\/Navrh-bez-nazvu-1-768x434.png 768w, https:\/\/www.caths.cz\/wordpress\/wp-content\/uploads\/2026\/01\/Navrh-bez-nazvu-1-120x68.png 120w, https:\/\/www.caths.cz\/wordpress\/wp-content\/uploads\/2026\/01\/Navrh-bez-nazvu-1.png 1240w\" sizes=\"auto, (max-width: 1024px) 100vw, 1024px\" \/><\/a><\/figure>\n\n\n\n<p><strong>Olomouck\u00e1 atletick\u00e1 hala hostila 14. prosince 2025 tradi\u010dn\u00ed V\u00e1no\u010dn\u00ed vrha\u010dsk\u00fd m\u00edtink. Leto\u0161n\u00ed ro\u010dn\u00edk, jeho\u017e ned\u00edlnou sou\u010d\u00e1st\u00ed byl i Juniorsk\u00fd poh\u00e1rek, nab\u00eddl nejen o\u010dek\u00e1vanou dominanci zku\u0161en\u00fdch reprezentant\u016f, ale i siln\u00fd p\u0159\u00edslib do budoucna v pod\u00e1n\u00ed nad\u011bjn\u00fdch talent\u016f.<\/strong><\/p>\n\n\n\n<h3 class=\"wp-block-heading\">Rekordn\u00ed z\u00e1pis Vlastimila \u0160pajse<\/h3>\n\n\n\n<p>Absolutn\u00edm vrcholem m\u00edtinku byl v\u00fdkon dom\u00e1c\u00edho borce Vlastimila \u0160pajse v kategorii F56. Olomouck\u00fd vrha\u010d potvrdil skv\u011blou formu a poslal kouli do vzd\u00e1lenosti 9,20 m. T\u00edmto pokusem nejen ovl\u00e1dl svou kategorii, ale p\u0159edev\u0161\u00edm ustanovil nov\u00fd \u010desk\u00fd rekord. V procentu\u00e1ln\u00edm hodnocen\u00ed v\u00fdkonu (41,071 %) tak nena\u0161el p\u0159emo\u017eitele a nechal za sebou i druh\u00e9ho P\u0159emysla Li\u0161ku ze Zl\u00edna.<\/p>\n\n\n\n<h3 class=\"wp-block-heading\">Juniorsk\u00fd poh\u00e1rek: Budoucnost v dobr\u00fdch rukou<\/h3>\n\n\n\n<p>Velkou pozornost poutaly v\u00fdkony v r\u00e1mci Juniorsk\u00e9ho poh\u00e1rku, kde se o nejv\u011bt\u0161\u00ed rozruch postarali z\u00e1stupci nejmlad\u0161\u00ed generace v hodu raketkou.<\/p>\n\n\n\n<ul class=\"wp-block-list\">\n<li>Mezi d\u00edvkami dominovala dvan\u00e1ctilet\u00e1 Nikola Vernerov\u00e1 (kategorie F13), jej\u00ed\u017e raketka dol\u00e9tla na hranici 16,90 m.<\/li>\n\n\n\n<li>V chlapeck\u00e9 \u010d\u00e1sti zaz\u00e1\u0159il \u010dtrn\u00e1ctilet\u00fd Kry\u0161tof Hor\u00e1k (kategorie F20), kter\u00fd p\u0159edvedl suver\u00e9nn\u00ed hod dlouh\u00fd 28,70 m.<\/li>\n<\/ul>\n\n\n\n<h3 class=\"wp-block-heading\">Tradi\u010dn\u00ed opory a stabiln\u00ed forma<\/h3>\n\n\n\n<p>V hale se da\u0159ilo i dal\u0161\u00edm zn\u00e1m\u00fdm jm\u00e9n\u016fm. V \u017eensk\u00e9m vrhu koul\u00ed (skupiny F12, 13, 20) p\u0159edvedla v\u00fdborn\u00fd v\u00fdkon Lenka Hornov\u00e1, kter\u00e1 zv\u00edt\u011bzila s v\u00fdkonem 9,32 m. Jej\u00ed v\u00fdsledek odpov\u00eddaj\u00edc\u00ed 70,075 % byl nejlep\u0161\u00edm bodov\u00fdm ziskem mezi \u017eenami nap\u0159\u00ed\u010d v\u0161emi vrha\u010dsk\u00fdmi sektory.<\/p>\n\n\n\n<p>Nezklamali ani dal\u0161\u00ed favorit\u00e9:<\/p>\n\n\n\n<ul class=\"wp-block-list\">\n<li>Martin Dvo\u0159\u00e1k (skupina 34) potvrdil stabilitu v\u00fdkonem 8,80 m, \u010d\u00edm\u017e si zapsal sv\u00e9 leto\u0161n\u00ed maximum (SB).<\/li>\n\n\n\n<li>Hlavn\u00ed po\u0159adatelka a legenda oboru Eva Kacanu (F54) ovl\u00e1dla svou skupinu vrhem dlouh\u00fdm 4,33 m.<\/li>\n\n\n\n<li>V sout\u011b\u017ei ku\u017eelk\u00e1\u0159\u016f kraloval Franti\u0161ek Dirda z SK Koci\u00e1nka s v\u00fdkonem 12,32 m.<\/li>\n<\/ul>\n\n\n\n<h3 class=\"wp-block-heading\">Hodnocen\u00ed po\u0159adatelky<\/h3>\n\n\n\n<p>Hlavn\u00ed organiz\u00e1torka a aktivn\u00ed z\u00e1vodnice Eva Kacanu hodnotila leto\u0161n\u00ed ro\u010dn\u00edk s neskr\u00fdvan\u00fdm optimismem. Podle jej\u00edch slov lze m\u00edtink pova\u017eovat za mimo\u0159\u00e1dn\u011b \u00fasp\u011b\u0161n\u00fd.<\/p>\n\n\n\n<p>\u201e<em>Z\u00e1vod prob\u011bhl ve skv\u011bl\u00e9 atmosf\u00e9\u0159e a lze jej hodnotit jako velmi vyda\u0159en\u00fd. Poda\u0159ilo se n\u011bkter\u00fdm atlet\u016fm p\u0159ekonat sv\u00e1 osobn\u00ed maxima, co\u017e je pro n\u00e1s nejlep\u0161\u00ed odm\u011bnou za organizaci cel\u00e9ho m\u00edtinku<\/em>,\u201c doplnila Kacanu.<\/p>\n\n\n\n<p>Kompletn\u00ed v\u00fdsledky <a href=\"http:\/\/www.atletikavozickaru.cz\/2020\/hala\/hala%20Olomouc,%20CZE_2025_12_14.pdf\" data-type=\"link\" data-id=\"http:\/\/www.atletikavozickaru.cz\/2020\/hala\/hala%20Olomouc,%20CZE_2025_12_14.pdf\" target=\"_blank\" rel=\"noreferrer noopener\"><strong>ZDE<\/strong><\/a>.<\/p>\n\n\n\n<p>Fotogalerie <a href=\"https:\/\/photos.app.goo.gl\/ZBDEY71uyTnHTQTU7\" data-type=\"link\" data-id=\"https:\/\/photos.app.goo.gl\/ZBDEY71uyTnHTQTU7\" target=\"_blank\" rel=\"noreferrer noopener\"><strong>ZDE<\/strong><\/a>.<\/p>\n\n\n\n<p class=\"has-text-align-right\"><em>Zdroj a foto: AK Olomouc<\/em><\/p>\n\n\n\n<figure class=\"wp-block-gallery has-nested-images columns-default is-cropped wp-block-gallery-1 is-layout-flex wp-block-gallery-is-layout-flex\">\n<figure class=\"wp-block-image size-large\"><a href=\"https:\/\/www.caths.cz\/wordpress\/wp-content\/uploads\/2026\/01\/20251214_104814-scaled.jpg\"><img loading=\"lazy\" decoding=\"async\" width=\"1024\" height=\"577\" data-id=\"32371\" src=\"https:\/\/www.caths.cz\/wordpress\/wp-content\/uploads\/2026\/01\/20251214_104814-1024x577.jpg\" alt=\"\" class=\"wp-image-32371\" srcset=\"https:\/\/www.caths.cz\/wordpress\/wp-content\/uploads\/2026\/01\/20251214_104814-1024x577.jpg 1024w, https:\/\/www.caths.cz\/wordpress\/wp-content\/uploads\/2026\/01\/20251214_104814-300x169.jpg 300w, https:\/\/www.caths.cz\/wordpress\/wp-content\/uploads\/2026\/01\/20251214_104814-768x432.jpg 768w, https:\/\/www.caths.cz\/wordpress\/wp-content\/uploads\/2026\/01\/20251214_104814-1536x865.jpg 1536w, https:\/\/www.caths.cz\/wordpress\/wp-content\/uploads\/2026\/01\/20251214_104814-2048x1153.jpg 2048w, https:\/\/www.caths.cz\/wordpress\/wp-content\/uploads\/2026\/01\/20251214_104814-120x68.jpg 120w\" sizes=\"auto, (max-width: 1024px) 100vw, 1024px\" \/><\/a><\/figure>\n\n\n\n<figure class=\"wp-block-image size-large\"><a href=\"https:\/\/www.caths.cz\/wordpress\/wp-content\/uploads\/2026\/01\/20251214_111610-scaled.jpg\"><img loading=\"lazy\" decoding=\"async\" width=\"768\" height=\"1024\" data-id=\"32372\" src=\"https:\/\/www.caths.cz\/wordpress\/wp-content\/uploads\/2026\/01\/20251214_111610-768x1024.jpg\" alt=\"\" class=\"wp-image-32372\" srcset=\"https:\/\/www.caths.cz\/wordpress\/wp-content\/uploads\/2026\/01\/20251214_111610-768x1024.jpg 768w, https:\/\/www.caths.cz\/wordpress\/wp-content\/uploads\/2026\/01\/20251214_111610-225x300.jpg 225w, https:\/\/www.caths.cz\/wordpress\/wp-content\/uploads\/2026\/01\/20251214_111610-1152x1536.jpg 1152w, https:\/\/www.caths.cz\/wordpress\/wp-content\/uploads\/2026\/01\/20251214_111610-1536x2048.jpg 1536w, https:\/\/www.caths.cz\/wordpress\/wp-content\/uploads\/2026\/01\/20251214_111610-90x120.jpg 90w, https:\/\/www.caths.cz\/wordpress\/wp-content\/uploads\/2026\/01\/20251214_111610-scaled.jpg 1920w\" sizes=\"auto, (max-width: 768px) 100vw, 768px\" \/><\/a><\/figure>\n\n\n\n<figure class=\"wp-block-image size-large\"><a href=\"https:\/\/www.caths.cz\/wordpress\/wp-content\/uploads\/2026\/01\/20251214_112538-scaled.jpg\"><img loading=\"lazy\" decoding=\"async\" width=\"768\" height=\"1024\" data-id=\"32373\" src=\"https:\/\/www.caths.cz\/wordpress\/wp-content\/uploads\/2026\/01\/20251214_112538-768x1024.jpg\" alt=\"\" class=\"wp-image-32373\" srcset=\"https:\/\/www.caths.cz\/wordpress\/wp-content\/uploads\/2026\/01\/20251214_112538-768x1024.jpg 768w, https:\/\/www.caths.cz\/wordpress\/wp-content\/uploads\/2026\/01\/20251214_112538-225x300.jpg 225w, https:\/\/www.caths.cz\/wordpress\/wp-content\/uploads\/2026\/01\/20251214_112538-1152x1536.jpg 1152w, https:\/\/www.caths.cz\/wordpress\/wp-content\/uploads\/2026\/01\/20251214_112538-1536x2048.jpg 1536w, https:\/\/www.caths.cz\/wordpress\/wp-content\/uploads\/2026\/01\/20251214_112538-90x120.jpg 90w, https:\/\/www.caths.cz\/wordpress\/wp-content\/uploads\/2026\/01\/20251214_112538-scaled.jpg 1920w\" sizes=\"auto, (max-width: 768px) 100vw, 768px\" \/><\/a><\/figure>\n\n\n\n<figure class=\"wp-block-image size-large\"><a href=\"https:\/\/www.caths.cz\/wordpress\/wp-content\/uploads\/2026\/01\/IMG-20251214-WA0015.jpg\"><img loading=\"lazy\" decoding=\"async\" width=\"1024\" height=\"576\" data-id=\"32374\" src=\"https:\/\/www.caths.cz\/wordpress\/wp-content\/uploads\/2026\/01\/IMG-20251214-WA0015-1024x576.jpg\" alt=\"\" class=\"wp-image-32374\" srcset=\"https:\/\/www.caths.cz\/wordpress\/wp-content\/uploads\/2026\/01\/IMG-20251214-WA0015-1024x576.jpg 1024w, https:\/\/www.caths.cz\/wordpress\/wp-content\/uploads\/2026\/01\/IMG-20251214-WA0015-300x169.jpg 300w, https:\/\/www.caths.cz\/wordpress\/wp-content\/uploads\/2026\/01\/IMG-20251214-WA0015-768x432.jpg 768w, https:\/\/www.caths.cz\/wordpress\/wp-content\/uploads\/2026\/01\/IMG-20251214-WA0015-1536x864.jpg 1536w, https:\/\/www.caths.cz\/wordpress\/wp-content\/uploads\/2026\/01\/IMG-20251214-WA0015-120x68.jpg 120w, https:\/\/www.caths.cz\/wordpress\/wp-content\/uploads\/2026\/01\/IMG-20251214-WA0015.jpg 1600w\" sizes=\"auto, (max-width: 1024px) 100vw, 1024px\" \/><\/a><\/figure>\n<\/figure>\n","protected":false},"excerpt":{"rendered":"<a href=\"https:\/\/www.caths.cz\/wordpress\/vanocni-vrhacsky-mitink-v-olomouci-spajsuv-cesky-rekord-ozdobil-konec-sezony\/\"><img width=\"100\" height=\"100\" src=\"https:\/\/www.caths.cz\/wordpress\/wp-content\/uploads\/2026\/01\/vzor-titulni-foto-CATHS-1-100x100.png\" class=\"alignleft tfe wp-post-image\" alt=\"\" decoding=\"async\" loading=\"lazy\" srcset=\"https:\/\/www.caths.cz\/wordpress\/wp-content\/uploads\/2026\/01\/vzor-titulni-foto-CATHS-1-100x100.png 100w, https:\/\/www.caths.cz\/wordpress\/wp-content\/uploads\/2026\/01\/vzor-titulni-foto-CATHS-1-300x300.png 300w, https:\/\/www.caths.cz\/wordpress\/wp-content\/uploads\/2026\/01\/vzor-titulni-foto-CATHS-1-1024x1024.png 1024w, https:\/\/www.caths.cz\/wordpress\/wp-content\/uploads\/2026\/01\/vzor-titulni-foto-CATHS-1-150x150.png 150w, https:\/\/www.caths.cz\/wordpress\/wp-content\/uploads\/2026\/01\/vzor-titulni-foto-CATHS-1-768x768.png 768w, https:\/\/www.caths.cz\/wordpress\/wp-content\/uploads\/2026\/01\/vzor-titulni-foto-CATHS-1-120x120.png 120w, https:\/\/www.caths.cz\/wordpress\/wp-content\/uploads\/2026\/01\/vzor-titulni-foto-CATHS-1.png 1080w\" sizes=\"auto, (max-width: 100px) 100vw, 100px\" \/><\/a><p>Olomouck\u00e1 atletick\u00e1 hala hostila 14. prosince 2025 tradi\u010dn\u00ed V\u00e1no\u010dn\u00ed vrha\u010dsk\u00fd m\u00edtink. Leto\u0161n\u00ed ro\u010dn\u00edk, jeho\u017e ned\u00edlnou sou\u010d\u00e1st\u00ed byl i Juniorsk\u00fd poh\u00e1rek, nab\u00eddl nejen o\u010dek\u00e1vanou dominanci zku\u0161en\u00fdch reprezentant\u016f, ale i siln\u00fd p\u0159\u00edslib [&hellip;]<\/p>\n","protected":false},"author":1,"featured_media":32370,"comment_status":"closed","ping_status":"closed","sticky":false,"template":"","format":"standard","meta":{"ngg_post_thumbnail":0,"footnotes":""},"categories":[1],"tags":[],"class_list":["post-32367","post","type-post","status-publish","format-standard","has-post-thumbnail","hentry","category-nezarazene"],"_links":{"self":[{"href":"https:\/\/www.caths.cz\/wordpress\/wp-json\/wp\/v2\/posts\/32367","targetHints":{"allow":["GET"]}}],"collection":[{"href":"https:\/\/www.caths.cz\/wordpress\/wp-json\/wp\/v2\/posts"}],"about":[{"href":"https:\/\/www.caths.cz\/wordpress\/wp-json\/wp\/v2\/types\/post"}],"author":[{"embeddable":true,"href":"https:\/\/www.caths.cz\/wordpress\/wp-json\/wp\/v2\/users\/1"}],"replies":[{"embeddable":true,"href":"https:\/\/www.caths.cz\/wordpress\/wp-json\/wp\/v2\/comments?post=32367"}],"version-history":[{"count":2,"href":"https:\/\/www.caths.cz\/wordpress\/wp-json\/wp\/v2\/posts\/32367\/revisions"}],"predecessor-version":[{"id":32376,"href":"https:\/\/www.caths.cz\/wordpress\/wp-json\/wp\/v2\/posts\/32367\/revisions\/32376"}],"wp:featuredmedia":[{"embeddable":true,"href":"https:\/\/www.caths.cz\/wordpress\/wp-json\/wp\/v2\/media\/32370"}],"wp:attachment":[{"href":"https:\/\/www.caths.cz\/wordpress\/wp-json\/wp\/v2\/media?parent=32367"}],"wp:term":[{"taxonomy":"category","embeddable":true,"href":"https:\/\/www.caths.cz\/wordpress\/wp-json\/wp\/v2\/categories?post=32367"},{"taxonomy":"post_tag","embeddable":true,"href":"https:\/\/www.caths.cz\/wordpress\/wp-json\/wp\/v2\/tags?post=32367"}],"curies":[{"name":"wp","href":"https:\/\/api.w.org\/{rel}","templated":true}]}}