{"id":32323,"date":"2025-12-22T17:33:46","date_gmt":"2025-12-22T16:33:46","guid":{"rendered":"https:\/\/www.caths.cz\/wordpress\/?p=32323"},"modified":"2025-12-23T09:42:29","modified_gmt":"2025-12-23T08:42:29","slug":"vesele-vanoce-a-stastny-novy-rok-2026","status":"publish","type":"post","link":"https:\/\/www.caths.cz\/wordpress\/vesele-vanoce-a-stastny-novy-rok-2026\/","title":{"rendered":"Vesel\u00e9 V\u00e1noce a \u0161\u0165astn\u00fd nov\u00fd rok 2026!"},"content":{"rendered":"\n<figure class=\"wp-block-image size-large\"><a href=\"https:\/\/www.caths.cz\/wordpress\/wp-content\/uploads\/2025\/12\/Navrh-bez-nazvu-7.png\"><img loading=\"lazy\" decoding=\"async\" width=\"1024\" height=\"576\" src=\"https:\/\/www.caths.cz\/wordpress\/wp-content\/uploads\/2025\/12\/Navrh-bez-nazvu-7-1024x576.png\" alt=\"\" class=\"wp-image-32326\" srcset=\"https:\/\/www.caths.cz\/wordpress\/wp-content\/uploads\/2025\/12\/Navrh-bez-nazvu-7-1024x576.png 1024w, https:\/\/www.caths.cz\/wordpress\/wp-content\/uploads\/2025\/12\/Navrh-bez-nazvu-7-300x169.png 300w, https:\/\/www.caths.cz\/wordpress\/wp-content\/uploads\/2025\/12\/Navrh-bez-nazvu-7-768x432.png 768w, https:\/\/www.caths.cz\/wordpress\/wp-content\/uploads\/2025\/12\/Navrh-bez-nazvu-7-1536x864.png 1536w, https:\/\/www.caths.cz\/wordpress\/wp-content\/uploads\/2025\/12\/Navrh-bez-nazvu-7-120x68.png 120w, https:\/\/www.caths.cz\/wordpress\/wp-content\/uploads\/2025\/12\/Navrh-bez-nazvu-7.png 1920w\" sizes=\"auto, (max-width: 1024px) 100vw, 1024px\" \/><\/a><\/figure>\n\n\n\n<p>V\u00e1\u017een\u00ed sportovci, tren\u00e9\u0159i, \u010dlenov\u00e9 klub\u016f a p\u0159\u00edznivci para atletiky,<\/p>\n\n\n\n<p>m\u00e1me za sebou rok 2025, kter\u00fd byl nabit\u00fd nep\u0159ehl\u00e9dnuteln\u00fdmi aktivitami. R\u00e1d bych up\u0159\u00edmn\u011b pod\u011bkoval cel\u00e9 na\u0161\u00ed \u0161irok\u00e9 \u010dlensk\u00e9 z\u00e1kladn\u011b, v\u0161em klub\u016fm i realiza\u010dn\u00edm t\u00fdm\u016fm za skv\u011blou pr\u00e1ci a reprezentaci na tuzemsk\u00fdch i zahrani\u010dn\u00edch akc\u00edch.<\/p>\n\n\n\n<p>Hluboce smek\u00e1m p\u0159ed \u0161pi\u010dkou na\u0161eho t\u00fdmu, kter\u00e1 se probojovala na MS v Indii. Speci\u00e1ln\u00ed gratulace pat\u0159\u00ed na\u0161im medailist\u016fm \u2013 <strong>Ale\u0161i Kis\u00e9mu<\/strong> za st\u0159\u00edbro v kouli a <strong>Franti\u0161ku Serbusovi<\/strong> za bronz v ku\u017eelce.<\/p>\n\n\n\n<p>Velk\u00fd d\u00edk si zaslou\u017e\u00ed tak\u00e9 organiza\u010dn\u00ed t\u00fdm <strong>AK Olomouc<\/strong> za obrovsk\u00fd kus pr\u00e1ce p\u0159i uspo\u0159\u00e1d\u00e1n\u00ed historicky prvn\u00edho ryze \u017eensk\u00e9ho Grand Prix. Tato akce u n\u00e1s nem\u011bla obdoby a jsem nesm\u00edrn\u011b r\u00e1d, \u017ee se na na\u0161em \u00fazem\u00ed bude konat minim\u00e1ln\u011b dal\u0161\u00ed t\u0159i roky.<\/p>\n\n\n\n<p>S \u00factou a tichou vzpom\u00ednkou se ohl\u00ed\u017e\u00edme i za t\u011bmi, kte\u0159\u00ed n\u00e1s letos nav\u017edy opustili. Vzd\u00e1v\u00e1me hold legend\u00e1m \u010desk\u00e9ho parasportu, <strong>Mirce Sedl\u00e1\u010dkov\u00e9 a Pavlu Tepl\u00e9mu<\/strong>.<\/p>\n\n\n\n<p>Z\u00e1rove\u0148 ji\u017e s nad\u011bj\u00ed hled\u00edme do roku 2026. Ten p\u0159inese na\u0161\u00ed asociaci <strong>z\u00e1sadn\u00ed zm\u011bny<\/strong> \u2013 novou vizu\u00e1ln\u00ed identitu, logo, n\u00e1zev i stanovy. T\u011b\u0161\u00edm se, \u017ee se spole\u010dn\u011b staneme modern\u00ed organizac\u00ed zam\u011b\u0159enou \u010dist\u011b na para atletiku.<\/p>\n\n\n\n<p>P\u0159eji v\u00e1m klidn\u00e9 pro\u017eit\u00ed v\u00e1no\u010dn\u00edch sv\u00e1tk\u016f a do nov\u00e9ho roku hodn\u011b \u0161t\u011bst\u00ed, \u00fasp\u011bch\u016f, a p\u0159edev\u0161\u00edm pevn\u00e9 zdrav\u00ed.<\/p>\n\n\n\n<p class=\"has-text-align-right\"><em><strong>Vojt\u011bch Pavl\u00edk<br><\/strong>p\u0159edseda \u010cesk\u00e9 asociace t\u011blesn\u011b handicapovan\u00fdch sportovc\u016f<\/em><\/p>\n\n\n\n<figure class=\"wp-block-image size-large\"><a href=\"https:\/\/www.caths.cz\/wordpress\/wp-content\/uploads\/2025\/12\/CATHS-PF.png\"><img loading=\"lazy\" decoding=\"async\" width=\"819\" height=\"1024\" src=\"https:\/\/www.caths.cz\/wordpress\/wp-content\/uploads\/2025\/12\/CATHS-PF-819x1024.png\" alt=\"\" class=\"wp-image-32325\" srcset=\"https:\/\/www.caths.cz\/wordpress\/wp-content\/uploads\/2025\/12\/CATHS-PF-819x1024.png 819w, https:\/\/www.caths.cz\/wordpress\/wp-content\/uploads\/2025\/12\/CATHS-PF-240x300.png 240w, https:\/\/www.caths.cz\/wordpress\/wp-content\/uploads\/2025\/12\/CATHS-PF-768x960.png 768w, https:\/\/www.caths.cz\/wordpress\/wp-content\/uploads\/2025\/12\/CATHS-PF-96x120.png 96w, https:\/\/www.caths.cz\/wordpress\/wp-content\/uploads\/2025\/12\/CATHS-PF.png 1080w\" sizes=\"auto, (max-width: 819px) 100vw, 819px\" \/><\/a><\/figure>\n\n\n\n<p class=\"has-text-align-right\"><\/p>\n","protected":false},"excerpt":{"rendered":"<a href=\"https:\/\/www.caths.cz\/wordpress\/vesele-vanoce-a-stastny-novy-rok-2026\/\"><img width=\"100\" height=\"100\" src=\"https:\/\/www.caths.cz\/wordpress\/wp-content\/uploads\/2025\/12\/vzor-titulni-foto-CATHS-1-100x100.png\" class=\"alignleft tfe wp-post-image\" alt=\"\" decoding=\"async\" loading=\"lazy\" srcset=\"https:\/\/www.caths.cz\/wordpress\/wp-content\/uploads\/2025\/12\/vzor-titulni-foto-CATHS-1-100x100.png 100w, https:\/\/www.caths.cz\/wordpress\/wp-content\/uploads\/2025\/12\/vzor-titulni-foto-CATHS-1-300x300.png 300w, https:\/\/www.caths.cz\/wordpress\/wp-content\/uploads\/2025\/12\/vzor-titulni-foto-CATHS-1-1024x1024.png 1024w, https:\/\/www.caths.cz\/wordpress\/wp-content\/uploads\/2025\/12\/vzor-titulni-foto-CATHS-1-150x150.png 150w, https:\/\/www.caths.cz\/wordpress\/wp-content\/uploads\/2025\/12\/vzor-titulni-foto-CATHS-1-768x768.png 768w, https:\/\/www.caths.cz\/wordpress\/wp-content\/uploads\/2025\/12\/vzor-titulni-foto-CATHS-1-120x120.png 120w, https:\/\/www.caths.cz\/wordpress\/wp-content\/uploads\/2025\/12\/vzor-titulni-foto-CATHS-1.png 1080w\" sizes=\"auto, (max-width: 100px) 100vw, 100px\" \/><\/a><p>V\u00e1\u017een\u00ed sportovci, tren\u00e9\u0159i, \u010dlenov\u00e9 klub\u016f a p\u0159\u00edznivci para atletiky, m\u00e1me za sebou rok 2025, kter\u00fd byl nabit\u00fd nep\u0159ehl\u00e9dnuteln\u00fdmi aktivitami. R\u00e1d bych up\u0159\u00edmn\u011b pod\u011bkoval cel\u00e9 na\u0161\u00ed \u0161irok\u00e9 \u010dlensk\u00e9 z\u00e1kladn\u011b, v\u0161em klub\u016fm [&hellip;]<\/p>\n","protected":false},"author":1,"featured_media":32327,"comment_status":"closed","ping_status":"closed","sticky":false,"template":"","format":"standard","meta":{"ngg_post_thumbnail":0,"footnotes":""},"categories":[1],"tags":[],"class_list":["post-32323","post","type-post","status-publish","format-standard","has-post-thumbnail","hentry","category-nezarazene"],"_links":{"self":[{"href":"https:\/\/www.caths.cz\/wordpress\/wp-json\/wp\/v2\/posts\/32323","targetHints":{"allow":["GET"]}}],"collection":[{"href":"https:\/\/www.caths.cz\/wordpress\/wp-json\/wp\/v2\/posts"}],"about":[{"href":"https:\/\/www.caths.cz\/wordpress\/wp-json\/wp\/v2\/types\/post"}],"author":[{"embeddable":true,"href":"https:\/\/www.caths.cz\/wordpress\/wp-json\/wp\/v2\/users\/1"}],"replies":[{"embeddable":true,"href":"https:\/\/www.caths.cz\/wordpress\/wp-json\/wp\/v2\/comments?post=32323"}],"version-history":[{"count":4,"href":"https:\/\/www.caths.cz\/wordpress\/wp-json\/wp\/v2\/posts\/32323\/revisions"}],"predecessor-version":[{"id":32345,"href":"https:\/\/www.caths.cz\/wordpress\/wp-json\/wp\/v2\/posts\/32323\/revisions\/32345"}],"wp:featuredmedia":[{"embeddable":true,"href":"https:\/\/www.caths.cz\/wordpress\/wp-json\/wp\/v2\/media\/32327"}],"wp:attachment":[{"href":"https:\/\/www.caths.cz\/wordpress\/wp-json\/wp\/v2\/media?parent=32323"}],"wp:term":[{"taxonomy":"category","embeddable":true,"href":"https:\/\/www.caths.cz\/wordpress\/wp-json\/wp\/v2\/categories?post=32323"},{"taxonomy":"post_tag","embeddable":true,"href":"https:\/\/www.caths.cz\/wordpress\/wp-json\/wp\/v2\/tags?post=32323"}],"curies":[{"name":"wp","href":"https:\/\/api.w.org\/{rel}","templated":true}]}}