{"id":32272,"date":"2025-11-25T13:03:11","date_gmt":"2025-11-25T12:03:11","guid":{"rendered":"https:\/\/www.caths.cz\/wordpress\/?p=32272"},"modified":"2025-11-25T13:29:32","modified_gmt":"2025-11-25T12:29:32","slug":"uspesna-mise-v-thajsku-para-atleti-vybojovali-devet-cennych-kovu-a-konci-treti-mezi-narody","status":"publish","type":"post","link":"https:\/\/www.caths.cz\/wordpress\/uspesna-mise-v-thajsku-para-atleti-vybojovali-devet-cennych-kovu-a-konci-treti-mezi-narody\/","title":{"rendered":"\u00dasp\u011b\u0161n\u00e1 mise v Thajsku: Para atleti vybojovali dev\u011bt cenn\u00fdch kov\u016f a kon\u010d\u00ed t\u0159et\u00ed mezi n\u00e1rody"},"content":{"rendered":"\n<figure class=\"wp-block-image size-large\"><a href=\"https:\/\/www.caths.cz\/wordpress\/wp-content\/uploads\/2025\/11\/Navrh-bez-nazvu-1-1-scaled.png\"><img loading=\"lazy\" decoding=\"async\" width=\"1024\" height=\"576\" src=\"https:\/\/www.caths.cz\/wordpress\/wp-content\/uploads\/2025\/11\/Navrh-bez-nazvu-1-1-1024x576.png\" alt=\"\" class=\"wp-image-32274\" srcset=\"https:\/\/www.caths.cz\/wordpress\/wp-content\/uploads\/2025\/11\/Navrh-bez-nazvu-1-1-1024x576.png 1024w, https:\/\/www.caths.cz\/wordpress\/wp-content\/uploads\/2025\/11\/Navrh-bez-nazvu-1-1-300x169.png 300w, https:\/\/www.caths.cz\/wordpress\/wp-content\/uploads\/2025\/11\/Navrh-bez-nazvu-1-1-768x432.png 768w, https:\/\/www.caths.cz\/wordpress\/wp-content\/uploads\/2025\/11\/Navrh-bez-nazvu-1-1-1536x864.png 1536w, https:\/\/www.caths.cz\/wordpress\/wp-content\/uploads\/2025\/11\/Navrh-bez-nazvu-1-1-2048x1152.png 2048w, https:\/\/www.caths.cz\/wordpress\/wp-content\/uploads\/2025\/11\/Navrh-bez-nazvu-1-1-120x68.png 120w\" sizes=\"auto, (max-width: 1024px) 100vw, 1024px\" \/><\/a><\/figure>\n\n\n\n<p><strong>\u010cesk\u00e1 v\u00fdprava se na hr\u00e1ch World Abilitysport Games v Thajsku prezentovala v&nbsp;par\u00e1dn\u00ed form\u011b. Z Nakhon Ratchasima vezou reprezentanti dev\u011bt medail\u00ed, z toho hned \u0161est zlat\u00fdch. Tato mimo\u0159\u00e1dn\u00e1 bilance vynesla \u010cesko na celkov\u00e9 t\u0159et\u00ed m\u00edsto v hodnocen\u00ed n\u00e1rod\u016f, hned za asijsk\u00e9 giganty Thajsko a Indii.<\/strong><\/p>\n\n\n\n<p>Kdy\u017e se \u0159ekne efektivita, v Thajsku se letos ukazovalo na \u010deskou vlajku. T\u00fdm se musel na stadionu His Majesty the King vypo\u0159\u00e1dat se silnou konkurenc\u00ed i p\u0159\u00edsn\u00fdm technick\u00fdm \u0159\u00e1dem. Dlouh\u00e9 \u010dek\u00e1n\u00ed v Call Roomech a striktn\u00ed z\u00f3ny pro tren\u00e9ry ned\u00e1valy prostor pro chyby. \u010ce\u0161i v\u0161ak uk\u00e1zali p\u0159ipravenost. V\u00fdsledkov\u00e1 listina hovo\u0159\u00ed jasn\u011b: co \u010cech, to hrozba pro soupe\u0159e.<\/p>\n\n\n\n<h3 class=\"wp-block-heading\">Hor\u00e1\u010dk\u016fv zlat\u00fd hattrick<\/h3>\n\n\n\n<p>Kr\u00e1lem v\u00fdpravy se stal <strong>Tom\u00e1\u0161 Hor\u00e1\u010dek<\/strong>. V kategorii F34 p\u0159edvedl nev\u00eddanou dominanci a zkompletoval zlat\u00fd hattrick \u2013 postaral se tak o polovinu v\u0161ech \u010desk\u00fdch triumf\u016f. Svou j\u00edzdu zah\u00e1jil ve vrhu koul\u00ed (10,18 m), n\u00e1sledn\u011b ovl\u00e1dl disk (32,74 m) a nadvl\u00e1du potvrdil v o\u0161t\u011bpu (30,23 m). V sektorech mu zdatn\u011b sekundoval t\u00fdmov\u00fd par\u0165\u00e1k <strong>Martin Dvo\u0159\u00e1k<\/strong>, kter\u00fd jistil \u010desk\u00e9 pozice dv\u011bma st\u0159\u00edbrn\u00fdmi medailemi (disk a koule). <\/p>\n\n\n\n<h3 class=\"wp-block-heading\">Dvo\u0159\u00e1k: Forma rostla v\u00a0Emir\u00e1tech<\/h3>\n\n\n\n<p>Pr\u00e1v\u011b Martin Dvo\u0159\u00e1k po n\u00e1vratu prozradil recept na \u00fasp\u011bch v n\u00e1ro\u010dn\u00fdch podm\u00ednk\u00e1ch. Kl\u00ed\u010dov\u00e1 byla aklimatizace. <em>\u201eNa z\u00e1vody jsem se chystal deset dn\u00ed v arabsk\u00e9m Ajmanu, kde soust\u0159ed\u011bn\u00ed prob\u00edhalo skv\u011ble a c\u00edtil jsem, jak forma roste. Pomohla mi i krat\u0161\u00ed doba letu do Thajska,\u201c<\/em> popisuje \u010desk\u00fd reprezentant.<\/p>\n\n\n\n<p>S v\u00fdsledky je spokojen\u00fd i po sportovn\u00ed str\u00e1nce. <em>\u201eV disku jsem si zapsal nov\u00e9 sez\u00f3nn\u00ed maximum. V kouli mi k n\u011bmu chyb\u011bly jen dva centimetry, co\u017e pova\u017euji za velmi kvalitn\u00ed v\u00fdkon. Dv\u011b st\u0159\u00edbrn\u00e9 medaile jsou par\u00e1dn\u00ed odm\u011bnou. Z\u00e1vody se celkov\u011b vyda\u0159ily a v t\u00fdmu panovala skv\u011bl\u00e1 atmosf\u00e9ra,\u201c<\/em> dod\u00e1v\u00e1 Dvo\u0159\u00e1k, kter\u00fd si na z\u00e1v\u011br st\u0159ihl i dopl\u0148kov\u00fd o\u0161t\u011bp. Dv\u011b discipl\u00edny v kategorii F34 \u2013 disk a koule \u2013 absolvoval tak\u00e9 <strong>Marek Douda<\/strong>.<\/p>\n\n\n\n<figure class=\"wp-block-gallery has-nested-images columns-default is-cropped wp-block-gallery-1 is-layout-flex wp-block-gallery-is-layout-flex\">\n<figure class=\"wp-block-image size-large\"><a href=\"https:\/\/www.caths.cz\/wordpress\/wp-content\/uploads\/2025\/11\/Obrazek-WhatsApp-2025-11-24-v-21.12.12_1522ecbc.jpg\"><img loading=\"lazy\" decoding=\"async\" width=\"819\" height=\"1024\" data-id=\"32288\" src=\"https:\/\/www.caths.cz\/wordpress\/wp-content\/uploads\/2025\/11\/Obrazek-WhatsApp-2025-11-24-v-21.12.12_1522ecbc-819x1024.jpg\" alt=\"\" class=\"wp-image-32288\" srcset=\"https:\/\/www.caths.cz\/wordpress\/wp-content\/uploads\/2025\/11\/Obrazek-WhatsApp-2025-11-24-v-21.12.12_1522ecbc-819x1024.jpg 819w, https:\/\/www.caths.cz\/wordpress\/wp-content\/uploads\/2025\/11\/Obrazek-WhatsApp-2025-11-24-v-21.12.12_1522ecbc-240x300.jpg 240w, https:\/\/www.caths.cz\/wordpress\/wp-content\/uploads\/2025\/11\/Obrazek-WhatsApp-2025-11-24-v-21.12.12_1522ecbc-768x960.jpg 768w, https:\/\/www.caths.cz\/wordpress\/wp-content\/uploads\/2025\/11\/Obrazek-WhatsApp-2025-11-24-v-21.12.12_1522ecbc-96x120.jpg 96w, https:\/\/www.caths.cz\/wordpress\/wp-content\/uploads\/2025\/11\/Obrazek-WhatsApp-2025-11-24-v-21.12.12_1522ecbc.jpg 1080w\" sizes=\"auto, (max-width: 819px) 100vw, 819px\" \/><\/a><\/figure>\n\n\n\n<figure class=\"wp-block-image size-large\"><a href=\"https:\/\/www.caths.cz\/wordpress\/wp-content\/uploads\/2025\/11\/Obrazek-WhatsApp-2025-11-24-v-21.22.09_755bf0e1.jpg\"><img loading=\"lazy\" decoding=\"async\" width=\"819\" height=\"1024\" data-id=\"32287\" src=\"https:\/\/www.caths.cz\/wordpress\/wp-content\/uploads\/2025\/11\/Obrazek-WhatsApp-2025-11-24-v-21.22.09_755bf0e1-819x1024.jpg\" alt=\"\" class=\"wp-image-32287\" srcset=\"https:\/\/www.caths.cz\/wordpress\/wp-content\/uploads\/2025\/11\/Obrazek-WhatsApp-2025-11-24-v-21.22.09_755bf0e1-819x1024.jpg 819w, https:\/\/www.caths.cz\/wordpress\/wp-content\/uploads\/2025\/11\/Obrazek-WhatsApp-2025-11-24-v-21.22.09_755bf0e1-240x300.jpg 240w, https:\/\/www.caths.cz\/wordpress\/wp-content\/uploads\/2025\/11\/Obrazek-WhatsApp-2025-11-24-v-21.22.09_755bf0e1-768x960.jpg 768w, https:\/\/www.caths.cz\/wordpress\/wp-content\/uploads\/2025\/11\/Obrazek-WhatsApp-2025-11-24-v-21.22.09_755bf0e1-96x120.jpg 96w, https:\/\/www.caths.cz\/wordpress\/wp-content\/uploads\/2025\/11\/Obrazek-WhatsApp-2025-11-24-v-21.22.09_755bf0e1.jpg 1080w\" sizes=\"auto, (max-width: 819px) 100vw, 819px\" \/><\/a><\/figure>\n<\/figure>\n\n\n\n<h3 class=\"wp-block-heading\">Cinklo to i ku\u017eelk\u00e1\u0159\u016fm<\/h3>\n\n\n\n<p>Mezi \u017eenami \u00fa\u0159adovala <strong>Anna Muzikov\u00e1<\/strong> (F32). Podmanila si svou par\u00e1dn\u00ed ku\u017eelku, kde v\u00fdkonem 17,95 m nedala soupe\u0159k\u00e1m \u0161anci. Druh\u00e9 zlato pak p\u0159idala v disku, kde za sebou nechala i z\u00e1vodnici z Hong Kongu.<\/p>\n\n\n\n<p>Zlat\u00fd \u00fa\u010det podtrhl zku\u0161en\u00fd <strong>Franti\u0161ek Serbus<\/strong> (F32). V hodu ku\u017eelkou p\u0159edvedl fantastickou s\u00e9rii \u2013 hned t\u0159i jeho pokusy let\u011bly p\u0159es 32 metr\u016f. V\u00edt\u011bzn\u00fdm hodem 33,41 m deklasoval zbytek startovn\u00edho pole a p\u0159ipsal si v\u00edt\u011bzstv\u00ed s obrovsk\u00fdm bodov\u00fdm ziskem. Medailovou sb\u00edrku na kone\u010dn\u00fdch dev\u011bt kov\u016f zkompletoval <strong>Du\u0161an \u0160\u010dambura<\/strong> (F55), kter\u00fd vybojoval st\u0159\u00edbro v disku.<\/p>\n\n\n\n<h3 class=\"wp-block-heading\">Bronzov\u00e1 te\u010dka a lou\u010den\u00ed legendy<\/h3>\n\n\n\n<p>Pohled na fin\u00e1ln\u00ed tabulku n\u00e1rod\u016f je pro \u010desk\u00e9 barvy nanejv\u00fd\u0161 lichotiv\u00fd. S bilanc\u00ed \u0161esti zlat\u00fdch a t\u0159\u00ed st\u0159\u00edbrn\u00fdch medail\u00ed skon\u010dilo \u010cesko na celkov\u00e9m t\u0159et\u00edm m\u00edst\u011b. Tento \u00fasp\u011bch vyzdvihuje i vedouc\u00ed v\u00fdpravy <strong>Eva Kacanu<\/strong>, pro kterou m\u011bly hry zvl\u00e1\u0161tn\u00ed v\u00fdznam.<\/p>\n\n\n\n<p><em>\u201eJako vedouc\u00ed v\u00fdpravy jsem s celkov\u00fdm um\u00edst\u011bn\u00edm velmi spokojen\u00e1. Je \u00fa\u017easn\u00e9, \u017ee jsme i jako po\u010detn\u011b men\u0161\u00ed v\u00fdprava dok\u00e1zali v hodnocen\u00ed n\u00e1rod\u016f vybojovat bronzovou p\u0159\u00ed\u010dku,\u201c<\/em> hodnot\u00ed vystoupen\u00ed t\u00fdmu Kacanu. <em>\u201eOrganizace byla celkov\u011b v\u00fdborn\u00e1, ve\u0161ker\u00fd servis fungoval. I kdy\u017e se na za\u010d\u00e1tku objevily drobn\u00e9 zmatky, v\u0161e se poda\u0159ilo vy\u0159e\u0161it.\u201c<\/em><\/p>\n\n\n\n<p>Z\u00e1rove\u0148 se na thajsk\u00e9 hry d\u00edvala i pohledem aktivn\u00ed z\u00e1vodnice. <em>\u201eByla to jedna z t\u011bch lep\u0161\u00edch akc\u00ed, z\u00e1vody m\u011bly vysokou \u00farove\u0148. Je jen \u0161koda, \u017ee v n\u011bkter\u00fdch discipl\u00edn\u00e1ch bylo m\u00e9n\u011b soupe\u0159\u016f, ale celkov\u011b akci hodnot\u00edm na v\u00fdbornou,\u201c<\/em> shrnuje Kacanu, kter\u00e1 v Thajsku uzav\u0159ela jednu velkou kapitolu. <em>\u201ePro m\u011b osobn\u011b to byla derni\u00e9ra. Naposledy jsem zde startovala jako reprezentantka \u010cesk\u00e9 republiky,\u201c<\/em> dod\u00e1v\u00e1 na z\u00e1v\u011br v\u00fdznamn\u00e1 osobnost \u010desk\u00e9ho para sportu.<\/p>\n\n\n\n<p><span style=\"text-decoration: underline;\">V\u00fdsledky \u010desk\u00e9ho t\u00fdmu na World Abilitysport Games 2025<\/span><strong>:<\/strong><\/p>\n\n\n\n<h4 class=\"wp-block-heading\"><strong>ZLATO<\/strong><\/h4>\n\n\n\n<ul class=\"wp-block-list\">\n<li><strong>Tom\u00e1\u0161 Hor\u00e1\u010dek<\/strong> \u2013 Vrh koul\u00ed, kategorie F34 \u2013 <strong>10,28 m<\/strong> <\/li>\n\n\n\n<li><strong>Tom\u00e1\u0161 Hor\u00e1\u010dek<\/strong> \u2013 Hod diskem, kategorie F34 \u2013 <strong>32,74 m<\/strong> <\/li>\n\n\n\n<li><strong>Tom\u00e1\u0161 Hor\u00e1\u010dek<\/strong> \u2013 Hod o\u0161t\u011bpem, kategorie F34 \u2013 <strong>30,23 m<\/strong> <\/li>\n\n\n\n<li><strong>Franti\u0161ek Serbus<\/strong> \u2013 Hod ku\u017eelkou, kategorie F32 \u2013 <strong>33,41 m<\/strong> <\/li>\n\n\n\n<li><strong>Anna Muzikov\u00e1<\/strong> \u2013 Hod ku\u017eelkou, kategorie F32 \u2013 <strong>17,95 m<\/strong> <\/li>\n\n\n\n<li><strong>Anna Muzikov\u00e1<\/strong> \u2013 Hod diskem, kategorie F32 \u2013 <strong>7,25 m<\/strong> <\/li>\n<\/ul>\n\n\n\n<h4 class=\"wp-block-heading\"><strong>ST\u0158\u00cdBRO<\/strong><\/h4>\n\n\n\n<ul class=\"wp-block-list\">\n<li><strong>Martin Dvo\u0159\u00e1k<\/strong> \u2013 Hod diskem, kategorie F34 \u2013 <strong>24,60 m<\/strong> <\/li>\n\n\n\n<li><strong>Martin Dvo\u0159\u00e1k<\/strong> \u2013 Vrh koul\u00ed, kategorie F34 \u2013 <strong>8,75 m<\/strong> <\/li>\n\n\n\n<li><strong>Du\u0161an \u0160\u010dambura<\/strong> \u2013 Hod diskem, kategorie F55 \u2013 <strong>23,91 m<\/strong> <\/li>\n<\/ul>\n\n\n\n<h4 class=\"wp-block-heading\"><strong>BRONZ<\/strong> <em><strong>(Bez medailov\u00e9ho z\u00e1pisu v ofici\u00e1ln\u00ed bilanci n\u00e1rod\u016f)<\/strong><\/em><\/h4>\n\n\n\n<ul class=\"wp-block-list\">\n<li>3. m\u00edsto <strong>Martin Dvo\u0159\u00e1k<\/strong> \u2013 Hod o\u0161t\u011bpem, kategorie F34 \u2013 <strong>17,85 m<\/strong><\/li>\n\n\n\n<li>3. m\u00edsto <strong>Ad\u00e9la Sekyrov\u00e1<\/strong> \u2013 Hod diskem, kategorie F32 \u2013 <strong>3,11 m<\/strong> <\/li>\n\n\n\n<li>3. m\u00edsto <strong>Marek Douda<\/strong> \u2013 Hod diskem, kategorie F34 \u2013 <strong>24,29 m<\/strong>  <\/li>\n\n\n\n<li>3. m\u00edsto <strong>Eva Kacanu<\/strong> \u2013 Vrh koul\u00ed, kategorie F54 \u2013 <strong>4,33 m<\/strong> <\/li>\n<\/ul>\n\n\n\n<h4 class=\"wp-block-heading\"><strong>4. m\u00edsto<\/strong><\/h4>\n\n\n\n<ul class=\"wp-block-list\">\n<li>4. m\u00edsto <strong>Du\u0161an \u0160\u010dambura<\/strong> \u2013 Hod o\u0161t\u011bpem, kategorie F55 \u2013 <strong>20,31 m<\/strong> <\/li>\n\n\n\n<li>4. m\u00edsto <strong>Ad\u00e9la Sekyrov\u00e1<\/strong> \u2013 Hod ku\u017eelkou, kategorie F32 \u2013 <strong>8,74 m<\/strong><\/li>\n\n\n\n<li>4. m\u00edsto <strong>Ad\u00e9la Sekyrov\u00e1<\/strong> \u2013 Vrh koul\u00ed, kategorie F32 \u2013 <strong>1,27 m<\/strong><\/li>\n\n\n\n<li>4. m\u00edsto <strong>Eva Kacanu<\/strong> \u2013 Hod diskem, kategorie F54 \u2013 <strong>8,56 m<\/strong><\/li>\n\n\n\n<li>4. m\u00edsto <strong>Marek Douda<\/strong> \u2013 Vrh koul\u00ed, kategorie F34 \u2013 <strong>7,72 m<\/strong><\/li>\n<\/ul>\n\n\n\n<h4 class=\"wp-block-heading\"><strong>5. m\u00edsto<\/strong><\/h4>\n\n\n\n<ul class=\"wp-block-list\">\n<li>5. m\u00edsto <strong>Du\u0161an \u0160\u010dambura<\/strong> \u2013 Vrh koul\u00ed, kategorie F55 \u2013 <strong>7,45 m<\/strong><\/li>\n\n\n\n<li>5. m\u00edsto <strong>Eva Kacanu<\/strong> \u2013 Hod o\u0161t\u011bpem, kategorie F54 \u2013 <strong>7,28 m<\/strong><\/li>\n<\/ul>\n\n\n\n<p class=\"has-text-align-right\"><em>Text: Martin Steinbach<\/em><\/p>\n\n\n\n<figure class=\"wp-block-gallery has-nested-images columns-2 is-cropped wp-block-gallery-2 is-layout-flex wp-block-gallery-is-layout-flex\">\n<figure class=\"wp-block-image size-large\"><a href=\"https:\/\/www.caths.cz\/wordpress\/wp-content\/uploads\/2025\/11\/WA-Thajsko-2025-1.jpg\"><img loading=\"lazy\" decoding=\"async\" width=\"768\" height=\"1024\" data-id=\"32276\" src=\"https:\/\/www.caths.cz\/wordpress\/wp-content\/uploads\/2025\/11\/WA-Thajsko-2025-1-768x1024.jpg\" alt=\"\" class=\"wp-image-32276\" srcset=\"https:\/\/www.caths.cz\/wordpress\/wp-content\/uploads\/2025\/11\/WA-Thajsko-2025-1-768x1024.jpg 768w, https:\/\/www.caths.cz\/wordpress\/wp-content\/uploads\/2025\/11\/WA-Thajsko-2025-1-225x300.jpg 225w, https:\/\/www.caths.cz\/wordpress\/wp-content\/uploads\/2025\/11\/WA-Thajsko-2025-1-1152x1536.jpg 1152w, https:\/\/www.caths.cz\/wordpress\/wp-content\/uploads\/2025\/11\/WA-Thajsko-2025-1-90x120.jpg 90w, https:\/\/www.caths.cz\/wordpress\/wp-content\/uploads\/2025\/11\/WA-Thajsko-2025-1.jpg 1536w\" sizes=\"auto, (max-width: 768px) 100vw, 768px\" \/><\/a><\/figure>\n\n\n\n<figure class=\"wp-block-image size-large\"><a href=\"https:\/\/www.caths.cz\/wordpress\/wp-content\/uploads\/2025\/11\/WA-Thajsko-2025-5.jpg\"><img loading=\"lazy\" decoding=\"async\" width=\"768\" height=\"1024\" data-id=\"32277\" src=\"https:\/\/www.caths.cz\/wordpress\/wp-content\/uploads\/2025\/11\/WA-Thajsko-2025-5-768x1024.jpg\" alt=\"\" class=\"wp-image-32277\" srcset=\"https:\/\/www.caths.cz\/wordpress\/wp-content\/uploads\/2025\/11\/WA-Thajsko-2025-5-768x1024.jpg 768w, https:\/\/www.caths.cz\/wordpress\/wp-content\/uploads\/2025\/11\/WA-Thajsko-2025-5-225x300.jpg 225w, https:\/\/www.caths.cz\/wordpress\/wp-content\/uploads\/2025\/11\/WA-Thajsko-2025-5-1152x1536.jpg 1152w, https:\/\/www.caths.cz\/wordpress\/wp-content\/uploads\/2025\/11\/WA-Thajsko-2025-5-90x120.jpg 90w, https:\/\/www.caths.cz\/wordpress\/wp-content\/uploads\/2025\/11\/WA-Thajsko-2025-5.jpg 1500w\" sizes=\"auto, (max-width: 768px) 100vw, 768px\" \/><\/a><\/figure>\n\n\n\n<figure class=\"wp-block-image size-large\"><a href=\"https:\/\/www.caths.cz\/wordpress\/wp-content\/uploads\/2025\/11\/WA-Thajsko-2025-7.jpg\"><img loading=\"lazy\" decoding=\"async\" width=\"768\" height=\"1024\" data-id=\"32278\" src=\"https:\/\/www.caths.cz\/wordpress\/wp-content\/uploads\/2025\/11\/WA-Thajsko-2025-7-768x1024.jpg\" alt=\"\" class=\"wp-image-32278\" srcset=\"https:\/\/www.caths.cz\/wordpress\/wp-content\/uploads\/2025\/11\/WA-Thajsko-2025-7-768x1024.jpg 768w, https:\/\/www.caths.cz\/wordpress\/wp-content\/uploads\/2025\/11\/WA-Thajsko-2025-7-225x300.jpg 225w, https:\/\/www.caths.cz\/wordpress\/wp-content\/uploads\/2025\/11\/WA-Thajsko-2025-7-1152x1536.jpg 1152w, https:\/\/www.caths.cz\/wordpress\/wp-content\/uploads\/2025\/11\/WA-Thajsko-2025-7-90x120.jpg 90w, https:\/\/www.caths.cz\/wordpress\/wp-content\/uploads\/2025\/11\/WA-Thajsko-2025-7.jpg 1500w\" sizes=\"auto, (max-width: 768px) 100vw, 768px\" \/><\/a><\/figure>\n\n\n\n<figure class=\"wp-block-image size-large\"><a href=\"https:\/\/www.caths.cz\/wordpress\/wp-content\/uploads\/2025\/11\/WA-Thajsko-2025-1-scaled.png\"><img loading=\"lazy\" decoding=\"async\" width=\"819\" height=\"1024\" data-id=\"32279\" src=\"https:\/\/www.caths.cz\/wordpress\/wp-content\/uploads\/2025\/11\/WA-Thajsko-2025-1-819x1024.png\" alt=\"\" class=\"wp-image-32279\" srcset=\"https:\/\/www.caths.cz\/wordpress\/wp-content\/uploads\/2025\/11\/WA-Thajsko-2025-1-819x1024.png 819w, https:\/\/www.caths.cz\/wordpress\/wp-content\/uploads\/2025\/11\/WA-Thajsko-2025-1-240x300.png 240w, https:\/\/www.caths.cz\/wordpress\/wp-content\/uploads\/2025\/11\/WA-Thajsko-2025-1-768x960.png 768w, https:\/\/www.caths.cz\/wordpress\/wp-content\/uploads\/2025\/11\/WA-Thajsko-2025-1-1229x1536.png 1229w, https:\/\/www.caths.cz\/wordpress\/wp-content\/uploads\/2025\/11\/WA-Thajsko-2025-1-1638x2048.png 1638w, https:\/\/www.caths.cz\/wordpress\/wp-content\/uploads\/2025\/11\/WA-Thajsko-2025-1-96x120.png 96w, https:\/\/www.caths.cz\/wordpress\/wp-content\/uploads\/2025\/11\/WA-Thajsko-2025-1-scaled.png 2048w\" sizes=\"auto, (max-width: 819px) 100vw, 819px\" \/><\/a><\/figure>\n<\/figure>\n\n\n\n<figure class=\"wp-block-gallery has-nested-images columns-default is-cropped wp-block-gallery-3 is-layout-flex wp-block-gallery-is-layout-flex\">\n<figure class=\"wp-block-image size-large\"><a href=\"https:\/\/www.caths.cz\/wordpress\/wp-content\/uploads\/2025\/11\/WA-Thajsko-2025-3.jpg\"><img loading=\"lazy\" decoding=\"async\" width=\"1024\" height=\"576\" data-id=\"32280\" src=\"https:\/\/www.caths.cz\/wordpress\/wp-content\/uploads\/2025\/11\/WA-Thajsko-2025-3-1024x576.jpg\" alt=\"\" class=\"wp-image-32280\" srcset=\"https:\/\/www.caths.cz\/wordpress\/wp-content\/uploads\/2025\/11\/WA-Thajsko-2025-3-1024x576.jpg 1024w, https:\/\/www.caths.cz\/wordpress\/wp-content\/uploads\/2025\/11\/WA-Thajsko-2025-3-300x169.jpg 300w, https:\/\/www.caths.cz\/wordpress\/wp-content\/uploads\/2025\/11\/WA-Thajsko-2025-3-768x432.jpg 768w, https:\/\/www.caths.cz\/wordpress\/wp-content\/uploads\/2025\/11\/WA-Thajsko-2025-3-1536x864.jpg 1536w, https:\/\/www.caths.cz\/wordpress\/wp-content\/uploads\/2025\/11\/WA-Thajsko-2025-3-120x68.jpg 120w, https:\/\/www.caths.cz\/wordpress\/wp-content\/uploads\/2025\/11\/WA-Thajsko-2025-3.jpg 1600w\" sizes=\"auto, (max-width: 1024px) 100vw, 1024px\" \/><\/a><\/figure>\n<\/figure>\n\n\n\n<figure class=\"wp-block-gallery has-nested-images columns-default is-cropped wp-block-gallery-4 is-layout-flex wp-block-gallery-is-layout-flex\">\n<figure class=\"wp-block-image size-large\"><a href=\"https:\/\/www.caths.cz\/wordpress\/wp-content\/uploads\/2025\/11\/WA-Thajsko-2025-4.jpg\"><img loading=\"lazy\" decoding=\"async\" width=\"1024\" height=\"768\" data-id=\"32281\" src=\"https:\/\/www.caths.cz\/wordpress\/wp-content\/uploads\/2025\/11\/WA-Thajsko-2025-4-1024x768.jpg\" alt=\"\" class=\"wp-image-32281\" srcset=\"https:\/\/www.caths.cz\/wordpress\/wp-content\/uploads\/2025\/11\/WA-Thajsko-2025-4-1024x768.jpg 1024w, https:\/\/www.caths.cz\/wordpress\/wp-content\/uploads\/2025\/11\/WA-Thajsko-2025-4-300x225.jpg 300w, https:\/\/www.caths.cz\/wordpress\/wp-content\/uploads\/2025\/11\/WA-Thajsko-2025-4-768x576.jpg 768w, https:\/\/www.caths.cz\/wordpress\/wp-content\/uploads\/2025\/11\/WA-Thajsko-2025-4-1536x1152.jpg 1536w, https:\/\/www.caths.cz\/wordpress\/wp-content\/uploads\/2025\/11\/WA-Thajsko-2025-4-120x90.jpg 120w, https:\/\/www.caths.cz\/wordpress\/wp-content\/uploads\/2025\/11\/WA-Thajsko-2025-4.jpg 2000w\" sizes=\"auto, (max-width: 1024px) 100vw, 1024px\" \/><\/a><\/figure>\n<\/figure>\n\n\n\n<figure class=\"wp-block-gallery has-nested-images columns-default is-cropped wp-block-gallery-5 is-layout-flex wp-block-gallery-is-layout-flex\">\n<figure class=\"wp-block-image size-large\"><a href=\"https:\/\/www.caths.cz\/wordpress\/wp-content\/uploads\/2025\/11\/WA-Thajsko-2025-6.jpg\"><img loading=\"lazy\" decoding=\"async\" width=\"1024\" height=\"768\" data-id=\"32282\" src=\"https:\/\/www.caths.cz\/wordpress\/wp-content\/uploads\/2025\/11\/WA-Thajsko-2025-6-1024x768.jpg\" alt=\"\" class=\"wp-image-32282\" srcset=\"https:\/\/www.caths.cz\/wordpress\/wp-content\/uploads\/2025\/11\/WA-Thajsko-2025-6-1024x768.jpg 1024w, https:\/\/www.caths.cz\/wordpress\/wp-content\/uploads\/2025\/11\/WA-Thajsko-2025-6-300x225.jpg 300w, https:\/\/www.caths.cz\/wordpress\/wp-content\/uploads\/2025\/11\/WA-Thajsko-2025-6-768x576.jpg 768w, https:\/\/www.caths.cz\/wordpress\/wp-content\/uploads\/2025\/11\/WA-Thajsko-2025-6-1536x1152.jpg 1536w, https:\/\/www.caths.cz\/wordpress\/wp-content\/uploads\/2025\/11\/WA-Thajsko-2025-6-120x90.jpg 120w, https:\/\/www.caths.cz\/wordpress\/wp-content\/uploads\/2025\/11\/WA-Thajsko-2025-6.jpg 2000w\" sizes=\"auto, (max-width: 1024px) 100vw, 1024px\" \/><\/a><\/figure>\n<\/figure>\n\n\n\n<figure class=\"wp-block-image size-large\"><a href=\"https:\/\/www.caths.cz\/wordpress\/wp-content\/uploads\/2025\/11\/WA-Thajsko-2025-2.jpg\"><img loading=\"lazy\" decoding=\"async\" width=\"1024\" height=\"576\" src=\"https:\/\/www.caths.cz\/wordpress\/wp-content\/uploads\/2025\/11\/WA-Thajsko-2025-2-1024x576.jpg\" alt=\"\" class=\"wp-image-32297\" srcset=\"https:\/\/www.caths.cz\/wordpress\/wp-content\/uploads\/2025\/11\/WA-Thajsko-2025-2-1024x576.jpg 1024w, https:\/\/www.caths.cz\/wordpress\/wp-content\/uploads\/2025\/11\/WA-Thajsko-2025-2-300x169.jpg 300w, https:\/\/www.caths.cz\/wordpress\/wp-content\/uploads\/2025\/11\/WA-Thajsko-2025-2-768x432.jpg 768w, https:\/\/www.caths.cz\/wordpress\/wp-content\/uploads\/2025\/11\/WA-Thajsko-2025-2-1536x864.jpg 1536w, https:\/\/www.caths.cz\/wordpress\/wp-content\/uploads\/2025\/11\/WA-Thajsko-2025-2-120x68.jpg 120w, https:\/\/www.caths.cz\/wordpress\/wp-content\/uploads\/2025\/11\/WA-Thajsko-2025-2.jpg 1600w\" sizes=\"auto, (max-width: 1024px) 100vw, 1024px\" \/><\/a><\/figure>\n","protected":false},"excerpt":{"rendered":"<a href=\"https:\/\/www.caths.cz\/wordpress\/uspesna-mise-v-thajsku-para-atleti-vybojovali-devet-cennych-kovu-a-konci-treti-mezi-narody\/\"><img width=\"100\" height=\"100\" src=\"https:\/\/www.caths.cz\/wordpress\/wp-content\/uploads\/2025\/11\/vzor-titulni-foto-CATHS-1-1-100x100.png\" class=\"alignleft tfe wp-post-image\" alt=\"\" decoding=\"async\" loading=\"lazy\" srcset=\"https:\/\/www.caths.cz\/wordpress\/wp-content\/uploads\/2025\/11\/vzor-titulni-foto-CATHS-1-1-100x100.png 100w, https:\/\/www.caths.cz\/wordpress\/wp-content\/uploads\/2025\/11\/vzor-titulni-foto-CATHS-1-1-300x300.png 300w, https:\/\/www.caths.cz\/wordpress\/wp-content\/uploads\/2025\/11\/vzor-titulni-foto-CATHS-1-1-1024x1024.png 1024w, https:\/\/www.caths.cz\/wordpress\/wp-content\/uploads\/2025\/11\/vzor-titulni-foto-CATHS-1-1-150x150.png 150w, https:\/\/www.caths.cz\/wordpress\/wp-content\/uploads\/2025\/11\/vzor-titulni-foto-CATHS-1-1-768x768.png 768w, https:\/\/www.caths.cz\/wordpress\/wp-content\/uploads\/2025\/11\/vzor-titulni-foto-CATHS-1-1-1536x1536.png 1536w, https:\/\/www.caths.cz\/wordpress\/wp-content\/uploads\/2025\/11\/vzor-titulni-foto-CATHS-1-1-2048x2048.png 2048w, https:\/\/www.caths.cz\/wordpress\/wp-content\/uploads\/2025\/11\/vzor-titulni-foto-CATHS-1-1-120x120.png 120w\" sizes=\"auto, (max-width: 100px) 100vw, 100px\" \/><\/a><p>\u010cesk\u00e1 v\u00fdprava se na hr\u00e1ch World Abilitysport Games v Thajsku prezentovala v&nbsp;par\u00e1dn\u00ed form\u011b. Z Nakhon Ratchasima vezou reprezentanti dev\u011bt medail\u00ed, z toho hned \u0161est zlat\u00fdch. Tato mimo\u0159\u00e1dn\u00e1 bilance vynesla \u010cesko [&hellip;]<\/p>\n","protected":false},"author":1,"featured_media":32275,"comment_status":"closed","ping_status":"closed","sticky":false,"template":"","format":"standard","meta":{"ngg_post_thumbnail":0,"footnotes":""},"categories":[1],"tags":[],"class_list":["post-32272","post","type-post","status-publish","format-standard","has-post-thumbnail","hentry","category-nezarazene"],"_links":{"self":[{"href":"https:\/\/www.caths.cz\/wordpress\/wp-json\/wp\/v2\/posts\/32272","targetHints":{"allow":["GET"]}}],"collection":[{"href":"https:\/\/www.caths.cz\/wordpress\/wp-json\/wp\/v2\/posts"}],"about":[{"href":"https:\/\/www.caths.cz\/wordpress\/wp-json\/wp\/v2\/types\/post"}],"author":[{"embeddable":true,"href":"https:\/\/www.caths.cz\/wordpress\/wp-json\/wp\/v2\/users\/1"}],"replies":[{"embeddable":true,"href":"https:\/\/www.caths.cz\/wordpress\/wp-json\/wp\/v2\/comments?post=32272"}],"version-history":[{"count":10,"href":"https:\/\/www.caths.cz\/wordpress\/wp-json\/wp\/v2\/posts\/32272\/revisions"}],"predecessor-version":[{"id":32298,"href":"https:\/\/www.caths.cz\/wordpress\/wp-json\/wp\/v2\/posts\/32272\/revisions\/32298"}],"wp:featuredmedia":[{"embeddable":true,"href":"https:\/\/www.caths.cz\/wordpress\/wp-json\/wp\/v2\/media\/32275"}],"wp:attachment":[{"href":"https:\/\/www.caths.cz\/wordpress\/wp-json\/wp\/v2\/media?parent=32272"}],"wp:term":[{"taxonomy":"category","embeddable":true,"href":"https:\/\/www.caths.cz\/wordpress\/wp-json\/wp\/v2\/categories?post=32272"},{"taxonomy":"post_tag","embeddable":true,"href":"https:\/\/www.caths.cz\/wordpress\/wp-json\/wp\/v2\/tags?post=32272"}],"curies":[{"name":"wp","href":"https:\/\/api.w.org\/{rel}","templated":true}]}}