{"id":31916,"date":"2025-07-30T08:05:53","date_gmt":"2025-07-30T07:05:53","guid":{"rendered":"https:\/\/www.caths.cz\/wordpress\/?p=31916"},"modified":"2025-07-30T08:20:11","modified_gmt":"2025-07-30T07:20:11","slug":"zlato-a-stribro-z-bosporu-ceske-para-atleticke-nadeje-zazarily-na-hrach-mladeze","status":"publish","type":"post","link":"https:\/\/www.caths.cz\/wordpress\/zlato-a-stribro-z-bosporu-ceske-para-atleticke-nadeje-zazarily-na-hrach-mladeze\/","title":{"rendered":"Zlato a st\u0159\u00edbro z Bosporu. \u010cesk\u00e9 para atletick\u00e9 nad\u011bje zaz\u00e1\u0159ily na hr\u00e1ch ml\u00e1de\u017ee"},"content":{"rendered":"\n<p><strong>Medailov\u00e1 sb\u00edrka \u010desk\u00e9 v\u00fdpravy na Evropsk\u00fdch paralympijsk\u00fdch hr\u00e1ch ml\u00e1de\u017ee v Turecku \u010d\u00edtala i cenn\u00e9 atletick\u00e9 kovy. Diska\u0159 Michal Tereska ovl\u00e1dl svou kategorii a slavil zlato, sprinterka Ada Boudn\u00edkov\u00e1 si v n\u00e1ro\u010dn\u00fdch podm\u00ednk\u00e1ch dob\u011bhla pro st\u0159\u00edbro na stometrov\u00e9 trati. \u00dasp\u011bchy mlad\u00fdch reprezentant\u016f jsou jasn\u00fdm sign\u00e1lem, \u017ee \u010desk\u00e1 para atletika m\u00e1 na \u010dem stav\u011bt.<\/strong><\/p>\n\n\n\n<figure class=\"wp-block-image size-large\"><a href=\"https:\/\/www.caths.cz\/wordpress\/wp-content\/uploads\/2025\/07\/vzor-foto-do-clanku-5.png\"><img loading=\"lazy\" decoding=\"async\" width=\"1024\" height=\"578\" src=\"https:\/\/www.caths.cz\/wordpress\/wp-content\/uploads\/2025\/07\/vzor-foto-do-clanku-5-1024x578.png\" alt=\"\" class=\"wp-image-31918\" srcset=\"https:\/\/www.caths.cz\/wordpress\/wp-content\/uploads\/2025\/07\/vzor-foto-do-clanku-5-1024x578.png 1024w, https:\/\/www.caths.cz\/wordpress\/wp-content\/uploads\/2025\/07\/vzor-foto-do-clanku-5-300x169.png 300w, https:\/\/www.caths.cz\/wordpress\/wp-content\/uploads\/2025\/07\/vzor-foto-do-clanku-5-768x434.png 768w, https:\/\/www.caths.cz\/wordpress\/wp-content\/uploads\/2025\/07\/vzor-foto-do-clanku-5-1536x867.png 1536w, https:\/\/www.caths.cz\/wordpress\/wp-content\/uploads\/2025\/07\/vzor-foto-do-clanku-5-2048x1156.png 2048w, https:\/\/www.caths.cz\/wordpress\/wp-content\/uploads\/2025\/07\/vzor-foto-do-clanku-5-120x68.png 120w\" sizes=\"auto, (max-width: 1024px) 100vw, 1024px\" \/><\/a><\/figure>\n\n\n\n<p>\u010cesk\u00e1 republika vyslala na Evropsk\u00e9 paralympijsk\u00e9 hry ml\u00e1de\u017ee do Istanbulu dvac\u00edtku nad\u011bjn\u00fdch sportovc\u016f, kte\u0159\u00ed sout\u011b\u017eili ve \u010dty\u0159ech odv\u011btv\u00edch \u2013 krom\u011b atletiky tak\u00e9 v\u00a0boccie, plav\u00e1n\u00ed a stoln\u00edm tenise. Celkem vybojovala \u010desk\u00e1 v\u00fdprava 17 cenn\u00fdch kov\u016f. V\u00fdraznou stopu zanechali tak\u00e9 na\u0161i atleti, kte\u0159\u00ed se od soboty 26. \u010dervence prali o medaile a dom\u016f p\u0159ivezli hned dv\u011b.<\/p>\n\n\n\n<p>Zlat\u00fdm p\u00edsmem se do v\u00fdsledkov\u00fdch listin zapsal <strong>Michal Tereska<\/strong>. A\u010dkoliv se jednalo o jeho premi\u00e9ru na velk\u00e9 mezin\u00e1rodn\u00ed akci, v sektoru pro hod diskem si po\u010d\u00ednal jako zku\u0161en\u00fd maz\u00e1k. V\u00fdkonem 8,84 metru nena\u0161el p\u0159emo\u017eitele a po z\u00e1sluze vystoupal na nejvy\u0161\u0161\u00ed stupe\u0148. Tereska, kter\u00fd se atletice v\u011bnuje od p\u011bti let, p\u0159itom po z\u00e1vod\u011b p\u0159iznal sm\u00ed\u0161en\u00e9 pocity.<\/p>\n\n\n\n<p>\u201e<em>Cht\u011bl jsem hrozn\u011b hodit p\u0159es 10 metr\u016f, tak\u017ee s v\u00fdkonem moc spokojen\u00fd nejsem. Zahr\u00e1lo tam hodn\u011b faktor\u016f, bylo velk\u00e9 teplo a j\u00e1 byl dost nerv\u00f3zn\u00ed, s \u010d\u00edm\u017e asi je\u0161t\u011b neum\u00edm moc pracovat. Ale medaili m\u00e1m, jsem stra\u0161n\u011b r\u00e1d, \u017ee do \u010ceska dovezeme dal\u0161\u00ed zlatou<\/em>,\u201c uvedl \u010derstv\u00fd \u0161ampion, kter\u00fd se krom\u011b disku specializuje tak\u00e9 na vrh koul\u00ed.<\/p>\n\n\n\n<p>Druh\u00fd cenn\u00fd kov p\u0159idala na dr\u00e1ze <strong>Ada Boudn\u00edkov\u00e1<\/strong>. V b\u011bhu na 100 metr\u016f sv\u00e1d\u011bla boj nejen se soupe\u0159kami, ale i s nel\u00edtostn\u00fdm istanbulsk\u00fdm po\u010das\u00edm, kde teploty atakovaly tropick\u00e9 hodnoty. C\u00edlem prob\u011bhla v \u010dase 13,81 sekundy, co\u017e j\u00ed sta\u010dilo na vynikaj\u00edc\u00ed druh\u00e9 m\u00edsto. \u201e<em>V takov\u00fdch podm\u00ednk\u00e1ch je ka\u017ed\u00e1 medaile obrovsk\u00fd \u00fasp\u011bch. M\u00e1m z n\u00ed ohromnou radost<\/em>,\u201c neskr\u00fdvala nad\u0161en\u00ed st\u0159\u00edbrn\u00e1 sprinterka.<\/p>\n\n\n\n<p>\u010cesk\u00fd atletick\u00fd t\u00fdm, kter\u00fd krom\u011b medailist\u016f tvo\u0159ili tak\u00e9 <strong>\u0160t\u011bp\u00e1n Kalo\u010d<\/strong>, <strong>Martin P\u0159ichystal<\/strong> a nevidom\u00fd b\u011b\u017eec <strong>Oliver Janouch<\/strong> s tras\u00e9rem Danielem \u0160r\u00e1mkem, tak potvrdil sv\u016fj potenci\u00e1l. Jejich v\u00fdkony v mezin\u00e1rodn\u00ed konkurenci jsou velk\u00fdm p\u0159\u00edslibem pro budoucnost \u010desk\u00e9 paralympijsk\u00e9 atletiky.<\/p>\n\n\n\n<p class=\"has-text-align-right\"><em>Text: Martin Steinbach<\/em><\/p>\n\n\n\n<figure class=\"wp-block-gallery has-nested-images columns-default is-cropped wp-block-gallery-1 is-layout-flex wp-block-gallery-is-layout-flex\">\n<figure class=\"wp-block-image size-large\"><a href=\"https:\/\/www.caths.cz\/wordpress\/wp-content\/uploads\/2025\/07\/IMG_1747-scaled.jpeg\"><img loading=\"lazy\" decoding=\"async\" width=\"768\" height=\"1024\" data-id=\"31930\" src=\"https:\/\/www.caths.cz\/wordpress\/wp-content\/uploads\/2025\/07\/IMG_1747-768x1024.jpeg\" alt=\"\" class=\"wp-image-31930\" srcset=\"https:\/\/www.caths.cz\/wordpress\/wp-content\/uploads\/2025\/07\/IMG_1747-768x1024.jpeg 768w, https:\/\/www.caths.cz\/wordpress\/wp-content\/uploads\/2025\/07\/IMG_1747-225x300.jpeg 225w, https:\/\/www.caths.cz\/wordpress\/wp-content\/uploads\/2025\/07\/IMG_1747-1152x1536.jpeg 1152w, https:\/\/www.caths.cz\/wordpress\/wp-content\/uploads\/2025\/07\/IMG_1747-1536x2048.jpeg 1536w, https:\/\/www.caths.cz\/wordpress\/wp-content\/uploads\/2025\/07\/IMG_1747-90x120.jpeg 90w, https:\/\/www.caths.cz\/wordpress\/wp-content\/uploads\/2025\/07\/IMG_1747-scaled.jpeg 1920w\" sizes=\"auto, (max-width: 768px) 100vw, 768px\" \/><\/a><\/figure>\n\n\n\n<figure class=\"wp-block-image size-large\"><a href=\"https:\/\/www.caths.cz\/wordpress\/wp-content\/uploads\/2025\/07\/IMG_1843-scaled.jpeg\"><img loading=\"lazy\" decoding=\"async\" width=\"768\" height=\"1024\" data-id=\"31931\" src=\"https:\/\/www.caths.cz\/wordpress\/wp-content\/uploads\/2025\/07\/IMG_1843-768x1024.jpeg\" alt=\"\" class=\"wp-image-31931\" srcset=\"https:\/\/www.caths.cz\/wordpress\/wp-content\/uploads\/2025\/07\/IMG_1843-768x1024.jpeg 768w, https:\/\/www.caths.cz\/wordpress\/wp-content\/uploads\/2025\/07\/IMG_1843-225x300.jpeg 225w, https:\/\/www.caths.cz\/wordpress\/wp-content\/uploads\/2025\/07\/IMG_1843-1152x1536.jpeg 1152w, https:\/\/www.caths.cz\/wordpress\/wp-content\/uploads\/2025\/07\/IMG_1843-1536x2048.jpeg 1536w, https:\/\/www.caths.cz\/wordpress\/wp-content\/uploads\/2025\/07\/IMG_1843-90x120.jpeg 90w, https:\/\/www.caths.cz\/wordpress\/wp-content\/uploads\/2025\/07\/IMG_1843-scaled.jpeg 1920w\" sizes=\"auto, (max-width: 768px) 100vw, 768px\" \/><\/a><\/figure>\n<\/figure>\n\n\n\n<hr class=\"wp-block-separator has-alpha-channel-opacity\"\/>\n\n\n\n<figure class=\"wp-block-gallery has-nested-images columns-default is-cropped wp-block-gallery-2 is-layout-flex wp-block-gallery-is-layout-flex\">\n<figure class=\"wp-block-image size-large\"><a href=\"https:\/\/www.caths.cz\/wordpress\/wp-content\/uploads\/2025\/07\/EPYG_27July2025_\u00a9BronacMcNeill_LR-4727.jpg\"><img loading=\"lazy\" decoding=\"async\" width=\"576\" height=\"1024\" data-id=\"31919\" src=\"https:\/\/www.caths.cz\/wordpress\/wp-content\/uploads\/2025\/07\/EPYG_27July2025_\u00a9BronacMcNeill_LR-4727-576x1024.jpg\" alt=\"\" class=\"wp-image-31919\" srcset=\"https:\/\/www.caths.cz\/wordpress\/wp-content\/uploads\/2025\/07\/EPYG_27July2025_\u00a9BronacMcNeill_LR-4727-576x1024.jpg 576w, https:\/\/www.caths.cz\/wordpress\/wp-content\/uploads\/2025\/07\/EPYG_27July2025_\u00a9BronacMcNeill_LR-4727-169x300.jpg 169w, https:\/\/www.caths.cz\/wordpress\/wp-content\/uploads\/2025\/07\/EPYG_27July2025_\u00a9BronacMcNeill_LR-4727-768x1365.jpg 768w, https:\/\/www.caths.cz\/wordpress\/wp-content\/uploads\/2025\/07\/EPYG_27July2025_\u00a9BronacMcNeill_LR-4727-864x1536.jpg 864w, https:\/\/www.caths.cz\/wordpress\/wp-content\/uploads\/2025\/07\/EPYG_27July2025_\u00a9BronacMcNeill_LR-4727-68x120.jpg 68w, https:\/\/www.caths.cz\/wordpress\/wp-content\/uploads\/2025\/07\/EPYG_27July2025_\u00a9BronacMcNeill_LR-4727.jpg 886w\" sizes=\"auto, (max-width: 576px) 100vw, 576px\" \/><\/a><\/figure>\n\n\n\n<figure class=\"wp-block-image size-large\"><a href=\"https:\/\/www.caths.cz\/wordpress\/wp-content\/uploads\/2025\/07\/EPYG_27July2025_\u00a9BronacMcNeill_LR-4731.jpg\"><img loading=\"lazy\" decoding=\"async\" width=\"819\" height=\"1024\" data-id=\"31920\" src=\"https:\/\/www.caths.cz\/wordpress\/wp-content\/uploads\/2025\/07\/EPYG_27July2025_\u00a9BronacMcNeill_LR-4731-819x1024.jpg\" alt=\"\" class=\"wp-image-31920\" srcset=\"https:\/\/www.caths.cz\/wordpress\/wp-content\/uploads\/2025\/07\/EPYG_27July2025_\u00a9BronacMcNeill_LR-4731-819x1024.jpg 819w, https:\/\/www.caths.cz\/wordpress\/wp-content\/uploads\/2025\/07\/EPYG_27July2025_\u00a9BronacMcNeill_LR-4731-240x300.jpg 240w, https:\/\/www.caths.cz\/wordpress\/wp-content\/uploads\/2025\/07\/EPYG_27July2025_\u00a9BronacMcNeill_LR-4731-768x960.jpg 768w, https:\/\/www.caths.cz\/wordpress\/wp-content\/uploads\/2025\/07\/EPYG_27July2025_\u00a9BronacMcNeill_LR-4731-1229x1536.jpg 1229w, https:\/\/www.caths.cz\/wordpress\/wp-content\/uploads\/2025\/07\/EPYG_27July2025_\u00a9BronacMcNeill_LR-4731-96x120.jpg 96w, https:\/\/www.caths.cz\/wordpress\/wp-content\/uploads\/2025\/07\/EPYG_27July2025_\u00a9BronacMcNeill_LR-4731.jpg 1260w\" sizes=\"auto, (max-width: 819px) 100vw, 819px\" \/><\/a><\/figure>\n\n\n\n<figure class=\"wp-block-image size-large\"><a href=\"https:\/\/www.caths.cz\/wordpress\/wp-content\/uploads\/2025\/07\/EPYG_27July2025_\u00a9BronacMcNeill_LR-4806.jpg\"><img loading=\"lazy\" decoding=\"async\" width=\"576\" height=\"1024\" data-id=\"31921\" src=\"https:\/\/www.caths.cz\/wordpress\/wp-content\/uploads\/2025\/07\/EPYG_27July2025_\u00a9BronacMcNeill_LR-4806-576x1024.jpg\" alt=\"\" class=\"wp-image-31921\" srcset=\"https:\/\/www.caths.cz\/wordpress\/wp-content\/uploads\/2025\/07\/EPYG_27July2025_\u00a9BronacMcNeill_LR-4806-576x1024.jpg 576w, https:\/\/www.caths.cz\/wordpress\/wp-content\/uploads\/2025\/07\/EPYG_27July2025_\u00a9BronacMcNeill_LR-4806-169x300.jpg 169w, https:\/\/www.caths.cz\/wordpress\/wp-content\/uploads\/2025\/07\/EPYG_27July2025_\u00a9BronacMcNeill_LR-4806-768x1365.jpg 768w, https:\/\/www.caths.cz\/wordpress\/wp-content\/uploads\/2025\/07\/EPYG_27July2025_\u00a9BronacMcNeill_LR-4806-864x1536.jpg 864w, https:\/\/www.caths.cz\/wordpress\/wp-content\/uploads\/2025\/07\/EPYG_27July2025_\u00a9BronacMcNeill_LR-4806-68x120.jpg 68w, https:\/\/www.caths.cz\/wordpress\/wp-content\/uploads\/2025\/07\/EPYG_27July2025_\u00a9BronacMcNeill_LR-4806.jpg 886w\" sizes=\"auto, (max-width: 576px) 100vw, 576px\" \/><\/a><\/figure>\n<\/figure>\n\n\n\n<figure class=\"wp-block-gallery has-nested-images columns-default is-cropped wp-block-gallery-3 is-layout-flex wp-block-gallery-is-layout-flex\"><\/figure>\n","protected":false},"excerpt":{"rendered":"<a href=\"https:\/\/www.caths.cz\/wordpress\/zlato-a-stribro-z-bosporu-ceske-para-atleticke-nadeje-zazarily-na-hrach-mladeze\/\"><img width=\"100\" height=\"100\" src=\"https:\/\/www.caths.cz\/wordpress\/wp-content\/uploads\/2025\/07\/vzor-titulni-foto-CATHS-6-100x100.png\" class=\"alignleft tfe wp-post-image\" alt=\"\" decoding=\"async\" loading=\"lazy\" srcset=\"https:\/\/www.caths.cz\/wordpress\/wp-content\/uploads\/2025\/07\/vzor-titulni-foto-CATHS-6-100x100.png 100w, https:\/\/www.caths.cz\/wordpress\/wp-content\/uploads\/2025\/07\/vzor-titulni-foto-CATHS-6-300x300.png 300w, https:\/\/www.caths.cz\/wordpress\/wp-content\/uploads\/2025\/07\/vzor-titulni-foto-CATHS-6-1024x1024.png 1024w, https:\/\/www.caths.cz\/wordpress\/wp-content\/uploads\/2025\/07\/vzor-titulni-foto-CATHS-6-150x150.png 150w, https:\/\/www.caths.cz\/wordpress\/wp-content\/uploads\/2025\/07\/vzor-titulni-foto-CATHS-6-768x768.png 768w, https:\/\/www.caths.cz\/wordpress\/wp-content\/uploads\/2025\/07\/vzor-titulni-foto-CATHS-6-1536x1536.png 1536w, https:\/\/www.caths.cz\/wordpress\/wp-content\/uploads\/2025\/07\/vzor-titulni-foto-CATHS-6-2048x2048.png 2048w, https:\/\/www.caths.cz\/wordpress\/wp-content\/uploads\/2025\/07\/vzor-titulni-foto-CATHS-6-120x120.png 120w\" sizes=\"auto, (max-width: 100px) 100vw, 100px\" \/><\/a><p>Medailov\u00e1 sb\u00edrka \u010desk\u00e9 v\u00fdpravy na Evropsk\u00fdch paralympijsk\u00fdch hr\u00e1ch ml\u00e1de\u017ee v Turecku \u010d\u00edtala i cenn\u00e9 atletick\u00e9 kovy. Diska\u0159 Michal Tereska ovl\u00e1dl svou kategorii a slavil zlato, sprinterka Ada Boudn\u00edkov\u00e1 si v [&hellip;]<\/p>\n","protected":false},"author":1,"featured_media":31917,"comment_status":"closed","ping_status":"closed","sticky":false,"template":"","format":"standard","meta":{"ngg_post_thumbnail":0,"footnotes":""},"categories":[1],"tags":[172,242,243,178],"class_list":["post-31916","post","type-post","status-publish","format-standard","has-post-thumbnail","hentry","category-nezarazene","tag-atletika","tag-epyg","tag-evropske-paralympijske-hry-mladeze","tag-para-atletika"],"_links":{"self":[{"href":"https:\/\/www.caths.cz\/wordpress\/wp-json\/wp\/v2\/posts\/31916","targetHints":{"allow":["GET"]}}],"collection":[{"href":"https:\/\/www.caths.cz\/wordpress\/wp-json\/wp\/v2\/posts"}],"about":[{"href":"https:\/\/www.caths.cz\/wordpress\/wp-json\/wp\/v2\/types\/post"}],"author":[{"embeddable":true,"href":"https:\/\/www.caths.cz\/wordpress\/wp-json\/wp\/v2\/users\/1"}],"replies":[{"embeddable":true,"href":"https:\/\/www.caths.cz\/wordpress\/wp-json\/wp\/v2\/comments?post=31916"}],"version-history":[{"count":5,"href":"https:\/\/www.caths.cz\/wordpress\/wp-json\/wp\/v2\/posts\/31916\/revisions"}],"predecessor-version":[{"id":31934,"href":"https:\/\/www.caths.cz\/wordpress\/wp-json\/wp\/v2\/posts\/31916\/revisions\/31934"}],"wp:featuredmedia":[{"embeddable":true,"href":"https:\/\/www.caths.cz\/wordpress\/wp-json\/wp\/v2\/media\/31917"}],"wp:attachment":[{"href":"https:\/\/www.caths.cz\/wordpress\/wp-json\/wp\/v2\/media?parent=31916"}],"wp:term":[{"taxonomy":"category","embeddable":true,"href":"https:\/\/www.caths.cz\/wordpress\/wp-json\/wp\/v2\/categories?post=31916"},{"taxonomy":"post_tag","embeddable":true,"href":"https:\/\/www.caths.cz\/wordpress\/wp-json\/wp\/v2\/tags?post=31916"}],"curies":[{"name":"wp","href":"https:\/\/api.w.org\/{rel}","templated":true}]}}