{"id":31556,"date":"2025-02-03T20:19:00","date_gmt":"2025-02-03T19:19:00","guid":{"rendered":"https:\/\/www.caths.cz\/wordpress\/?p=31556"},"modified":"2025-02-05T14:21:18","modified_gmt":"2025-02-05T13:21:18","slug":"150-dni-do-grand-prix-v-olomouci","status":"publish","type":"post","link":"https:\/\/www.caths.cz\/wordpress\/150-dni-do-grand-prix-v-olomouci\/","title":{"rendered":"150 dn\u00ed do Grand Prix v Olomouci!"},"content":{"rendered":"\n<p><strong>Dne\u0161n\u00ed den je d\u016fle\u017eit\u00fdm datem ze t\u0159\u00ed d\u016fvod\u016f &#8211; je zve\u0159ejn\u011bn T\u00fdmov\u00fd Manu\u00e1l akce, otev\u00edraj\u00ed se p\u0159ihl\u00e1\u0161ky k \u00fa\u010dasti a zb\u00fdv\u00e1 ji\u017e &#8222;pouze&#8220; 150 dn\u00ed do Grand Prix!<\/strong><\/p>\n\n\n\n<figure class=\"wp-block-image size-large\"><a href=\"https:\/\/www.caths.cz\/wordpress\/wp-content\/uploads\/2025\/02\/Obrazek-WhatsApp-2025-02-03-v-16.03.46_77c0068e-1.jpg\"><img loading=\"lazy\" decoding=\"async\" width=\"1024\" height=\"1024\" src=\"https:\/\/www.caths.cz\/wordpress\/wp-content\/uploads\/2025\/02\/Obrazek-WhatsApp-2025-02-03-v-16.03.46_77c0068e-1-1024x1024.jpg\" alt=\"\" class=\"wp-image-31560\" srcset=\"https:\/\/www.caths.cz\/wordpress\/wp-content\/uploads\/2025\/02\/Obrazek-WhatsApp-2025-02-03-v-16.03.46_77c0068e-1-1024x1024.jpg 1024w, https:\/\/www.caths.cz\/wordpress\/wp-content\/uploads\/2025\/02\/Obrazek-WhatsApp-2025-02-03-v-16.03.46_77c0068e-1-300x300.jpg 300w, https:\/\/www.caths.cz\/wordpress\/wp-content\/uploads\/2025\/02\/Obrazek-WhatsApp-2025-02-03-v-16.03.46_77c0068e-1-150x150.jpg 150w, https:\/\/www.caths.cz\/wordpress\/wp-content\/uploads\/2025\/02\/Obrazek-WhatsApp-2025-02-03-v-16.03.46_77c0068e-1-768x768.jpg 768w, https:\/\/www.caths.cz\/wordpress\/wp-content\/uploads\/2025\/02\/Obrazek-WhatsApp-2025-02-03-v-16.03.46_77c0068e-1-100x100.jpg 100w, https:\/\/www.caths.cz\/wordpress\/wp-content\/uploads\/2025\/02\/Obrazek-WhatsApp-2025-02-03-v-16.03.46_77c0068e-1-120x120.jpg 120w, https:\/\/www.caths.cz\/wordpress\/wp-content\/uploads\/2025\/02\/Obrazek-WhatsApp-2025-02-03-v-16.03.46_77c0068e-1.jpg 1500w\" sizes=\"auto, (max-width: 1024px) 100vw, 1024px\" \/><\/a><\/figure>\n\n\n\n<p>Organiza\u010dn\u00ed v\u00fdbor akce s pot\u011b\u0161en\u00edm oznamuje, \u017ee T\u00fdmov\u00fd Manu\u00e1l pro historicky prvn\u00ed Grand Prix \u017een v paraatletice byl zve\u0159ejn\u011bn. V\u0161echny d\u016fle\u017eit\u00e9 informace najdete nyn\u00ed zde na webu pod \u010deskou vlaje\u010dkou v jednotliv\u00fdch z\u00e1lo\u017ek\u00e1ch nebo v anglick\u00e9 PDF verzi manu\u00e1lu v z\u00e1lo\u017ece &#8222;<a rel=\"noreferrer noopener\" href=\"https:\/\/www.grandprixolomouc.com\/ke-stazeni\" target=\"_blank\">Downloads<\/a>&#8222;.<\/p>\n\n\n\n<p>Dne\u0161n\u00edm dnem se tak\u00e9 mohou z\u00e1jemci o \u00fa\u010dast p\u0159ihl\u00e1sit p\u0159es ofici\u00e1ln\u00ed\u00a0<a rel=\"noreferrer noopener\" href=\"https:\/\/db.ipc-services.org\/sdms\/app\/login\" target=\"_blank\">web Mezin\u00e1rodn\u00edho paralympijsk\u00e9ho v\u00fdboru<\/a>. <\/p>\n\n\n\n<p>Fakt, \u017ee zb\u00fdv\u00e1 jen 150 dn\u00ed do samotn\u00e9 akce, motivuje organiz\u00e1tory k intenzivn\u00ed p\u0159\u00edpravn\u00e9 pr\u00e1ci a m\u011bsto Olomouc se velice t\u011b\u0161\u00ed a\u017e v \u010dervenci p\u0159iv\u00edt\u00e1 nejlep\u0161\u00ed sv\u011btov\u00e9 para atletky.\u00a0\u00a0<\/p>\n\n\n\n<p class=\"has-text-align-right\"><em>Zdroj: <a rel=\"noreferrer noopener\" href=\"https:\/\/www.grandprixolomouc.com\/c\/150-dni-do-grand-prix-6\" data-type=\"URL\" data-id=\"https:\/\/www.grandprixolomouc.com\/c\/150-dni-do-grand-prix-6\" target=\"_blank\">grandprixolomouc.com<\/a><\/em><\/p>\n","protected":false},"excerpt":{"rendered":"<a href=\"https:\/\/www.caths.cz\/wordpress\/150-dni-do-grand-prix-v-olomouci\/\"><img width=\"100\" height=\"100\" src=\"https:\/\/www.caths.cz\/wordpress\/wp-content\/uploads\/2025\/02\/Obrazek-WhatsApp-2025-02-03-v-16.03.46_77c0068e-100x100.jpg\" class=\"alignleft tfe wp-post-image\" alt=\"\" decoding=\"async\" loading=\"lazy\" srcset=\"https:\/\/www.caths.cz\/wordpress\/wp-content\/uploads\/2025\/02\/Obrazek-WhatsApp-2025-02-03-v-16.03.46_77c0068e-100x100.jpg 100w, https:\/\/www.caths.cz\/wordpress\/wp-content\/uploads\/2025\/02\/Obrazek-WhatsApp-2025-02-03-v-16.03.46_77c0068e-300x300.jpg 300w, https:\/\/www.caths.cz\/wordpress\/wp-content\/uploads\/2025\/02\/Obrazek-WhatsApp-2025-02-03-v-16.03.46_77c0068e-1024x1024.jpg 1024w, https:\/\/www.caths.cz\/wordpress\/wp-content\/uploads\/2025\/02\/Obrazek-WhatsApp-2025-02-03-v-16.03.46_77c0068e-150x150.jpg 150w, https:\/\/www.caths.cz\/wordpress\/wp-content\/uploads\/2025\/02\/Obrazek-WhatsApp-2025-02-03-v-16.03.46_77c0068e-768x768.jpg 768w, https:\/\/www.caths.cz\/wordpress\/wp-content\/uploads\/2025\/02\/Obrazek-WhatsApp-2025-02-03-v-16.03.46_77c0068e-120x120.jpg 120w, https:\/\/www.caths.cz\/wordpress\/wp-content\/uploads\/2025\/02\/Obrazek-WhatsApp-2025-02-03-v-16.03.46_77c0068e.jpg 1500w\" sizes=\"auto, (max-width: 100px) 100vw, 100px\" \/><\/a><p>Dne\u0161n\u00ed den je d\u016fle\u017eit\u00fdm datem ze t\u0159\u00ed d\u016fvod\u016f &#8211; je zve\u0159ejn\u011bn T\u00fdmov\u00fd Manu\u00e1l akce, otev\u00edraj\u00ed se p\u0159ihl\u00e1\u0161ky k \u00fa\u010dasti a zb\u00fdv\u00e1 ji\u017e &#8222;pouze&#8220; 150 dn\u00ed do Grand Prix! Organiza\u010dn\u00ed v\u00fdbor [&hellip;]<\/p>\n","protected":false},"author":1,"featured_media":31557,"comment_status":"closed","ping_status":"closed","sticky":false,"template":"","format":"standard","meta":{"ngg_post_thumbnail":0,"footnotes":""},"categories":[5,154],"tags":[157,158,159],"class_list":["post-31556","post","type-post","status-publish","format-standard","has-post-thumbnail","hentry","category-atletika","category-novinky","tag-grand-prix","tag-grand-prix-olomouc","tag-olomouc"],"_links":{"self":[{"href":"https:\/\/www.caths.cz\/wordpress\/wp-json\/wp\/v2\/posts\/31556","targetHints":{"allow":["GET"]}}],"collection":[{"href":"https:\/\/www.caths.cz\/wordpress\/wp-json\/wp\/v2\/posts"}],"about":[{"href":"https:\/\/www.caths.cz\/wordpress\/wp-json\/wp\/v2\/types\/post"}],"author":[{"embeddable":true,"href":"https:\/\/www.caths.cz\/wordpress\/wp-json\/wp\/v2\/users\/1"}],"replies":[{"embeddable":true,"href":"https:\/\/www.caths.cz\/wordpress\/wp-json\/wp\/v2\/comments?post=31556"}],"version-history":[{"count":2,"href":"https:\/\/www.caths.cz\/wordpress\/wp-json\/wp\/v2\/posts\/31556\/revisions"}],"predecessor-version":[{"id":31561,"href":"https:\/\/www.caths.cz\/wordpress\/wp-json\/wp\/v2\/posts\/31556\/revisions\/31561"}],"wp:featuredmedia":[{"embeddable":true,"href":"https:\/\/www.caths.cz\/wordpress\/wp-json\/wp\/v2\/media\/31557"}],"wp:attachment":[{"href":"https:\/\/www.caths.cz\/wordpress\/wp-json\/wp\/v2\/media?parent=31556"}],"wp:term":[{"taxonomy":"category","embeddable":true,"href":"https:\/\/www.caths.cz\/wordpress\/wp-json\/wp\/v2\/categories?post=31556"},{"taxonomy":"post_tag","embeddable":true,"href":"https:\/\/www.caths.cz\/wordpress\/wp-json\/wp\/v2\/tags?post=31556"}],"curies":[{"name":"wp","href":"https:\/\/api.w.org\/{rel}","templated":true}]}}