{"id":31185,"date":"2024-11-12T10:08:18","date_gmt":"2024-11-12T09:08:18","guid":{"rendered":"https:\/\/www.caths.cz\/wordpress\/?p=31185"},"modified":"2024-12-12T14:34:12","modified_gmt":"2024-12-12T13:34:12","slug":"ceska-medailova-smrst-na-mezinarodnim-atletickem-mitinku-v-omanu","status":"publish","type":"post","link":"https:\/\/www.caths.cz\/wordpress\/ceska-medailova-smrst-na-mezinarodnim-atletickem-mitinku-v-omanu\/","title":{"rendered":"\u010cesk\u00e1 medailov\u00e1 smr\u0161\u0165 na mezin\u00e1rodn\u00edm atletick\u00e9m m\u00edtinku v Om\u00e1nu!\u00a0"},"content":{"rendered":"\n<p><strong>Sedm\u00fd ro\u010dn\u00edk Oman 2024 Para Athletics Meeting prob\u011bhl ve dnech 8. a\u017e 9. listopadu v Sultan Qaboos Sports Complex v Maskatu. Z\u00e1vod\u016f se z\u00fa\u010dastnila dev\u00edtka \u010desk\u00fdch paraatlet\u016f, kte\u0159\u00ed v jihov\u00fdchodn\u00ed \u010d\u00e1sti Arabsk\u00e9ho poloostrova absolvuj\u00ed v\u00edcedenn\u00ed soust\u0159ed\u011bn\u00ed.\u00a0<\/strong><\/p>\n\n\n\n<figure class=\"wp-block-image size-large\"><a href=\"https:\/\/www.caths.cz\/wordpress\/wp-content\/uploads\/2024\/11\/vzor-foto-do-clanku-1-1.png\"><img loading=\"lazy\" decoding=\"async\" width=\"1024\" height=\"578\" src=\"https:\/\/www.caths.cz\/wordpress\/wp-content\/uploads\/2024\/11\/vzor-foto-do-clanku-1-1-1024x578.png\" alt=\"\" class=\"wp-image-31206\" srcset=\"https:\/\/www.caths.cz\/wordpress\/wp-content\/uploads\/2024\/11\/vzor-foto-do-clanku-1-1-1024x578.png 1024w, https:\/\/www.caths.cz\/wordpress\/wp-content\/uploads\/2024\/11\/vzor-foto-do-clanku-1-1-300x169.png 300w, https:\/\/www.caths.cz\/wordpress\/wp-content\/uploads\/2024\/11\/vzor-foto-do-clanku-1-1-768x434.png 768w, https:\/\/www.caths.cz\/wordpress\/wp-content\/uploads\/2024\/11\/vzor-foto-do-clanku-1-1-1536x867.png 1536w, https:\/\/www.caths.cz\/wordpress\/wp-content\/uploads\/2024\/11\/vzor-foto-do-clanku-1-1-2048x1156.png 2048w, https:\/\/www.caths.cz\/wordpress\/wp-content\/uploads\/2024\/11\/vzor-foto-do-clanku-1-1-120x68.png 120w\" sizes=\"auto, (max-width: 1024px) 100vw, 1024px\" \/><\/a><\/figure>\n\n\n\n<p>F\u00f3rum uspo\u0159\u00e1dal Om\u00e1nsk\u00fd paralympijsk\u00fd v\u00fdbor ve spolupr\u00e1ci s Mezin\u00e1rodn\u00ed atletickou federac\u00ed pro sportovce se zdravotn\u00edm posti\u017een\u00edm. Z\u00e1vodn\u00edci sout\u011b\u017eili v r\u016fzn\u00fdch b\u011b\u017eeck\u00fdch discipl\u00edn\u00e1ch rozd\u011blen\u00fdch podle kategori\u00ed posti\u017een\u00ed, zahrnuj\u00edc\u00edch trat\u011b na 100, 200, 400, 800 a 1 500 metr\u016f. Mimo b\u011b\u017eeck\u00e9 discipl\u00edny se atleti utkali tak\u00e9 ve skoku do d\u00e1lky, hodu o\u0161t\u011bpem, diskem a vrhu koul\u00ed.&nbsp;<\/p>\n\n\n\n<p>Akce p\u0159il\u00e1kala na 150 sportovc\u016f, mu\u017e\u016f i \u017een, reprezentuj\u00edc\u00edch kluby a t\u00fdmy p\u0159ev\u00e1\u017en\u011b z arabsk\u00fdch zem\u00ed, jako jsou Spojen\u00e9 arabsk\u00e9 emir\u00e1ty, Saudsk\u00e1 Ar\u00e1bie, Bahrajn a dal\u0161\u00ed.\u00a0M\u00edtink absolvovalo celkem \u0161est st\u00e1t\u016f. <\/p>\n\n\n\n<p>\u010ceskou republiku reprezentovali z\u00e1stupci klub\u016f AK Olomouc, SSK-V\u00cdTKOVICE a Elite Handicap sport. Jmenovit\u011b <strong>Miroslava Obrov\u00e1, Du\u0161an \u0160\u010dambura, Eva Kacanu, Marek Douda, Luk\u00e1\u0161 Hirka, Jan Majo, Marek Horsk\u00fd, Veronika Kabotov\u00e1<\/strong> a<strong> Luk\u00e1\u0161 \u010cernota<\/strong>.<\/p>\n\n\n\n<p>Na\u0161e v\u00fdprava odcestovala na m\u00edsto kon\u00e1n\u00ed akce ji\u017e 5. listopadu, aby zde absolvovala desetidenn\u00ed soust\u0159ed\u011bn\u00ed a pot\u00e9 se zapojila do z\u00e1vod\u016f. Pobyt v Om\u00e1nu kon\u010d\u00ed \u010desk\u00fdm parasportovc\u016fm 15. listopadu.<\/p>\n\n\n\n<p>\u010ce\u0161t\u00ed sportovci dos\u00e1hli na z\u00e1vodech vynikaj\u00edc\u00edch v\u00fdsledk\u016f, kdy\u017e vybojovali celkem p\u011bt zlat\u00fdch medail\u00ed. Du\u0161an \u0160\u010dambura zv\u00edt\u011bzil v hodu o\u0161t\u011bpem v kategorii F55-56 a Marek Douda si p\u0159ipsal dv\u011b zlata \u2013 ve vrhu koul\u00ed a v hodu diskem v r\u016fzn\u00fdch kategori\u00edch. Miroslava Obrov\u00e1 rovn\u011b\u017e z\u00e1\u0159ila, kdy\u017e z\u00edskala dv\u011b zlat\u00e9 medaile ve vrhu koul\u00ed a hodu o\u0161t\u011bpem.<\/p>\n\n\n\n<p>Na\u0161e v\u00fdprava p\u0159idala rovn\u011b\u017e \u010dty\u0159i st\u0159\u00edbra a osm bronzov\u00fdch medail\u00ed. St\u0159\u00edbrn\u00e9 pozice obsadili mimo jin\u00e9 Du\u0161an \u0160\u010dambura a Miroslava Obrov\u00e1, zat\u00edmco bronzy z\u00edskali Luk\u00e1\u0161 \u010cernota, Luk\u00e1\u0161 Hirka, Veronika Kabotov\u00e1 a Eva Kacanu.<\/p>\n\n\n\n<p><span style=\"text-decoration: underline;\">Medailov\u00e9 \u00fasp\u011bchy \u010desk\u00fdch sportovc\u016f<\/span>:<\/p>\n\n\n\n<p><span style=\"text-decoration: underline;\">Zlato<\/span>:<br><strong>Du\u0161an \u0160\u010dambura<\/strong> v hodu o\u0161t\u011bpem F55-56 (20,56 metr\u016f)<br><strong>Marek Douda<\/strong> ve vrhu koul\u00ed F34 (7,38 metr\u016f)<br><strong>Marek Douda<\/strong> v hodu diskem F33-34 (22,85 metr\u016f)<br><strong>Miroslava Obrov\u00e1<\/strong> v hodu o\u0161t\u011bpem F56-57 (15,58 metr\u016f)<br><strong>Miroslava Obrov\u00e1<\/strong> ve vrhu koul\u00ed F56-57 (6,99 metr\u016f)<\/p>\n\n\n\n<p><span style=\"text-decoration: underline;\">St\u0159\u00edbro<\/span>:<br><strong>Du\u0161an \u0160\u010dambura <\/strong>v hodu diskem F52-54-55 (23,90 metr\u016f)<br><strong>Du\u0161an \u0160\u010dambura<\/strong> ve vrhu koul\u00ed F55-56 (7,44 metr\u016f)<br><strong>Miroslava Obrov\u00e1<\/strong> v hodu diskem F54-55-56 (19,87 metr\u016f)<br><strong>Eva Kacanu<\/strong> ve vrhu koul\u00ed F54-55 (4,68 metr\u016f)<\/p>\n\n\n\n<p><span style=\"text-decoration: underline;\">Bronz<\/span>:<br><strong>Luk\u00e1\u0161 \u010cernota<\/strong> v hodu o\u0161t\u011bpem F52-54-57 (7,78 metr\u016f)<br><strong>Luk\u00e1\u0161 \u010cernota<\/strong> v hodu diskem F52-54-55 (10 metr\u016f)<br><strong>Luk\u00e1\u0161 \u010cernota<\/strong> ve vrhu koul\u00ed F52-54 (3,87 metr\u016f)<br><strong>Luk\u00e1\u0161 Hirka<\/strong> ve vrhu koul\u00ed F34 (6,98 metr\u016f)<br><strong>Eva Kacanu<\/strong> v hodu o\u0161t\u011bpem F54-55 (8,36 metr\u016f)<br><strong>Eva Kacanu<\/strong> v hodu diskem F54-55-56 (10 metr\u016f)<br><strong>Veronika Kabotov\u00e1<\/strong> v hodu diskem F33-34 (5,15 metr\u016f)<br><strong>Veronika Kabotov\u00e1<\/strong> v hodu o\u0161t\u011bpem F33-34 (5,25 metr\u016f)<\/p>\n\n\n\n<p>\u201e<em>Du\u0161anovi se z\u00e1vody vyvedli zejm\u00e9na v o\u0161t\u011bpu, kde bral zlato a v disku, kde bral st\u0159\u00edbro v obou discipl\u00edn\u00e1ch se jednalo o velmi p\u011bkn\u00e9 v\u00fdkony, kter\u00e9 se p\u0159ibl\u00ed\u017eili k leto\u0161n\u00edm osobn\u00edm maxim\u016fm. I p\u0159esto, \u017ee s v\u00fdkonem ve vrhu koul\u00ed nebyl tak spokojen, nakonec vybojoval st\u0159\u00edbro<\/em>,\u201c hodnot\u00ed v\u00fdkon sv\u00e9ho sv\u011b\u0159ence Eva Kacanu z Atletick\u00e9ho klubu Olomouc. Sama Kacanu po komplikovan\u00e9 operaci ruky startovala ve v\u0161ech discipl\u00edn\u00e1ch, kde se j\u00ed nejl\u00e9pe vedlo v hodu diskem, ve kter\u00e9m si vytvo\u0159ila sez\u00f3nn\u00ed maximum.<\/p>\n\n\n\n<p>\u201e<em>Z\u00e1vod\u016f se z\u00fa\u010dastnili jak nov\u00e1\u010dkov\u00e9, tak zn\u00e1m\u00e9 tv\u00e1\u0159e se zku\u0161enostmi z\u00a0paralympijsk\u00fdch her. A nevedlo se n\u00e1m v\u016fbec \u0161patn\u011b! Z\u00e1vody prob\u011bhly ve sportovn\u00edm a p\u0159\u00e1telsk\u00e9m duchu s kvalitn\u00edm z\u00e1zem\u00edm a bezprobl\u00e9movou organizac\u00ed<\/em>,\u201c pochvaluje si tren\u00e9rka Aneta Inochovsk\u00e1 z\u00a0V\u00edtkovick\u00e9ho odd\u00edlu paraatletiky.<\/p>\n\n\n\n<p>P\u0159edseda organiza\u010dn\u00edho v\u00fdboru Mansour al Touqi po prvn\u00edm sout\u011b\u017en\u00edm dni ocenil vysokou technickou \u00farove\u0148 z\u00e1vod\u016f. \u201e<em>Sedm\u00fd ro\u010dn\u00edk na\u0161eho f\u00f3ra v Om\u00e1nu v\u00fdznamn\u011b pos\u00edlil jeho d\u016fv\u011bryhodnost nejen mezi mezin\u00e1rodn\u00ed federac\u00ed, ale i u div\u00e1k\u016f a sportovc\u016f<\/em>,\u201c prohl\u00e1sil al Touqi. S hrdost\u00ed tak\u00e9 zd\u016fraznil, \u017ee organizace byla p\u0159izp\u016fsobena rozsahu akce, co\u017e p\u0159isp\u011blo k tomu, \u017ee f\u00f3rum bylo p\u0159ijato jako zku\u0161ebn\u00ed ud\u00e1lost pro nadch\u00e1zej\u00edc\u00ed z\u00e1padoasijsk\u00e9 hry v roce 2026.<\/p>\n\n\n\n<p>Al Touqi se rovn\u011b\u017e zm\u00ednil o ob\u011btavosti lid\u00ed, kte\u0159\u00ed pomohli akci zrealizovat. \u201e<em>Na\u0161e akce se z\u00fa\u010dastnilo v\u00edce ne\u017e 70 dobrovoln\u00edk\u016f, a technick\u00fd person\u00e1l v\u010detn\u011b rozhod\u010d\u00edch a tren\u00e9r\u016f pro\u0161el specializovan\u00fdm \u0161kolen\u00edm<\/em>,\u201c dodal.<\/p>\n\n\n\n<p class=\"has-text-align-right\"><em>Text: Martin Steinbach<br>Foto: Oman Para Athletics Meeting<\/em><\/p>\n\n\n\n<figure class=\"wp-block-gallery has-nested-images columns-2 is-cropped wp-block-gallery-1 is-layout-flex wp-block-gallery-is-layout-flex\">\n<figure class=\"wp-block-image size-large\"><a href=\"https:\/\/www.caths.cz\/wordpress\/wp-content\/uploads\/2024\/11\/Oman-Para-Athletics-1-scaled.jpg\"><img loading=\"lazy\" decoding=\"async\" width=\"1024\" height=\"767\" data-id=\"31186\" src=\"https:\/\/www.caths.cz\/wordpress\/wp-content\/uploads\/2024\/11\/Oman-Para-Athletics-1-1024x767.jpg\" alt=\"\" class=\"wp-image-31186\" srcset=\"https:\/\/www.caths.cz\/wordpress\/wp-content\/uploads\/2024\/11\/Oman-Para-Athletics-1-1024x767.jpg 1024w, https:\/\/www.caths.cz\/wordpress\/wp-content\/uploads\/2024\/11\/Oman-Para-Athletics-1-300x225.jpg 300w, https:\/\/www.caths.cz\/wordpress\/wp-content\/uploads\/2024\/11\/Oman-Para-Athletics-1-768x575.jpg 768w, https:\/\/www.caths.cz\/wordpress\/wp-content\/uploads\/2024\/11\/Oman-Para-Athletics-1-1536x1151.jpg 1536w, https:\/\/www.caths.cz\/wordpress\/wp-content\/uploads\/2024\/11\/Oman-Para-Athletics-1-2048x1534.jpg 2048w, https:\/\/www.caths.cz\/wordpress\/wp-content\/uploads\/2024\/11\/Oman-Para-Athletics-1-120x90.jpg 120w\" sizes=\"auto, (max-width: 1024px) 100vw, 1024px\" \/><\/a><\/figure>\n\n\n\n<figure class=\"wp-block-image size-large\"><a href=\"https:\/\/www.caths.cz\/wordpress\/wp-content\/uploads\/2024\/11\/Oman-Para-Athletics-2-scaled.jpg\"><img loading=\"lazy\" decoding=\"async\" width=\"1024\" height=\"683\" data-id=\"31187\" src=\"https:\/\/www.caths.cz\/wordpress\/wp-content\/uploads\/2024\/11\/Oman-Para-Athletics-2-1024x683.jpg\" alt=\"\" class=\"wp-image-31187\" srcset=\"https:\/\/www.caths.cz\/wordpress\/wp-content\/uploads\/2024\/11\/Oman-Para-Athletics-2-1024x683.jpg 1024w, https:\/\/www.caths.cz\/wordpress\/wp-content\/uploads\/2024\/11\/Oman-Para-Athletics-2-300x200.jpg 300w, https:\/\/www.caths.cz\/wordpress\/wp-content\/uploads\/2024\/11\/Oman-Para-Athletics-2-768x512.jpg 768w, https:\/\/www.caths.cz\/wordpress\/wp-content\/uploads\/2024\/11\/Oman-Para-Athletics-2-1536x1024.jpg 1536w, https:\/\/www.caths.cz\/wordpress\/wp-content\/uploads\/2024\/11\/Oman-Para-Athletics-2-2048x1365.jpg 2048w, https:\/\/www.caths.cz\/wordpress\/wp-content\/uploads\/2024\/11\/Oman-Para-Athletics-2-120x80.jpg 120w\" sizes=\"auto, (max-width: 1024px) 100vw, 1024px\" \/><\/a><\/figure>\n\n\n\n<figure class=\"wp-block-image size-large\"><a href=\"https:\/\/www.caths.cz\/wordpress\/wp-content\/uploads\/2024\/11\/Oman-Para-Athletics-3-scaled.jpg\"><img loading=\"lazy\" decoding=\"async\" width=\"1024\" height=\"683\" data-id=\"31188\" src=\"https:\/\/www.caths.cz\/wordpress\/wp-content\/uploads\/2024\/11\/Oman-Para-Athletics-3-1024x683.jpg\" alt=\"\" class=\"wp-image-31188\" srcset=\"https:\/\/www.caths.cz\/wordpress\/wp-content\/uploads\/2024\/11\/Oman-Para-Athletics-3-1024x683.jpg 1024w, https:\/\/www.caths.cz\/wordpress\/wp-content\/uploads\/2024\/11\/Oman-Para-Athletics-3-300x200.jpg 300w, https:\/\/www.caths.cz\/wordpress\/wp-content\/uploads\/2024\/11\/Oman-Para-Athletics-3-768x512.jpg 768w, https:\/\/www.caths.cz\/wordpress\/wp-content\/uploads\/2024\/11\/Oman-Para-Athletics-3-1536x1024.jpg 1536w, https:\/\/www.caths.cz\/wordpress\/wp-content\/uploads\/2024\/11\/Oman-Para-Athletics-3-2048x1365.jpg 2048w, https:\/\/www.caths.cz\/wordpress\/wp-content\/uploads\/2024\/11\/Oman-Para-Athletics-3-120x80.jpg 120w\" sizes=\"auto, (max-width: 1024px) 100vw, 1024px\" \/><\/a><\/figure>\n\n\n\n<figure class=\"wp-block-image size-large\"><a href=\"https:\/\/www.caths.cz\/wordpress\/wp-content\/uploads\/2024\/11\/Oman-Para-Athletics-4-scaled.jpg\"><img loading=\"lazy\" decoding=\"async\" width=\"1024\" height=\"683\" data-id=\"31189\" src=\"https:\/\/www.caths.cz\/wordpress\/wp-content\/uploads\/2024\/11\/Oman-Para-Athletics-4-1024x683.jpg\" alt=\"\" class=\"wp-image-31189\" srcset=\"https:\/\/www.caths.cz\/wordpress\/wp-content\/uploads\/2024\/11\/Oman-Para-Athletics-4-1024x683.jpg 1024w, https:\/\/www.caths.cz\/wordpress\/wp-content\/uploads\/2024\/11\/Oman-Para-Athletics-4-300x200.jpg 300w, https:\/\/www.caths.cz\/wordpress\/wp-content\/uploads\/2024\/11\/Oman-Para-Athletics-4-768x512.jpg 768w, https:\/\/www.caths.cz\/wordpress\/wp-content\/uploads\/2024\/11\/Oman-Para-Athletics-4-1536x1024.jpg 1536w, https:\/\/www.caths.cz\/wordpress\/wp-content\/uploads\/2024\/11\/Oman-Para-Athletics-4-2048x1365.jpg 2048w, https:\/\/www.caths.cz\/wordpress\/wp-content\/uploads\/2024\/11\/Oman-Para-Athletics-4-120x80.jpg 120w\" sizes=\"auto, (max-width: 1024px) 100vw, 1024px\" \/><\/a><\/figure>\n\n\n\n<figure class=\"wp-block-image size-large\"><a href=\"https:\/\/www.caths.cz\/wordpress\/wp-content\/uploads\/2024\/11\/Oman-Para-Athletics-5-scaled.jpg\"><img loading=\"lazy\" decoding=\"async\" width=\"1024\" height=\"683\" data-id=\"31190\" src=\"https:\/\/www.caths.cz\/wordpress\/wp-content\/uploads\/2024\/11\/Oman-Para-Athletics-5-1024x683.jpg\" alt=\"\" class=\"wp-image-31190\" srcset=\"https:\/\/www.caths.cz\/wordpress\/wp-content\/uploads\/2024\/11\/Oman-Para-Athletics-5-1024x683.jpg 1024w, https:\/\/www.caths.cz\/wordpress\/wp-content\/uploads\/2024\/11\/Oman-Para-Athletics-5-300x200.jpg 300w, https:\/\/www.caths.cz\/wordpress\/wp-content\/uploads\/2024\/11\/Oman-Para-Athletics-5-768x512.jpg 768w, https:\/\/www.caths.cz\/wordpress\/wp-content\/uploads\/2024\/11\/Oman-Para-Athletics-5-1536x1024.jpg 1536w, https:\/\/www.caths.cz\/wordpress\/wp-content\/uploads\/2024\/11\/Oman-Para-Athletics-5-2048x1365.jpg 2048w, https:\/\/www.caths.cz\/wordpress\/wp-content\/uploads\/2024\/11\/Oman-Para-Athletics-5-120x80.jpg 120w\" sizes=\"auto, (max-width: 1024px) 100vw, 1024px\" \/><\/a><\/figure>\n\n\n\n<figure class=\"wp-block-image size-large\"><a href=\"https:\/\/www.caths.cz\/wordpress\/wp-content\/uploads\/2024\/11\/Oman-Para-Athletics-6-scaled.jpg\"><img loading=\"lazy\" decoding=\"async\" width=\"1024\" height=\"683\" data-id=\"31191\" src=\"https:\/\/www.caths.cz\/wordpress\/wp-content\/uploads\/2024\/11\/Oman-Para-Athletics-6-1024x683.jpg\" alt=\"\" class=\"wp-image-31191\" srcset=\"https:\/\/www.caths.cz\/wordpress\/wp-content\/uploads\/2024\/11\/Oman-Para-Athletics-6-1024x683.jpg 1024w, https:\/\/www.caths.cz\/wordpress\/wp-content\/uploads\/2024\/11\/Oman-Para-Athletics-6-300x200.jpg 300w, https:\/\/www.caths.cz\/wordpress\/wp-content\/uploads\/2024\/11\/Oman-Para-Athletics-6-768x512.jpg 768w, https:\/\/www.caths.cz\/wordpress\/wp-content\/uploads\/2024\/11\/Oman-Para-Athletics-6-1536x1024.jpg 1536w, https:\/\/www.caths.cz\/wordpress\/wp-content\/uploads\/2024\/11\/Oman-Para-Athletics-6-2048x1365.jpg 2048w, https:\/\/www.caths.cz\/wordpress\/wp-content\/uploads\/2024\/11\/Oman-Para-Athletics-6-120x80.jpg 120w\" sizes=\"auto, (max-width: 1024px) 100vw, 1024px\" \/><\/a><\/figure>\n\n\n\n<figure class=\"wp-block-image size-large\"><a href=\"https:\/\/www.caths.cz\/wordpress\/wp-content\/uploads\/2024\/11\/Oman-Para-Athletics-7-scaled.jpg\"><img loading=\"lazy\" decoding=\"async\" width=\"1024\" height=\"683\" data-id=\"31192\" src=\"https:\/\/www.caths.cz\/wordpress\/wp-content\/uploads\/2024\/11\/Oman-Para-Athletics-7-1024x683.jpg\" alt=\"\" class=\"wp-image-31192\" srcset=\"https:\/\/www.caths.cz\/wordpress\/wp-content\/uploads\/2024\/11\/Oman-Para-Athletics-7-1024x683.jpg 1024w, https:\/\/www.caths.cz\/wordpress\/wp-content\/uploads\/2024\/11\/Oman-Para-Athletics-7-300x200.jpg 300w, https:\/\/www.caths.cz\/wordpress\/wp-content\/uploads\/2024\/11\/Oman-Para-Athletics-7-768x512.jpg 768w, https:\/\/www.caths.cz\/wordpress\/wp-content\/uploads\/2024\/11\/Oman-Para-Athletics-7-1536x1024.jpg 1536w, https:\/\/www.caths.cz\/wordpress\/wp-content\/uploads\/2024\/11\/Oman-Para-Athletics-7-2048x1365.jpg 2048w, https:\/\/www.caths.cz\/wordpress\/wp-content\/uploads\/2024\/11\/Oman-Para-Athletics-7-120x80.jpg 120w\" sizes=\"auto, (max-width: 1024px) 100vw, 1024px\" \/><\/a><\/figure>\n\n\n\n<figure class=\"wp-block-image size-large\"><a href=\"https:\/\/www.caths.cz\/wordpress\/wp-content\/uploads\/2024\/11\/Oman-Para-Athletics-8-scaled.jpg\"><img loading=\"lazy\" decoding=\"async\" width=\"1024\" height=\"683\" data-id=\"31193\" src=\"https:\/\/www.caths.cz\/wordpress\/wp-content\/uploads\/2024\/11\/Oman-Para-Athletics-8-1024x683.jpg\" alt=\"\" class=\"wp-image-31193\" srcset=\"https:\/\/www.caths.cz\/wordpress\/wp-content\/uploads\/2024\/11\/Oman-Para-Athletics-8-1024x683.jpg 1024w, https:\/\/www.caths.cz\/wordpress\/wp-content\/uploads\/2024\/11\/Oman-Para-Athletics-8-300x200.jpg 300w, https:\/\/www.caths.cz\/wordpress\/wp-content\/uploads\/2024\/11\/Oman-Para-Athletics-8-768x512.jpg 768w, https:\/\/www.caths.cz\/wordpress\/wp-content\/uploads\/2024\/11\/Oman-Para-Athletics-8-1536x1024.jpg 1536w, https:\/\/www.caths.cz\/wordpress\/wp-content\/uploads\/2024\/11\/Oman-Para-Athletics-8-2048x1365.jpg 2048w, https:\/\/www.caths.cz\/wordpress\/wp-content\/uploads\/2024\/11\/Oman-Para-Athletics-8-120x80.jpg 120w\" sizes=\"auto, (max-width: 1024px) 100vw, 1024px\" \/><\/a><\/figure>\n\n\n\n<figure class=\"wp-block-image size-large\"><a href=\"https:\/\/www.caths.cz\/wordpress\/wp-content\/uploads\/2024\/11\/Oman-Para-Athletics-9.jpg\"><img loading=\"lazy\" decoding=\"async\" width=\"1024\" height=\"682\" data-id=\"31194\" src=\"https:\/\/www.caths.cz\/wordpress\/wp-content\/uploads\/2024\/11\/Oman-Para-Athletics-9-1024x682.jpg\" alt=\"\" class=\"wp-image-31194\" srcset=\"https:\/\/www.caths.cz\/wordpress\/wp-content\/uploads\/2024\/11\/Oman-Para-Athletics-9-1024x682.jpg 1024w, https:\/\/www.caths.cz\/wordpress\/wp-content\/uploads\/2024\/11\/Oman-Para-Athletics-9-300x200.jpg 300w, https:\/\/www.caths.cz\/wordpress\/wp-content\/uploads\/2024\/11\/Oman-Para-Athletics-9-768x512.jpg 768w, https:\/\/www.caths.cz\/wordpress\/wp-content\/uploads\/2024\/11\/Oman-Para-Athletics-9-1536x1023.jpg 1536w, https:\/\/www.caths.cz\/wordpress\/wp-content\/uploads\/2024\/11\/Oman-Para-Athletics-9-120x80.jpg 120w, https:\/\/www.caths.cz\/wordpress\/wp-content\/uploads\/2024\/11\/Oman-Para-Athletics-9.jpg 1600w\" sizes=\"auto, (max-width: 1024px) 100vw, 1024px\" \/><\/a><\/figure>\n\n\n\n<figure class=\"wp-block-image size-large\"><a href=\"https:\/\/www.caths.cz\/wordpress\/wp-content\/uploads\/2024\/11\/Oman-Para-Athletics-10.jpg\"><img loading=\"lazy\" decoding=\"async\" width=\"1024\" height=\"682\" data-id=\"31195\" src=\"https:\/\/www.caths.cz\/wordpress\/wp-content\/uploads\/2024\/11\/Oman-Para-Athletics-10-1024x682.jpg\" alt=\"\" class=\"wp-image-31195\" srcset=\"https:\/\/www.caths.cz\/wordpress\/wp-content\/uploads\/2024\/11\/Oman-Para-Athletics-10-1024x682.jpg 1024w, https:\/\/www.caths.cz\/wordpress\/wp-content\/uploads\/2024\/11\/Oman-Para-Athletics-10-300x200.jpg 300w, https:\/\/www.caths.cz\/wordpress\/wp-content\/uploads\/2024\/11\/Oman-Para-Athletics-10-768x512.jpg 768w, https:\/\/www.caths.cz\/wordpress\/wp-content\/uploads\/2024\/11\/Oman-Para-Athletics-10-1536x1023.jpg 1536w, https:\/\/www.caths.cz\/wordpress\/wp-content\/uploads\/2024\/11\/Oman-Para-Athletics-10-120x80.jpg 120w, https:\/\/www.caths.cz\/wordpress\/wp-content\/uploads\/2024\/11\/Oman-Para-Athletics-10.jpg 1600w\" sizes=\"auto, (max-width: 1024px) 100vw, 1024px\" \/><\/a><\/figure>\n\n\n\n<figure class=\"wp-block-image size-large\"><a href=\"https:\/\/www.caths.cz\/wordpress\/wp-content\/uploads\/2024\/11\/Oman-Para-Athletics-11.jpg\"><img loading=\"lazy\" decoding=\"async\" width=\"1024\" height=\"682\" data-id=\"31196\" src=\"https:\/\/www.caths.cz\/wordpress\/wp-content\/uploads\/2024\/11\/Oman-Para-Athletics-11-1024x682.jpg\" alt=\"\" class=\"wp-image-31196\" srcset=\"https:\/\/www.caths.cz\/wordpress\/wp-content\/uploads\/2024\/11\/Oman-Para-Athletics-11-1024x682.jpg 1024w, https:\/\/www.caths.cz\/wordpress\/wp-content\/uploads\/2024\/11\/Oman-Para-Athletics-11-300x200.jpg 300w, https:\/\/www.caths.cz\/wordpress\/wp-content\/uploads\/2024\/11\/Oman-Para-Athletics-11-768x512.jpg 768w, https:\/\/www.caths.cz\/wordpress\/wp-content\/uploads\/2024\/11\/Oman-Para-Athletics-11-1536x1023.jpg 1536w, https:\/\/www.caths.cz\/wordpress\/wp-content\/uploads\/2024\/11\/Oman-Para-Athletics-11-120x80.jpg 120w, https:\/\/www.caths.cz\/wordpress\/wp-content\/uploads\/2024\/11\/Oman-Para-Athletics-11.jpg 1600w\" sizes=\"auto, (max-width: 1024px) 100vw, 1024px\" \/><\/a><\/figure>\n\n\n\n<figure class=\"wp-block-image size-large\"><a href=\"https:\/\/www.caths.cz\/wordpress\/wp-content\/uploads\/2024\/11\/Oman-Para-Athletics-12.jpg\"><img loading=\"lazy\" decoding=\"async\" width=\"1024\" height=\"682\" data-id=\"31197\" src=\"https:\/\/www.caths.cz\/wordpress\/wp-content\/uploads\/2024\/11\/Oman-Para-Athletics-12-1024x682.jpg\" alt=\"\" class=\"wp-image-31197\" srcset=\"https:\/\/www.caths.cz\/wordpress\/wp-content\/uploads\/2024\/11\/Oman-Para-Athletics-12-1024x682.jpg 1024w, https:\/\/www.caths.cz\/wordpress\/wp-content\/uploads\/2024\/11\/Oman-Para-Athletics-12-300x200.jpg 300w, https:\/\/www.caths.cz\/wordpress\/wp-content\/uploads\/2024\/11\/Oman-Para-Athletics-12-768x512.jpg 768w, https:\/\/www.caths.cz\/wordpress\/wp-content\/uploads\/2024\/11\/Oman-Para-Athletics-12-1536x1023.jpg 1536w, https:\/\/www.caths.cz\/wordpress\/wp-content\/uploads\/2024\/11\/Oman-Para-Athletics-12-120x80.jpg 120w, https:\/\/www.caths.cz\/wordpress\/wp-content\/uploads\/2024\/11\/Oman-Para-Athletics-12.jpg 1600w\" sizes=\"auto, (max-width: 1024px) 100vw, 1024px\" \/><\/a><\/figure>\n\n\n\n<figure class=\"wp-block-image size-large\"><a href=\"https:\/\/www.caths.cz\/wordpress\/wp-content\/uploads\/2024\/11\/Oman-Para-Athletics-13.jpg\"><img loading=\"lazy\" decoding=\"async\" width=\"1024\" height=\"682\" data-id=\"31198\" src=\"https:\/\/www.caths.cz\/wordpress\/wp-content\/uploads\/2024\/11\/Oman-Para-Athletics-13-1024x682.jpg\" alt=\"\" class=\"wp-image-31198\" srcset=\"https:\/\/www.caths.cz\/wordpress\/wp-content\/uploads\/2024\/11\/Oman-Para-Athletics-13-1024x682.jpg 1024w, https:\/\/www.caths.cz\/wordpress\/wp-content\/uploads\/2024\/11\/Oman-Para-Athletics-13-300x200.jpg 300w, https:\/\/www.caths.cz\/wordpress\/wp-content\/uploads\/2024\/11\/Oman-Para-Athletics-13-768x512.jpg 768w, https:\/\/www.caths.cz\/wordpress\/wp-content\/uploads\/2024\/11\/Oman-Para-Athletics-13-1536x1023.jpg 1536w, https:\/\/www.caths.cz\/wordpress\/wp-content\/uploads\/2024\/11\/Oman-Para-Athletics-13-120x80.jpg 120w, https:\/\/www.caths.cz\/wordpress\/wp-content\/uploads\/2024\/11\/Oman-Para-Athletics-13.jpg 1600w\" sizes=\"auto, (max-width: 1024px) 100vw, 1024px\" \/><\/a><\/figure>\n\n\n\n<figure class=\"wp-block-image size-large\"><a href=\"https:\/\/www.caths.cz\/wordpress\/wp-content\/uploads\/2024\/11\/Oman-Para-Athletics-14.jpg\"><img loading=\"lazy\" decoding=\"async\" width=\"1024\" height=\"682\" data-id=\"31199\" src=\"https:\/\/www.caths.cz\/wordpress\/wp-content\/uploads\/2024\/11\/Oman-Para-Athletics-14-1024x682.jpg\" alt=\"\" class=\"wp-image-31199\" srcset=\"https:\/\/www.caths.cz\/wordpress\/wp-content\/uploads\/2024\/11\/Oman-Para-Athletics-14-1024x682.jpg 1024w, https:\/\/www.caths.cz\/wordpress\/wp-content\/uploads\/2024\/11\/Oman-Para-Athletics-14-300x200.jpg 300w, https:\/\/www.caths.cz\/wordpress\/wp-content\/uploads\/2024\/11\/Oman-Para-Athletics-14-768x512.jpg 768w, https:\/\/www.caths.cz\/wordpress\/wp-content\/uploads\/2024\/11\/Oman-Para-Athletics-14-1536x1023.jpg 1536w, https:\/\/www.caths.cz\/wordpress\/wp-content\/uploads\/2024\/11\/Oman-Para-Athletics-14-120x80.jpg 120w, https:\/\/www.caths.cz\/wordpress\/wp-content\/uploads\/2024\/11\/Oman-Para-Athletics-14.jpg 1600w\" sizes=\"auto, (max-width: 1024px) 100vw, 1024px\" \/><\/a><\/figure>\n\n\n\n<figure class=\"wp-block-image size-large\"><a href=\"https:\/\/www.caths.cz\/wordpress\/wp-content\/uploads\/2024\/11\/Oman-Para-Athletics-15.jpg\"><img loading=\"lazy\" decoding=\"async\" width=\"1024\" height=\"682\" data-id=\"31200\" src=\"https:\/\/www.caths.cz\/wordpress\/wp-content\/uploads\/2024\/11\/Oman-Para-Athletics-15-1024x682.jpg\" alt=\"\" class=\"wp-image-31200\" srcset=\"https:\/\/www.caths.cz\/wordpress\/wp-content\/uploads\/2024\/11\/Oman-Para-Athletics-15-1024x682.jpg 1024w, https:\/\/www.caths.cz\/wordpress\/wp-content\/uploads\/2024\/11\/Oman-Para-Athletics-15-300x200.jpg 300w, https:\/\/www.caths.cz\/wordpress\/wp-content\/uploads\/2024\/11\/Oman-Para-Athletics-15-768x512.jpg 768w, https:\/\/www.caths.cz\/wordpress\/wp-content\/uploads\/2024\/11\/Oman-Para-Athletics-15-1536x1023.jpg 1536w, https:\/\/www.caths.cz\/wordpress\/wp-content\/uploads\/2024\/11\/Oman-Para-Athletics-15-120x80.jpg 120w, https:\/\/www.caths.cz\/wordpress\/wp-content\/uploads\/2024\/11\/Oman-Para-Athletics-15.jpg 1600w\" sizes=\"auto, (max-width: 1024px) 100vw, 1024px\" \/><\/a><\/figure>\n\n\n\n<figure class=\"wp-block-image size-large\"><a href=\"https:\/\/www.caths.cz\/wordpress\/wp-content\/uploads\/2024\/11\/Oman-Para-Athletics-16.jpg\"><img loading=\"lazy\" decoding=\"async\" width=\"1024\" height=\"682\" data-id=\"31201\" src=\"https:\/\/www.caths.cz\/wordpress\/wp-content\/uploads\/2024\/11\/Oman-Para-Athletics-16-1024x682.jpg\" alt=\"\" class=\"wp-image-31201\" srcset=\"https:\/\/www.caths.cz\/wordpress\/wp-content\/uploads\/2024\/11\/Oman-Para-Athletics-16-1024x682.jpg 1024w, https:\/\/www.caths.cz\/wordpress\/wp-content\/uploads\/2024\/11\/Oman-Para-Athletics-16-300x200.jpg 300w, https:\/\/www.caths.cz\/wordpress\/wp-content\/uploads\/2024\/11\/Oman-Para-Athletics-16-768x512.jpg 768w, https:\/\/www.caths.cz\/wordpress\/wp-content\/uploads\/2024\/11\/Oman-Para-Athletics-16-1536x1023.jpg 1536w, https:\/\/www.caths.cz\/wordpress\/wp-content\/uploads\/2024\/11\/Oman-Para-Athletics-16-120x80.jpg 120w, https:\/\/www.caths.cz\/wordpress\/wp-content\/uploads\/2024\/11\/Oman-Para-Athletics-16.jpg 1600w\" sizes=\"auto, (max-width: 1024px) 100vw, 1024px\" \/><\/a><\/figure>\n\n\n\n<figure class=\"wp-block-image size-large\"><a href=\"https:\/\/www.caths.cz\/wordpress\/wp-content\/uploads\/2024\/11\/Oman-Para-Athletics-17.jpg\"><img loading=\"lazy\" decoding=\"async\" width=\"1024\" height=\"682\" data-id=\"31202\" src=\"https:\/\/www.caths.cz\/wordpress\/wp-content\/uploads\/2024\/11\/Oman-Para-Athletics-17-1024x682.jpg\" alt=\"\" class=\"wp-image-31202\" srcset=\"https:\/\/www.caths.cz\/wordpress\/wp-content\/uploads\/2024\/11\/Oman-Para-Athletics-17-1024x682.jpg 1024w, https:\/\/www.caths.cz\/wordpress\/wp-content\/uploads\/2024\/11\/Oman-Para-Athletics-17-300x200.jpg 300w, https:\/\/www.caths.cz\/wordpress\/wp-content\/uploads\/2024\/11\/Oman-Para-Athletics-17-768x512.jpg 768w, https:\/\/www.caths.cz\/wordpress\/wp-content\/uploads\/2024\/11\/Oman-Para-Athletics-17-1536x1023.jpg 1536w, https:\/\/www.caths.cz\/wordpress\/wp-content\/uploads\/2024\/11\/Oman-Para-Athletics-17-120x80.jpg 120w, https:\/\/www.caths.cz\/wordpress\/wp-content\/uploads\/2024\/11\/Oman-Para-Athletics-17.jpg 1600w\" sizes=\"auto, (max-width: 1024px) 100vw, 1024px\" \/><\/a><\/figure>\n\n\n\n<figure class=\"wp-block-image size-large\"><a href=\"https:\/\/www.caths.cz\/wordpress\/wp-content\/uploads\/2024\/11\/Oman-Para-Athletics-18.jpg\"><img loading=\"lazy\" decoding=\"async\" width=\"1024\" height=\"682\" data-id=\"31203\" src=\"https:\/\/www.caths.cz\/wordpress\/wp-content\/uploads\/2024\/11\/Oman-Para-Athletics-18-1024x682.jpg\" alt=\"\" class=\"wp-image-31203\" srcset=\"https:\/\/www.caths.cz\/wordpress\/wp-content\/uploads\/2024\/11\/Oman-Para-Athletics-18-1024x682.jpg 1024w, https:\/\/www.caths.cz\/wordpress\/wp-content\/uploads\/2024\/11\/Oman-Para-Athletics-18-300x200.jpg 300w, https:\/\/www.caths.cz\/wordpress\/wp-content\/uploads\/2024\/11\/Oman-Para-Athletics-18-768x512.jpg 768w, https:\/\/www.caths.cz\/wordpress\/wp-content\/uploads\/2024\/11\/Oman-Para-Athletics-18-1536x1023.jpg 1536w, https:\/\/www.caths.cz\/wordpress\/wp-content\/uploads\/2024\/11\/Oman-Para-Athletics-18-120x80.jpg 120w, https:\/\/www.caths.cz\/wordpress\/wp-content\/uploads\/2024\/11\/Oman-Para-Athletics-18.jpg 1600w\" sizes=\"auto, (max-width: 1024px) 100vw, 1024px\" \/><\/a><\/figure>\n<\/figure>\n","protected":false},"excerpt":{"rendered":"<a href=\"https:\/\/www.caths.cz\/wordpress\/ceska-medailova-smrst-na-mezinarodnim-atletickem-mitinku-v-omanu\/\"><img width=\"100\" height=\"100\" src=\"https:\/\/www.caths.cz\/wordpress\/wp-content\/uploads\/2024\/11\/Oman-Para-Athletics-2-100x100.png\" class=\"alignleft tfe wp-post-image\" alt=\"\" decoding=\"async\" loading=\"lazy\" srcset=\"https:\/\/www.caths.cz\/wordpress\/wp-content\/uploads\/2024\/11\/Oman-Para-Athletics-2-100x100.png 100w, https:\/\/www.caths.cz\/wordpress\/wp-content\/uploads\/2024\/11\/Oman-Para-Athletics-2-300x300.png 300w, https:\/\/www.caths.cz\/wordpress\/wp-content\/uploads\/2024\/11\/Oman-Para-Athletics-2-1024x1024.png 1024w, https:\/\/www.caths.cz\/wordpress\/wp-content\/uploads\/2024\/11\/Oman-Para-Athletics-2-150x150.png 150w, https:\/\/www.caths.cz\/wordpress\/wp-content\/uploads\/2024\/11\/Oman-Para-Athletics-2-768x768.png 768w, https:\/\/www.caths.cz\/wordpress\/wp-content\/uploads\/2024\/11\/Oman-Para-Athletics-2-1536x1536.png 1536w, https:\/\/www.caths.cz\/wordpress\/wp-content\/uploads\/2024\/11\/Oman-Para-Athletics-2-2048x2048.png 2048w, https:\/\/www.caths.cz\/wordpress\/wp-content\/uploads\/2024\/11\/Oman-Para-Athletics-2-120x120.png 120w\" sizes=\"auto, (max-width: 100px) 100vw, 100px\" \/><\/a><p>Sedm\u00fd ro\u010dn\u00edk Oman 2024 Para Athletics Meeting prob\u011bhl ve dnech 8. a\u017e 9. listopadu v Sultan Qaboos Sports Complex v Maskatu. Z\u00e1vod\u016f se z\u00fa\u010dastnila dev\u00edtka \u010desk\u00fdch paraatlet\u016f, kte\u0159\u00ed v jihov\u00fdchodn\u00ed [&hellip;]<\/p>\n","protected":false},"author":1,"featured_media":31204,"comment_status":"closed","ping_status":"closed","sticky":false,"template":"","format":"standard","meta":{"ngg_post_thumbnail":0,"footnotes":""},"categories":[5,154],"tags":[170,171,150,169],"class_list":["post-31185","post","type-post","status-publish","format-standard","has-post-thumbnail","hentry","category-atletika","category-novinky","tag-mezinarodni-mitink","tag-oman","tag-oman-para-athletics-meeting","tag-soustredeni"],"_links":{"self":[{"href":"https:\/\/www.caths.cz\/wordpress\/wp-json\/wp\/v2\/posts\/31185","targetHints":{"allow":["GET"]}}],"collection":[{"href":"https:\/\/www.caths.cz\/wordpress\/wp-json\/wp\/v2\/posts"}],"about":[{"href":"https:\/\/www.caths.cz\/wordpress\/wp-json\/wp\/v2\/types\/post"}],"author":[{"embeddable":true,"href":"https:\/\/www.caths.cz\/wordpress\/wp-json\/wp\/v2\/users\/1"}],"replies":[{"embeddable":true,"href":"https:\/\/www.caths.cz\/wordpress\/wp-json\/wp\/v2\/comments?post=31185"}],"version-history":[{"count":3,"href":"https:\/\/www.caths.cz\/wordpress\/wp-json\/wp\/v2\/posts\/31185\/revisions"}],"predecessor-version":[{"id":31208,"href":"https:\/\/www.caths.cz\/wordpress\/wp-json\/wp\/v2\/posts\/31185\/revisions\/31208"}],"wp:featuredmedia":[{"embeddable":true,"href":"https:\/\/www.caths.cz\/wordpress\/wp-json\/wp\/v2\/media\/31204"}],"wp:attachment":[{"href":"https:\/\/www.caths.cz\/wordpress\/wp-json\/wp\/v2\/media?parent=31185"}],"wp:term":[{"taxonomy":"category","embeddable":true,"href":"https:\/\/www.caths.cz\/wordpress\/wp-json\/wp\/v2\/categories?post=31185"},{"taxonomy":"post_tag","embeddable":true,"href":"https:\/\/www.caths.cz\/wordpress\/wp-json\/wp\/v2\/tags?post=31185"}],"curies":[{"name":"wp","href":"https:\/\/api.w.org\/{rel}","templated":true}]}}