{"id":31052,"date":"2024-10-03T11:27:14","date_gmt":"2024-10-03T10:27:14","guid":{"rendered":"https:\/\/www.caths.cz\/wordpress\/?p=31052"},"modified":"2024-10-03T11:27:16","modified_gmt":"2024-10-03T10:27:16","slug":"vratislav-zdrubecky-uspel-na-berlinskem-maratonu","status":"publish","type":"post","link":"https:\/\/www.caths.cz\/wordpress\/vratislav-zdrubecky-uspel-na-berlinskem-maratonu\/","title":{"rendered":"Vratislav Zdrubeck\u00fd usp\u011bl na berl\u00ednsk\u00e9m maratonu"},"content":{"rendered":"\n<p><strong>Formulk\u00e1\u0159 Vratislav Zdrubeck\u00fd si v&nbsp;ned\u011bli 30. z\u00e1\u0159\u00ed na slavn\u00e9m maratonu v&nbsp;Berl\u00edn\u011b vylep\u0161il osobn\u00ed rekord o p\u016fl hodiny na 2:17:56 !<\/strong><\/p>\n\n\n\n<p>Jubilejn\u00ed 50. ro\u010dn\u00edk berl\u00ednsk\u00e9ho maratonu p\u0159iv\u00edtal p\u0159es 58 tis\u00edc \u00fa\u010dastn\u00edk\u016f ze 161 zem\u00ed, \u010d\u00edm\u017e se stal nejv\u011bt\u0161\u00edm leto\u0161n\u00edm maratonem na sv\u011bt\u011b. Ide\u00e1ln\u00ed teplota a p\u0159\u00edzniv\u00e9 pov\u011btrnostn\u00ed podm\u00ednky hr\u00e1li z\u00e1vodn\u00edk\u016fm do karet.<\/p>\n\n\n\n<p>Vratislav Zdrubeck\u00fd se na z\u00e1vodn\u00ed formulce \u00fa\u010dastnil berl\u00ednsk\u00e9ho maratonu ji\u017e loni, kdy si zajel osobn\u00ed rekord 2:43:58. Letos vystartoval v&nbsp;r\u00e1mci elitn\u00edho pole formulek 15 minut p\u0159ed elitn\u00edmi b\u011b\u017eci. V&nbsp;prvn\u00ed polovin\u011b z\u00e1vodu Vratislav vytvo\u0159il spolupracuj\u00edc\u00ed dvojici s&nbsp;britskou z\u00e1vodnic\u00ed Joannou Robertson, co\u017e mu v\u00fdrazn\u011b pomohlo k&nbsp;udr\u017een\u00ed pot\u0159ebn\u00e9ho tempa. V&nbsp;kopci na 27. kilometru se Vr\u00e1\u0165a odtrhl a posledn\u00edch 15 km jel za hlasit\u00e9 podpory fanou\u0161k\u016f pod\u00e9l trati s\u00e1m. Z\u00e1v\u011bre\u010dn\u00e1 c\u00edlov\u00e1 rovinka po pr\u016fjezdu Brandenbursk\u00e9 br\u00e1ny byla obrovsk\u00fdm z\u00e1\u017eitkem, proto\u017ee Vratislav dojel minutu p\u0159ed prvn\u00edm b\u011b\u017ecem z&nbsp;elitn\u00edho pole Etiopanem Mengeshou<strong>.<\/strong><\/p>\n\n\n\n<p>Vynikaj\u00edc\u00edm \u010dasem <strong>2:17:56<\/strong> si Vr\u00e1\u0165a vytvo\u0159il <strong>nov\u00fd osobn\u00ed rekord<\/strong> a um\u00edstil se mezi formulk\u00e1\u0159i na kr\u00e1sn\u00e9m <strong>22. m\u00edst\u011b<\/strong>! Z\u00e1rove\u0148 se mu poko\u0159en\u00edm hranice 2 hodin a 30 minut v&nbsp;kategorii nad 50 let otev\u00edraj\u00ed dve\u0159e k&nbsp;\u00fa\u010dasti na presti\u017en\u00edch americk\u00fdch maratonech v&nbsp;Chicagu, New Yorku nebo Bostonu.<\/p>\n\n\n\n<p>\u201eV\u011bt\u0161inu z\u00e1vodu jsem se c\u00edtil opravdu v\u00fdborn\u011b. Na tr\u00e9ninc\u00edch se p\u0159i krat\u0161\u00edch \u00fasec\u00edch \u010dasto c\u00edt\u00edm mnohem h\u016f\u0159e.\u201c zhodnotil Vr\u00e1\u0165a z\u00faro\u010den\u00e9 hodiny tvrd\u00e9ho tr\u00e9ninku a nazna\u010dil dal\u0161\u00ed mo\u017enosti pro v\u00fdkonnostn\u00ed r\u016fst.<\/p>\n\n\n\n<p>V\u00edt\u011bzi elitn\u00ed kategorie formulek se staly \u0161v\u00fdcarsk\u00e9 hv\u011bzdy Marcel Hug (ji\u017e podev\u00e1t\u00e9) a Catherine Debrunner (pot\u0159et\u00ed v&nbsp;\u0159ad\u011b).<\/p>\n\n\n\n<p>Vratislav zakon\u010d\u00ed leto\u0161n\u00ed sez\u00f3nu \u00fa\u010dast\u00ed na p\u016flmaratonu v&nbsp;anglick\u00e9m Manchesteru ji\u017e p\u0159\u00ed\u0161t\u00ed&nbsp;ned\u011bli.<\/p>\n\n\n\n<p>Kompletn\u00ed v\u00fdsledky formulek <a href=\"https:\/\/berlin.r.mikatiming.com\/2024\/?event_main_group=BMW+BERLIN+MARATHON&amp;num_results=100&amp;pid=list&amp;search%5Bsex%5D=M&amp;search%5Bage_class%5D=%25&amp;event=BMR_HCH3C0OH266&amp;favorite_remove=HCH3C0OH96A6A\">zde<\/a>.<\/p>\n\n\n\n<figure class=\"wp-block-image size-large\"><a href=\"https:\/\/www.caths.cz\/wordpress\/wp-content\/uploads\/2024\/10\/410265165.jpg\"><img loading=\"lazy\" decoding=\"async\" width=\"1024\" height=\"683\" src=\"https:\/\/www.caths.cz\/wordpress\/wp-content\/uploads\/2024\/10\/410265165-1024x683.jpg\" alt=\"\" class=\"wp-image-31055\" srcset=\"https:\/\/www.caths.cz\/wordpress\/wp-content\/uploads\/2024\/10\/410265165-1024x683.jpg 1024w, https:\/\/www.caths.cz\/wordpress\/wp-content\/uploads\/2024\/10\/410265165-300x200.jpg 300w, https:\/\/www.caths.cz\/wordpress\/wp-content\/uploads\/2024\/10\/410265165-768x512.jpg 768w, https:\/\/www.caths.cz\/wordpress\/wp-content\/uploads\/2024\/10\/410265165-120x80.jpg 120w, https:\/\/www.caths.cz\/wordpress\/wp-content\/uploads\/2024\/10\/410265165.jpg 1200w\" sizes=\"auto, (max-width: 1024px) 100vw, 1024px\" \/><\/a><\/figure>\n","protected":false},"excerpt":{"rendered":"<a href=\"https:\/\/www.caths.cz\/wordpress\/vratislav-zdrubecky-uspel-na-berlinskem-maratonu\/\"><img width=\"100\" height=\"100\" src=\"https:\/\/www.caths.cz\/wordpress\/wp-content\/uploads\/2024\/10\/410252700-100x100.jpg\" class=\"alignleft tfe wp-post-image\" alt=\"\" decoding=\"async\" loading=\"lazy\" srcset=\"https:\/\/www.caths.cz\/wordpress\/wp-content\/uploads\/2024\/10\/410252700-100x100.jpg 100w, https:\/\/www.caths.cz\/wordpress\/wp-content\/uploads\/2024\/10\/410252700-150x150.jpg 150w\" sizes=\"auto, (max-width: 100px) 100vw, 100px\" \/><\/a><p>Formulk\u00e1\u0159 Vratislav Zdrubeck\u00fd si v&nbsp;ned\u011bli 30. z\u00e1\u0159\u00ed na slavn\u00e9m maratonu v&nbsp;Berl\u00edn\u011b vylep\u0161il osobn\u00ed rekord o p\u016fl hodiny na 2:17:56 ! Jubilejn\u00ed 50. ro\u010dn\u00edk berl\u00ednsk\u00e9ho maratonu p\u0159iv\u00edtal p\u0159es 58 tis\u00edc \u00fa\u010dastn\u00edk\u016f [&hellip;]<\/p>\n","protected":false},"author":1,"featured_media":31054,"comment_status":"closed","ping_status":"closed","sticky":false,"template":"","format":"standard","meta":{"ngg_post_thumbnail":0,"footnotes":""},"categories":[1],"tags":[],"class_list":["post-31052","post","type-post","status-publish","format-standard","has-post-thumbnail","hentry","category-nezarazene"],"_links":{"self":[{"href":"https:\/\/www.caths.cz\/wordpress\/wp-json\/wp\/v2\/posts\/31052","targetHints":{"allow":["GET"]}}],"collection":[{"href":"https:\/\/www.caths.cz\/wordpress\/wp-json\/wp\/v2\/posts"}],"about":[{"href":"https:\/\/www.caths.cz\/wordpress\/wp-json\/wp\/v2\/types\/post"}],"author":[{"embeddable":true,"href":"https:\/\/www.caths.cz\/wordpress\/wp-json\/wp\/v2\/users\/1"}],"replies":[{"embeddable":true,"href":"https:\/\/www.caths.cz\/wordpress\/wp-json\/wp\/v2\/comments?post=31052"}],"version-history":[{"count":2,"href":"https:\/\/www.caths.cz\/wordpress\/wp-json\/wp\/v2\/posts\/31052\/revisions"}],"predecessor-version":[{"id":31056,"href":"https:\/\/www.caths.cz\/wordpress\/wp-json\/wp\/v2\/posts\/31052\/revisions\/31056"}],"wp:featuredmedia":[{"embeddable":true,"href":"https:\/\/www.caths.cz\/wordpress\/wp-json\/wp\/v2\/media\/31054"}],"wp:attachment":[{"href":"https:\/\/www.caths.cz\/wordpress\/wp-json\/wp\/v2\/media?parent=31052"}],"wp:term":[{"taxonomy":"category","embeddable":true,"href":"https:\/\/www.caths.cz\/wordpress\/wp-json\/wp\/v2\/categories?post=31052"},{"taxonomy":"post_tag","embeddable":true,"href":"https:\/\/www.caths.cz\/wordpress\/wp-json\/wp\/v2\/tags?post=31052"}],"curies":[{"name":"wp","href":"https:\/\/api.w.org\/{rel}","templated":true}]}}