{"id":30507,"date":"2023-09-04T09:31:33","date_gmt":"2023-09-04T08:31:33","guid":{"rendered":"https:\/\/www.caths.cz\/wordpress\/?p=30507"},"modified":"2023-09-05T10:38:37","modified_gmt":"2023-09-05T09:38:37","slug":"tituly-viteze-ceskeho-poharu-ve-sportovni-strelbe-si-z-olomouce-odvezl-tomas-pesek-2","status":"publish","type":"post","link":"https:\/\/www.caths.cz\/wordpress\/tituly-viteze-ceskeho-poharu-ve-sportovni-strelbe-si-z-olomouce-odvezl-tomas-pesek-2\/","title":{"rendered":"Tituly V\u00edt\u011bze \u010cesk\u00e9ho poh\u00e1ru ve sportovn\u00ed st\u0159elb\u011b si z\u00a0Olomouce odvezl Tom\u00e1\u0161 Pe\u0161ek."},"content":{"rendered":"\n<p>V&nbsp;sobotu 2.9.2023 se do Olomouce sjeli st\u0159elci kategorie SH1, kde se uskute\u010dnilo fin\u00e1lov\u00e9 kolo \u010cP TP v&nbsp;discipl\u00edn\u00e1ch P3\/SP30+30 ran na 25 metr\u016f a P1\/VzPi 60 na 10 metr\u016f.<\/p>\n\n\n\n<br>\n\n\n\n<p>V&nbsp;rann\u00ed sout\u011b\u017ei v&nbsp;discipl\u00edn\u011b P3 zv\u00edt\u011bzil Tom\u00e1\u0161 Pe\u0161ek s&nbsp;n\u00e1st\u0159elem 554 bod\u016f, p\u0159ed druh\u00fdm Jakubem Koskem s 545 body a t\u0159et\u00edm Franti\u0161kem Kone\u010dn\u00fdm s&nbsp;542 body. Po se\u010dten\u00ed bod\u016f z&nbsp;nejlep\u0161\u00edho kola a fin\u00e1le se stal celkov\u00fdm v\u00edt\u011bzem Pe\u0161ek s 50 body, 2. m\u00edsto obsadil Kosek tak\u00e9 s&nbsp;50 body, rozhodoval v\u00fdsledek z fin\u00e1le a 3. m\u00edsto z\u00edskal Kone\u010dn\u00fd s&nbsp;30 body. V&nbsp;t\u00e9to discipl\u00edn\u011b startovalo celkem 6 st\u0159elc\u016f.<\/p>\n\n\n\n<br>\n\n\n\n<p>N\u00e1sledn\u011b pokra\u010dovalo fin\u00e1le discipl\u00ednou P1, kterou vyhr\u00e1l Pe\u0161ek s n\u00e1st\u0159elem 565 bod\u016f, 2. m\u00edsto obsadil Kosek s 552 body a 3. m\u00edsto si vyst\u0159\u00edlel Kone\u010dn\u00fd s 537 body. Po se\u010dten\u00ed bod\u016f z&nbsp;nejlep\u0161\u00edho kola a&nbsp;fin\u00e1le se stal celkov\u00fdm v\u00edt\u011bzem Pe\u0161ek s 60 body, 2. m\u00edsto z\u00edskal Kosek se 40 body a 3. m\u00edsto obsadil Kone\u010dn\u00fd s 30 body. V&nbsp;t\u00e9to discipl\u00edn\u011b startovalo celkem 21 st\u0159elc\u016f.<\/p>\n\n\n\n<br>\n\n\n\n<div class=\"wp-block-group\"><div class=\"wp-block-group__inner-container is-layout-constrained wp-block-group-is-layout-constrained\">\n<div class=\"wp-block-columns is-layout-flex wp-container-core-columns-is-layout-9d6595d7 wp-block-columns-is-layout-flex\">\n<div class=\"wp-block-column is-layout-flow wp-block-column-is-layout-flow\" style=\"flex-basis:100%\">\n<div class=\"wp-block-file\"><a id=\"wp-block-file--media-5296d30e-90f1-434c-ae9d-040560985aff\" href=\"https:\/\/www.caths.cz\/wordpress\/wp-content\/uploads\/2023\/09\/Cesky-pohar-TP-Finale.xlsx\"><strong>V\u00fdsledky fin\u00e1le \u010cP TP ve st\u0159elb\u011b ZDE<\/strong><\/a><a href=\"https:\/\/www.caths.cz\/wordpress\/wp-content\/uploads\/2023\/09\/Cesky-pohar-TP-Finale.xlsx\" class=\"wp-block-file__button wp-element-button\" download aria-describedby=\"wp-block-file--media-5296d30e-90f1-434c-ae9d-040560985aff\">St\u00e1hnout<\/a><\/div>\n<\/div>\n<\/div>\n<\/div><\/div>\n\n\n\n<br>\n\n\n\n<div class=\"wp-block-file\"><a id=\"wp-block-file--media-5a81a74f-a4dd-488c-b50f-47d3c12b38fb\" href=\"https:\/\/www.caths.cz\/wordpress\/wp-content\/uploads\/2023\/09\/Cesky-pohar-TP-celkove-vyhodnoceni.xlsx\"><strong>Celkov\u00e9 vyhodnocen\u00ed \u010cP TP ve st\u0159elb\u011b ZDE<\/strong><\/a><a href=\"https:\/\/www.caths.cz\/wordpress\/wp-content\/uploads\/2023\/09\/Cesky-pohar-TP-celkove-vyhodnoceni.xlsx\" class=\"wp-block-file__button wp-element-button\" download aria-describedby=\"wp-block-file--media-5a81a74f-a4dd-488c-b50f-47d3c12b38fb\">St\u00e1hnout<\/a><\/div>\n\n\n\n<br>\n\n\n\n<p><em>Foto + zpracoval: Vladim\u00edr Mar\u010dan, \u010cATHS<\/em><\/p>\n\n\n\n<figure class=\"wp-block-image size-full is-resized\"><a href=\"https:\/\/www.caths.cz\/wordpress\/wp-content\/uploads\/2023\/09\/CP-TP-Finale-Olomouc-P1-P3.jpg\"><img loading=\"lazy\" decoding=\"async\" src=\"https:\/\/www.caths.cz\/wordpress\/wp-content\/uploads\/2023\/09\/CP-TP-Finale-Olomouc-P1-P3.jpg\" alt=\"\" class=\"wp-image-30508\" width=\"841\" height=\"631\" srcset=\"https:\/\/www.caths.cz\/wordpress\/wp-content\/uploads\/2023\/09\/CP-TP-Finale-Olomouc-P1-P3.jpg 1000w, https:\/\/www.caths.cz\/wordpress\/wp-content\/uploads\/2023\/09\/CP-TP-Finale-Olomouc-P1-P3-300x225.jpg 300w, https:\/\/www.caths.cz\/wordpress\/wp-content\/uploads\/2023\/09\/CP-TP-Finale-Olomouc-P1-P3-768x576.jpg 768w, https:\/\/www.caths.cz\/wordpress\/wp-content\/uploads\/2023\/09\/CP-TP-Finale-Olomouc-P1-P3-120x90.jpg 120w\" sizes=\"auto, (max-width: 841px) 100vw, 841px\" \/><\/a><\/figure>\n\n\n\n<br>\n\n\n\n<figure class=\"wp-block-image size-full\"><a href=\"https:\/\/www.caths.cz\/wordpress\/wp-content\/uploads\/2023\/09\/CP-TP-Olomouc-P1.jpg\"><img loading=\"lazy\" decoding=\"async\" width=\"1000\" height=\"750\" src=\"https:\/\/www.caths.cz\/wordpress\/wp-content\/uploads\/2023\/09\/CP-TP-Olomouc-P1.jpg\" alt=\"\" class=\"wp-image-30509\" srcset=\"https:\/\/www.caths.cz\/wordpress\/wp-content\/uploads\/2023\/09\/CP-TP-Olomouc-P1.jpg 1000w, https:\/\/www.caths.cz\/wordpress\/wp-content\/uploads\/2023\/09\/CP-TP-Olomouc-P1-300x225.jpg 300w, https:\/\/www.caths.cz\/wordpress\/wp-content\/uploads\/2023\/09\/CP-TP-Olomouc-P1-768x576.jpg 768w, https:\/\/www.caths.cz\/wordpress\/wp-content\/uploads\/2023\/09\/CP-TP-Olomouc-P1-120x90.jpg 120w\" sizes=\"auto, (max-width: 1000px) 100vw, 1000px\" \/><\/a><\/figure>\n\n\n\n<br>\n\n\n\n<figure class=\"wp-block-image size-full\"><a href=\"https:\/\/www.caths.cz\/wordpress\/wp-content\/uploads\/2023\/09\/CP-TP-Olomouc-P3.jpg\"><img loading=\"lazy\" decoding=\"async\" width=\"1000\" height=\"750\" src=\"https:\/\/www.caths.cz\/wordpress\/wp-content\/uploads\/2023\/09\/CP-TP-Olomouc-P3.jpg\" alt=\"\" class=\"wp-image-30510\" srcset=\"https:\/\/www.caths.cz\/wordpress\/wp-content\/uploads\/2023\/09\/CP-TP-Olomouc-P3.jpg 1000w, https:\/\/www.caths.cz\/wordpress\/wp-content\/uploads\/2023\/09\/CP-TP-Olomouc-P3-300x225.jpg 300w, https:\/\/www.caths.cz\/wordpress\/wp-content\/uploads\/2023\/09\/CP-TP-Olomouc-P3-768x576.jpg 768w, https:\/\/www.caths.cz\/wordpress\/wp-content\/uploads\/2023\/09\/CP-TP-Olomouc-P3-120x90.jpg 120w\" sizes=\"auto, (max-width: 1000px) 100vw, 1000px\" \/><\/a><\/figure>\n","protected":false},"excerpt":{"rendered":"<a href=\"https:\/\/www.caths.cz\/wordpress\/tituly-viteze-ceskeho-poharu-ve-sportovni-strelbe-si-z-olomouce-odvezl-tomas-pesek-2\/\"><img width=\"100\" height=\"100\" src=\"https:\/\/www.caths.cz\/wordpress\/wp-content\/uploads\/2023\/09\/CP-TP-Olomouc-P1-100x100.jpg\" class=\"alignleft tfe wp-post-image\" alt=\"\" decoding=\"async\" loading=\"lazy\" srcset=\"https:\/\/www.caths.cz\/wordpress\/wp-content\/uploads\/2023\/09\/CP-TP-Olomouc-P1-100x100.jpg 100w, https:\/\/www.caths.cz\/wordpress\/wp-content\/uploads\/2023\/09\/CP-TP-Olomouc-P1-150x150.jpg 150w\" sizes=\"auto, (max-width: 100px) 100vw, 100px\" \/><\/a><p>V&nbsp;sobotu 2.9.2023 se do Olomouce sjeli st\u0159elci kategorie SH1, kde se uskute\u010dnilo fin\u00e1lov\u00e9 kolo \u010cP TP v&nbsp;discipl\u00edn\u00e1ch P3\/SP30+30 ran na 25 metr\u016f a P1\/VzPi 60 na 10 metr\u016f. V&nbsp;rann\u00ed sout\u011b\u017ei [&hellip;]<\/p>\n","protected":false},"author":1,"featured_media":30509,"comment_status":"closed","ping_status":"closed","sticky":false,"template":"","format":"standard","meta":{"ngg_post_thumbnail":0,"footnotes":""},"categories":[18],"tags":[],"class_list":["post-30507","post","type-post","status-publish","format-standard","has-post-thumbnail","hentry","category-strelba"],"_links":{"self":[{"href":"https:\/\/www.caths.cz\/wordpress\/wp-json\/wp\/v2\/posts\/30507","targetHints":{"allow":["GET"]}}],"collection":[{"href":"https:\/\/www.caths.cz\/wordpress\/wp-json\/wp\/v2\/posts"}],"about":[{"href":"https:\/\/www.caths.cz\/wordpress\/wp-json\/wp\/v2\/types\/post"}],"author":[{"embeddable":true,"href":"https:\/\/www.caths.cz\/wordpress\/wp-json\/wp\/v2\/users\/1"}],"replies":[{"embeddable":true,"href":"https:\/\/www.caths.cz\/wordpress\/wp-json\/wp\/v2\/comments?post=30507"}],"version-history":[{"count":4,"href":"https:\/\/www.caths.cz\/wordpress\/wp-json\/wp\/v2\/posts\/30507\/revisions"}],"predecessor-version":[{"id":30516,"href":"https:\/\/www.caths.cz\/wordpress\/wp-json\/wp\/v2\/posts\/30507\/revisions\/30516"}],"wp:featuredmedia":[{"embeddable":true,"href":"https:\/\/www.caths.cz\/wordpress\/wp-json\/wp\/v2\/media\/30509"}],"wp:attachment":[{"href":"https:\/\/www.caths.cz\/wordpress\/wp-json\/wp\/v2\/media?parent=30507"}],"wp:term":[{"taxonomy":"category","embeddable":true,"href":"https:\/\/www.caths.cz\/wordpress\/wp-json\/wp\/v2\/categories?post=30507"},{"taxonomy":"post_tag","embeddable":true,"href":"https:\/\/www.caths.cz\/wordpress\/wp-json\/wp\/v2\/tags?post=30507"}],"curies":[{"name":"wp","href":"https:\/\/api.w.org\/{rel}","templated":true}]}}