{"id":30479,"date":"2023-08-01T10:29:09","date_gmt":"2023-08-01T09:29:09","guid":{"rendered":"https:\/\/www.caths.cz\/wordpress\/?p=30479"},"modified":"2023-08-01T10:29:09","modified_gmt":"2023-08-01T09:29:09","slug":"o-vikendu-probehlo-v-olomouci-2-kolo-cp-a-mcr-ve-sportovni-strelbe-telesne-postizenych","status":"publish","type":"post","link":"https:\/\/www.caths.cz\/wordpress\/o-vikendu-probehlo-v-olomouci-2-kolo-cp-a-mcr-ve-sportovni-strelbe-telesne-postizenych\/","title":{"rendered":"O v\u00edkendu prob\u011bhlo v Olomouci 2. kolo \u010cP a M\u010cR  ve sportovn\u00ed st\u0159elb\u011b t\u011blesn\u011b posti\u017een\u00fdch."},"content":{"rendered":"\n<p>V\u00a0sobotu 29.7.2023 se na Lazeck\u00e9 st\u0159elnici konalo 2. kolo \u010cP TP\u00a0 kategorie SH1 v\u00a0discipl\u00edn\u00e1ch P3\/sportovn\u00ed pistole 30+30 ran na 25 metr\u016f a P5\/standardn\u00ed vzduchov\u00e1 pistole 40 ran na 10 metr\u016f. V\u00a0ned\u011bli se pokra\u010dovalo v\u00a0discipl\u00edn\u011b P1\/vzduchov\u00e1 pistole 60 ran na 10 metr\u016f. Ve v\u0161ech discipl\u00edn\u00e1ch startovalo rekordn\u00edch 32 st\u0159elc\u016f.<\/p>\n\n\n\n<br>\n\n\n\n<p>R\u00e1no se sout\u011b\u017eilo v discipl\u00edn\u011b P3, kde sout\u011b\u017eilo 6 st\u0159elc\u016f. Zv\u00edt\u011bzil Jakub Kosek \u00a0v\u00fdsledkem v\u00a0mistrovsk\u00e9 t\u0159\u00edd\u011b 567 bod\u016f p\u0159ed druh\u00fdm Tom\u00e1\u0161em Pe\u0161kem s\u00a0565 body a t\u0159et\u00edm Franti\u0161kem Kone\u010dn\u00fdm s 540 body. Po ob\u011bd\u011b pokra\u010doval z\u00e1vod discipl\u00ednou P5,\u00a0kterou st\u0159\u00edlelo 8 st\u0159elc\u016f. V\u00fdsledkem v\u00a0mistrovsk\u00e9 t\u0159\u00edd\u011b zv\u00edt\u011bzil Pe\u0161ek s\u00a0359 body p\u0159ed druh\u00fdm Kone\u010dn\u00fdm s\u00a0342 body a t\u0159et\u00edm Koskem s\u00a0324 body. V\u00a0ned\u011bli si to st\u0159elci rozdali v discipl\u00edn\u011b P1, v\u00a0kter\u00e9 startovalo 18 st\u0159elc\u016f. V\u00a0mistrovsk\u00e9 t\u0159\u00edd\u011b zv\u00edt\u011bzil Pe\u0161ek s\u00a0560 body, 2. m\u00edsto z\u00edskal Kosek s 553 body a 3. m\u00edsto obsadil s\u00a0537 body Kone\u010dn\u00fd.<\/p>\n\n\n\n<br>\n\n\n\n<div class=\"wp-block-file\"><a href=\"https:\/\/www.caths.cz\/wordpress\/wp-content\/uploads\/2023\/08\/\u010cesk\u00fd-poh\u00e1r-TP-2.-kolo-P1P3P5.pdf\"><strong>Celkov\u00e9 v\u00fdsledky \u010cP TP ve st\u0159elb\u011b (P1, P3, P5) 2023 ZDE:<\/strong><\/a><a href=\"https:\/\/www.caths.cz\/wordpress\/wp-content\/uploads\/2023\/08\/\u010cesk\u00fd-poh\u00e1r-TP-2.-kolo-P1P3P5.pdf\" class=\"wp-block-file__button\" download>St\u00e1hnout<\/a><\/div>\n\n\n\n<br>\n\n\n\n<p><span style=\"text-decoration: underline;\">Soub\u011b\u017en\u011b s\u00a0\u010cP TP prob\u011bhlo Mistrovstv\u00ed \u010cR TP 2023.<\/span><\/p>\n\n\n\n<p><strong>Discipl\u00edna P1 \u2013 Mistr \u010cR Tom\u00e1\u0161 Pe\u0161ek, 2. m\u00edsto Jakub Kosek, 3. m\u00edsto Franti\u0161ek Kone\u010dn\u00fd<\/strong><\/p>\n\n\n\n<p><strong>Discipl\u00edna P3 \u2013 Mistr \u010cR Jakub Kosek, 2. m\u00edsto Tom\u00e1\u0161 Pe\u0161ek, 3. m\u00edsto Franti\u0161ek Kone\u010dn\u00fd<\/strong><\/p>\n\n\n\n<p><strong>Discipl\u00edna P5 &#8211; Mistr \u010cR Tom\u00e1\u0161 Pe\u0161ek, 2. m\u00edsto Franti\u0161ek Kone\u010dn\u00fd, 3. m\u00edsto Jakub Kosek<\/strong><\/p>\n\n\n\n<br>\n\n\n\n<div class=\"wp-block-file\"><a href=\"https:\/\/www.caths.cz\/wordpress\/wp-content\/uploads\/2023\/08\/M\u010cR-TP-2023.pdf\"><strong>Celkov\u00e9 v\u00fdsledky M\u010cR TP ve st\u0159elb\u011b 2023 ZDE:<\/strong><\/a><a href=\"https:\/\/www.caths.cz\/wordpress\/wp-content\/uploads\/2023\/08\/M\u010cR-TP-2023.pdf\" class=\"wp-block-file__button\" download>St\u00e1hnout<\/a><\/div>\n\n\n\n<br>\n\n\n\n<p><em>Text + Foto: Vladim\u00edr Mar\u010dan<\/em><\/p>\n\n\n\n<br>\n\n\n\n<figure class=\"wp-block-image size-large\"><img loading=\"lazy\" decoding=\"async\" width=\"640\" height=\"480\" src=\"https:\/\/www.caths.cz\/wordpress\/wp-content\/uploads\/2023\/08\/M\u010cR-TP-P5.jpg\" alt=\"\" class=\"wp-image-30482\" srcset=\"https:\/\/www.caths.cz\/wordpress\/wp-content\/uploads\/2023\/08\/M\u010cR-TP-P5.jpg 640w, https:\/\/www.caths.cz\/wordpress\/wp-content\/uploads\/2023\/08\/M\u010cR-TP-P5-300x225.jpg 300w, https:\/\/www.caths.cz\/wordpress\/wp-content\/uploads\/2023\/08\/M\u010cR-TP-P5-120x90.jpg 120w\" sizes=\"auto, (max-width: 640px) 100vw, 640px\" \/><\/figure>\n\n\n\n<figure class=\"wp-block-image size-large\"><img loading=\"lazy\" decoding=\"async\" width=\"480\" height=\"640\" src=\"https:\/\/www.caths.cz\/wordpress\/wp-content\/uploads\/2023\/08\/IMG_0912-rotated.jpg\" alt=\"\" class=\"wp-image-30483\" srcset=\"https:\/\/www.caths.cz\/wordpress\/wp-content\/uploads\/2023\/08\/IMG_0912-rotated.jpg 480w, https:\/\/www.caths.cz\/wordpress\/wp-content\/uploads\/2023\/08\/IMG_0912-225x300.jpg 225w, https:\/\/www.caths.cz\/wordpress\/wp-content\/uploads\/2023\/08\/IMG_0912-90x120.jpg 90w\" sizes=\"auto, (max-width: 480px) 100vw, 480px\" \/><\/figure>\n\n\n\n<figure class=\"wp-block-image size-large\"><img loading=\"lazy\" decoding=\"async\" width=\"480\" height=\"640\" src=\"https:\/\/www.caths.cz\/wordpress\/wp-content\/uploads\/2023\/08\/IMG_0950-rotated.jpg\" alt=\"\" class=\"wp-image-30484\" srcset=\"https:\/\/www.caths.cz\/wordpress\/wp-content\/uploads\/2023\/08\/IMG_0950-rotated.jpg 480w, https:\/\/www.caths.cz\/wordpress\/wp-content\/uploads\/2023\/08\/IMG_0950-225x300.jpg 225w, https:\/\/www.caths.cz\/wordpress\/wp-content\/uploads\/2023\/08\/IMG_0950-90x120.jpg 90w\" sizes=\"auto, (max-width: 480px) 100vw, 480px\" \/><\/figure>\n\n\n\n<figure class=\"wp-block-image size-large\"><img loading=\"lazy\" decoding=\"async\" width=\"480\" height=\"640\" src=\"https:\/\/www.caths.cz\/wordpress\/wp-content\/uploads\/2023\/08\/IMG_0953-rotated.jpg\" alt=\"\" class=\"wp-image-30485\" srcset=\"https:\/\/www.caths.cz\/wordpress\/wp-content\/uploads\/2023\/08\/IMG_0953-rotated.jpg 480w, https:\/\/www.caths.cz\/wordpress\/wp-content\/uploads\/2023\/08\/IMG_0953-225x300.jpg 225w, https:\/\/www.caths.cz\/wordpress\/wp-content\/uploads\/2023\/08\/IMG_0953-90x120.jpg 90w\" sizes=\"auto, (max-width: 480px) 100vw, 480px\" \/><\/figure>\n\n\n\n<figure class=\"wp-block-image size-large\"><img loading=\"lazy\" decoding=\"async\" width=\"750\" height=\"1000\" src=\"https:\/\/www.caths.cz\/wordpress\/wp-content\/uploads\/2023\/08\/IMG_20230730_102732.jpg\" alt=\"\" class=\"wp-image-30486\" srcset=\"https:\/\/www.caths.cz\/wordpress\/wp-content\/uploads\/2023\/08\/IMG_20230730_102732.jpg 750w, https:\/\/www.caths.cz\/wordpress\/wp-content\/uploads\/2023\/08\/IMG_20230730_102732-225x300.jpg 225w, https:\/\/www.caths.cz\/wordpress\/wp-content\/uploads\/2023\/08\/IMG_20230730_102732-90x120.jpg 90w\" sizes=\"auto, (max-width: 750px) 100vw, 750px\" \/><\/figure>\n\n\n\n<figure class=\"wp-block-image size-large\"><img loading=\"lazy\" decoding=\"async\" width=\"1000\" height=\"750\" src=\"https:\/\/www.caths.cz\/wordpress\/wp-content\/uploads\/2023\/08\/IMG_20230730_120824.jpg\" alt=\"\" class=\"wp-image-30487\" srcset=\"https:\/\/www.caths.cz\/wordpress\/wp-content\/uploads\/2023\/08\/IMG_20230730_120824.jpg 1000w, https:\/\/www.caths.cz\/wordpress\/wp-content\/uploads\/2023\/08\/IMG_20230730_120824-300x225.jpg 300w, https:\/\/www.caths.cz\/wordpress\/wp-content\/uploads\/2023\/08\/IMG_20230730_120824-768x576.jpg 768w, https:\/\/www.caths.cz\/wordpress\/wp-content\/uploads\/2023\/08\/IMG_20230730_120824-120x90.jpg 120w\" sizes=\"auto, (max-width: 1000px) 100vw, 1000px\" \/><\/figure>\n\n\n\n<figure class=\"wp-block-image size-large\"><img loading=\"lazy\" decoding=\"async\" width=\"480\" height=\"640\" src=\"https:\/\/www.caths.cz\/wordpress\/wp-content\/uploads\/2023\/08\/M\u010cR-TP-P1-rotated.jpg\" alt=\"\" class=\"wp-image-30488\" srcset=\"https:\/\/www.caths.cz\/wordpress\/wp-content\/uploads\/2023\/08\/M\u010cR-TP-P1-rotated.jpg 480w, https:\/\/www.caths.cz\/wordpress\/wp-content\/uploads\/2023\/08\/M\u010cR-TP-P1-225x300.jpg 225w, https:\/\/www.caths.cz\/wordpress\/wp-content\/uploads\/2023\/08\/M\u010cR-TP-P1-90x120.jpg 90w\" sizes=\"auto, (max-width: 480px) 100vw, 480px\" \/><\/figure>\n\n\n\n<figure class=\"wp-block-image size-large\"><img loading=\"lazy\" decoding=\"async\" width=\"480\" height=\"640\" src=\"https:\/\/www.caths.cz\/wordpress\/wp-content\/uploads\/2023\/08\/M\u010cR-TP-P3-rotated.jpg\" alt=\"\" class=\"wp-image-30489\" srcset=\"https:\/\/www.caths.cz\/wordpress\/wp-content\/uploads\/2023\/08\/M\u010cR-TP-P3-rotated.jpg 480w, https:\/\/www.caths.cz\/wordpress\/wp-content\/uploads\/2023\/08\/M\u010cR-TP-P3-225x300.jpg 225w, https:\/\/www.caths.cz\/wordpress\/wp-content\/uploads\/2023\/08\/M\u010cR-TP-P3-90x120.jpg 90w\" sizes=\"auto, (max-width: 480px) 100vw, 480px\" \/><\/figure>\n","protected":false},"excerpt":{"rendered":"<a href=\"https:\/\/www.caths.cz\/wordpress\/o-vikendu-probehlo-v-olomouci-2-kolo-cp-a-mcr-ve-sportovni-strelbe-telesne-postizenych\/\"><img width=\"100\" height=\"100\" src=\"https:\/\/www.caths.cz\/wordpress\/wp-content\/uploads\/2023\/08\/IMG_0950-100x100.jpg\" class=\"alignleft tfe wp-post-image\" alt=\"\" decoding=\"async\" loading=\"lazy\" srcset=\"https:\/\/www.caths.cz\/wordpress\/wp-content\/uploads\/2023\/08\/IMG_0950-100x100.jpg 100w, https:\/\/www.caths.cz\/wordpress\/wp-content\/uploads\/2023\/08\/IMG_0950-150x150.jpg 150w\" sizes=\"auto, (max-width: 100px) 100vw, 100px\" \/><\/a><p>V\u00a0sobotu 29.7.2023 se na Lazeck\u00e9 st\u0159elnici konalo 2. kolo \u010cP TP\u00a0 kategorie SH1 v\u00a0discipl\u00edn\u00e1ch P3\/sportovn\u00ed pistole 30+30 ran na 25 metr\u016f a P5\/standardn\u00ed vzduchov\u00e1 pistole 40 ran na 10 metr\u016f. [&hellip;]<\/p>\n","protected":false},"author":1,"featured_media":30484,"comment_status":"closed","ping_status":"closed","sticky":false,"template":"","format":"standard","meta":{"ngg_post_thumbnail":0,"footnotes":""},"categories":[18],"tags":[],"class_list":["post-30479","post","type-post","status-publish","format-standard","has-post-thumbnail","hentry","category-strelba"],"_links":{"self":[{"href":"https:\/\/www.caths.cz\/wordpress\/wp-json\/wp\/v2\/posts\/30479","targetHints":{"allow":["GET"]}}],"collection":[{"href":"https:\/\/www.caths.cz\/wordpress\/wp-json\/wp\/v2\/posts"}],"about":[{"href":"https:\/\/www.caths.cz\/wordpress\/wp-json\/wp\/v2\/types\/post"}],"author":[{"embeddable":true,"href":"https:\/\/www.caths.cz\/wordpress\/wp-json\/wp\/v2\/users\/1"}],"replies":[{"embeddable":true,"href":"https:\/\/www.caths.cz\/wordpress\/wp-json\/wp\/v2\/comments?post=30479"}],"version-history":[{"count":2,"href":"https:\/\/www.caths.cz\/wordpress\/wp-json\/wp\/v2\/posts\/30479\/revisions"}],"predecessor-version":[{"id":30491,"href":"https:\/\/www.caths.cz\/wordpress\/wp-json\/wp\/v2\/posts\/30479\/revisions\/30491"}],"wp:featuredmedia":[{"embeddable":true,"href":"https:\/\/www.caths.cz\/wordpress\/wp-json\/wp\/v2\/media\/30484"}],"wp:attachment":[{"href":"https:\/\/www.caths.cz\/wordpress\/wp-json\/wp\/v2\/media?parent=30479"}],"wp:term":[{"taxonomy":"category","embeddable":true,"href":"https:\/\/www.caths.cz\/wordpress\/wp-json\/wp\/v2\/categories?post=30479"},{"taxonomy":"post_tag","embeddable":true,"href":"https:\/\/www.caths.cz\/wordpress\/wp-json\/wp\/v2\/tags?post=30479"}],"curies":[{"name":"wp","href":"https:\/\/api.w.org\/{rel}","templated":true}]}}