{"id":30387,"date":"2023-05-15T13:47:59","date_gmt":"2023-05-15T12:47:59","guid":{"rendered":"https:\/\/www.caths.cz\/wordpress\/?p=30387"},"modified":"2023-05-15T13:47:59","modified_gmt":"2023-05-15T12:47:59","slug":"atleticka-reprezentace-se-vraci-z-jesola-zarili-serbus-s-petrousem","status":"publish","type":"post","link":"https:\/\/www.caths.cz\/wordpress\/atleticka-reprezentace-se-vraci-z-jesola-zarili-serbus-s-petrousem\/","title":{"rendered":"Atletick\u00e1 reprezentace se vrac\u00ed z Jesola. Z\u00e1\u0159ili Serbus s Petrou\u0161em."},"content":{"rendered":"\n<p>Posledn\u00ed den sout\u011b\u017e\u00ed byl chladn\u00fd a de\u0161tiv\u00fd. Ve vrhu koul\u00ed sout\u011b\u017eila Eva Kacanu F54, kter\u00e9 se v chladn\u00e9m po\u010das\u00ed neda\u0159ilo a obsadila 8 m\u00edsto. Posledn\u00edm sout\u011b\u017e\u00edc\u00edm byl b\u011b\u017eec na 200m Ondra Barto\u0161ek, kter\u00fd si dob\u011bhl pro \u010dtvrt\u00e9 m\u00edsto.<\/p>\n\n\n\n<br>\n\n\n\n<p>Celkem se m\u00edtinku z\u00fa\u010dastnili atleti z 58 zem\u00ed a bilance na\u0161eho t\u00fdmu, kter\u00fd bojoval s nep\u0159\u00edzniv\u00fdm po\u010das\u00edm de\u0161t\u011bm a chladem a velkou konkurenc\u00ed je n\u00e1sleduj\u00edc\u00ed &#8211; na\u0161im atlet\u016fm se poda\u0159ilo vybojovat tyto cenn\u00e9 kovy:<\/p>\n\n\n\n<br>\n\n\n\n<p><strong>2x zlato<\/strong>, a to <strong>Fanda Serbus<\/strong> v hodu ku\u017eelkou a <strong>Jarda Petrou\u0161<\/strong> v hodu diskem<br><strong>3x bronz<\/strong> \u2013 <strong>Ani\u010dka Muzikov\u00e1<\/strong> a <strong>Michal Enge<\/strong> v hodu ku\u017eelkou, <strong>Martin Dvo\u0159\u00e1k<\/strong> ve vrhu koul\u00ed,<br><strong>1x \u010cesk\u00fd rekord<\/strong> o, kter\u00fd se postaral <strong>Michal Vimme<\/strong>r F37 v hodu diskem.<\/p>\n\n\n\n<br>\n\n\n\n<p>I p\u0159esto, \u017ee ostatn\u00ed atleti nedos\u00e1hli na cenn\u00e9 kovy tak se poda\u0159ilo n\u011bkter\u00fdm p\u0159epsat osobn\u00ed maxima, splnit limit na MS a z\u00edskat cenn\u00e9 zku\u0161enosti. Jsme p\u0159esv\u011bd\u010deni, \u017ee se ve vysok\u00e9 konkurenci na\u0161\u00ed sportovci neztratili. Medailist\u016fm blahop\u0159ejeme a v\u0161em moc d\u011bkujeme za reprezentaci a p\u0159ejeme hodn\u011b \u00fasp\u011bch\u016f v leto\u0161n\u00ed sez\u00f3n\u011b.<\/p>\n\n\n\n<br>\n\n\n\n<p><em>Foto (zdroj: Vendula \u0160ebe\u010dkov\u00e1):<\/em><\/p>\n\n\n\n<figure class=\"wp-block-image size-large\"><img loading=\"lazy\" decoding=\"async\" width=\"1024\" height=\"683\" src=\"https:\/\/www.caths.cz\/wordpress\/wp-content\/uploads\/2023\/05\/e08068da-7e57-4559-b987-2fe299d2239a-1024x683.jpg\" alt=\"\" class=\"wp-image-30388\" srcset=\"https:\/\/www.caths.cz\/wordpress\/wp-content\/uploads\/2023\/05\/e08068da-7e57-4559-b987-2fe299d2239a-1024x683.jpg 1024w, https:\/\/www.caths.cz\/wordpress\/wp-content\/uploads\/2023\/05\/e08068da-7e57-4559-b987-2fe299d2239a-300x200.jpg 300w, https:\/\/www.caths.cz\/wordpress\/wp-content\/uploads\/2023\/05\/e08068da-7e57-4559-b987-2fe299d2239a-768x512.jpg 768w, https:\/\/www.caths.cz\/wordpress\/wp-content\/uploads\/2023\/05\/e08068da-7e57-4559-b987-2fe299d2239a-1536x1024.jpg 1536w, https:\/\/www.caths.cz\/wordpress\/wp-content\/uploads\/2023\/05\/e08068da-7e57-4559-b987-2fe299d2239a-120x80.jpg 120w, https:\/\/www.caths.cz\/wordpress\/wp-content\/uploads\/2023\/05\/e08068da-7e57-4559-b987-2fe299d2239a.jpg 2048w\" sizes=\"auto, (max-width: 1024px) 100vw, 1024px\" \/><\/figure>\n","protected":false},"excerpt":{"rendered":"<a href=\"https:\/\/www.caths.cz\/wordpress\/atleticka-reprezentace-se-vraci-z-jesola-zarili-serbus-s-petrousem\/\"><img width=\"100\" height=\"100\" src=\"https:\/\/www.caths.cz\/wordpress\/wp-content\/uploads\/2023\/05\/e08068da-7e57-4559-b987-2fe299d2239a-100x100.jpg\" class=\"alignleft tfe wp-post-image\" alt=\"\" decoding=\"async\" loading=\"lazy\" srcset=\"https:\/\/www.caths.cz\/wordpress\/wp-content\/uploads\/2023\/05\/e08068da-7e57-4559-b987-2fe299d2239a-100x100.jpg 100w, https:\/\/www.caths.cz\/wordpress\/wp-content\/uploads\/2023\/05\/e08068da-7e57-4559-b987-2fe299d2239a-150x150.jpg 150w\" sizes=\"auto, (max-width: 100px) 100vw, 100px\" \/><\/a><p>Posledn\u00ed den sout\u011b\u017e\u00ed byl chladn\u00fd a de\u0161tiv\u00fd. Ve vrhu koul\u00ed sout\u011b\u017eila Eva Kacanu F54, kter\u00e9 se v chladn\u00e9m po\u010das\u00ed neda\u0159ilo a obsadila 8 m\u00edsto. Posledn\u00edm sout\u011b\u017e\u00edc\u00edm byl b\u011b\u017eec na 200m [&hellip;]<\/p>\n","protected":false},"author":1,"featured_media":30388,"comment_status":"closed","ping_status":"closed","sticky":false,"template":"","format":"standard","meta":{"ngg_post_thumbnail":0,"footnotes":""},"categories":[5],"tags":[],"class_list":["post-30387","post","type-post","status-publish","format-standard","has-post-thumbnail","hentry","category-atletika"],"_links":{"self":[{"href":"https:\/\/www.caths.cz\/wordpress\/wp-json\/wp\/v2\/posts\/30387","targetHints":{"allow":["GET"]}}],"collection":[{"href":"https:\/\/www.caths.cz\/wordpress\/wp-json\/wp\/v2\/posts"}],"about":[{"href":"https:\/\/www.caths.cz\/wordpress\/wp-json\/wp\/v2\/types\/post"}],"author":[{"embeddable":true,"href":"https:\/\/www.caths.cz\/wordpress\/wp-json\/wp\/v2\/users\/1"}],"replies":[{"embeddable":true,"href":"https:\/\/www.caths.cz\/wordpress\/wp-json\/wp\/v2\/comments?post=30387"}],"version-history":[{"count":1,"href":"https:\/\/www.caths.cz\/wordpress\/wp-json\/wp\/v2\/posts\/30387\/revisions"}],"predecessor-version":[{"id":30389,"href":"https:\/\/www.caths.cz\/wordpress\/wp-json\/wp\/v2\/posts\/30387\/revisions\/30389"}],"wp:featuredmedia":[{"embeddable":true,"href":"https:\/\/www.caths.cz\/wordpress\/wp-json\/wp\/v2\/media\/30388"}],"wp:attachment":[{"href":"https:\/\/www.caths.cz\/wordpress\/wp-json\/wp\/v2\/media?parent=30387"}],"wp:term":[{"taxonomy":"category","embeddable":true,"href":"https:\/\/www.caths.cz\/wordpress\/wp-json\/wp\/v2\/categories?post=30387"},{"taxonomy":"post_tag","embeddable":true,"href":"https:\/\/www.caths.cz\/wordpress\/wp-json\/wp\/v2\/tags?post=30387"}],"curies":[{"name":"wp","href":"https:\/\/api.w.org\/{rel}","templated":true}]}}