{"id":30374,"date":"2023-05-14T10:04:15","date_gmt":"2023-05-14T09:04:15","guid":{"rendered":"https:\/\/www.caths.cz\/wordpress\/?p=30374"},"modified":"2023-05-14T10:04:15","modified_gmt":"2023-05-14T09:04:15","slug":"atleti-na-grand-prix-v-jesolu-sbiraji-dalsi-medaile","status":"publish","type":"post","link":"https:\/\/www.caths.cz\/wordpress\/atleti-na-grand-prix-v-jesolu-sbiraji-dalsi-medaile\/","title":{"rendered":"Atleti na Grand Prix v Jesolu sb\u00edraj\u00ed dal\u0161\u00ed medaile!"},"content":{"rendered":"\n<p>Na atlety v\u010dera \u010dekal druh\u00fd den s\u00e9rie Grand Prix a rann\u00ed blok sout\u011b\u017e\u00ed zahajovali mlad\u00ed atleti ve skoku dalek\u00e9m v\u00a0kategorii T12 Janouch Oliver a Partik Tom\u00e1\u0161, kte\u0159\u00ed i p\u0159es rann\u00ed chladn\u00e9 po\u010das\u00ed bojovali ve fin\u00e1le o co nejlep\u0161\u00ed v\u00fdkony. Na sv\u016fj druh\u00fd start nastoupila Eva Kacanu v\u00a0hodu diskem, kde op\u011bt vybojovala nepopul\u00e1rn\u00ed \u010dtvrt\u00e9 m\u00edsto.<\/p>\n\n\n\n<br>\n\n\n\n<p>Dal\u0161\u00ed sout\u011b\u017ee pat\u0159ili hlavn\u011b koula\u0159\u016fm jako prvn\u00ed nastoupili koula\u0159i F 57 Jarda Petrou\u0161, kter\u00fd vybojoval bronz a Martin Slab\u00fd, kter\u00fd si vylep\u0161il sv\u00e9 osobn\u00ed maximum, Du\u0161an \u0160\u010dambura F55 a sv\u016fj pr\u00e9miov\u011b prvn\u00ed start m\u011bl v\u00a0kategorii F13 Jaroslav Str\u00e1nsk\u00fd a Patrik Hetmer. Odpoledn\u00ed blok zahajovali op\u011bt koula\u0159i Michal Vimmer a Michal Pallag F37, Bohumil \u0160oun F33, Sv\u00e9 osobn\u00ed maximum si ve vrhu koul\u00ed vylep\u0161il Martin Dvo\u0159\u00e1k a vybojoval t\u0159et\u00ed m\u00edsto, \u010dtvrt\u00e9 m\u00edsto z\u00edskal Marek Douda a posledn\u00edm koula\u0159em dne byl Petr Vr\u00e1til F38. Ve\u010dern\u00ed program pat\u0159il op\u011bt diska\u0159\u016fm, a to Jardovi Petrou\u0161ovi F57, kter\u00fd si v\u00a0t\u00e9to discipl\u00edn\u011b vyh\u00e1zel zlatou medaili, sv\u016fj v\u00fdkon zapsal tak\u00e9 Martin Slab\u00fd F57. Posledn\u00edm z\u00e1vodem dne, byl disk kategorie F55, kde h\u00e1zel Du\u0161an \u0160\u010dambura.<\/p>\n\n\n\n<br>\n\n\n\n<p><strong>Detailn\u00ed v\u00fdsledkov\u00fd servis lze naj\u00edt zde: <\/strong><a href=\"http:\/\/www.fidalservizi.it\/risultati\/2023\/Jesolo_WPA2023\/Risultati\/IndexRisultatiPerGara.html\">http:\/\/www.fidalservizi.it\/risultati\/2023\/Jesolo_WPA2023\/Risultati\/IndexRisultatiPerGara.html<\/a><\/p>\n\n\n\n<br>\n\n\n\n<p><em>Fotogalerie (zdroj: Vendula \u0160ebe\u010dkov\u00e1):<\/em><\/p>\n\n\n\n<figure class=\"wp-block-image size-large\"><img loading=\"lazy\" decoding=\"async\" width=\"461\" height=\"1024\" src=\"https:\/\/www.caths.cz\/wordpress\/wp-content\/uploads\/2023\/05\/WhatsApp-Image-2023-05-13-at-22.00.10-1-461x1024.jpeg\" alt=\"\" class=\"wp-image-30376\" srcset=\"https:\/\/www.caths.cz\/wordpress\/wp-content\/uploads\/2023\/05\/WhatsApp-Image-2023-05-13-at-22.00.10-1-461x1024.jpeg 461w, https:\/\/www.caths.cz\/wordpress\/wp-content\/uploads\/2023\/05\/WhatsApp-Image-2023-05-13-at-22.00.10-1-135x300.jpeg 135w, https:\/\/www.caths.cz\/wordpress\/wp-content\/uploads\/2023\/05\/WhatsApp-Image-2023-05-13-at-22.00.10-1-691x1536.jpeg 691w, https:\/\/www.caths.cz\/wordpress\/wp-content\/uploads\/2023\/05\/WhatsApp-Image-2023-05-13-at-22.00.10-1-54x120.jpeg 54w, https:\/\/www.caths.cz\/wordpress\/wp-content\/uploads\/2023\/05\/WhatsApp-Image-2023-05-13-at-22.00.10-1.jpeg 720w\" sizes=\"auto, (max-width: 461px) 100vw, 461px\" \/><\/figure>\n\n\n\n<figure class=\"wp-block-image size-large\"><img loading=\"lazy\" decoding=\"async\" width=\"768\" height=\"1024\" src=\"https:\/\/www.caths.cz\/wordpress\/wp-content\/uploads\/2023\/05\/WhatsApp-Image-2023-05-13-at-22.00.07-768x1024.jpeg\" alt=\"\" class=\"wp-image-30377\" srcset=\"https:\/\/www.caths.cz\/wordpress\/wp-content\/uploads\/2023\/05\/WhatsApp-Image-2023-05-13-at-22.00.07-768x1024.jpeg 768w, https:\/\/www.caths.cz\/wordpress\/wp-content\/uploads\/2023\/05\/WhatsApp-Image-2023-05-13-at-22.00.07-225x300.jpeg 225w, https:\/\/www.caths.cz\/wordpress\/wp-content\/uploads\/2023\/05\/WhatsApp-Image-2023-05-13-at-22.00.07-1152x1536.jpeg 1152w, https:\/\/www.caths.cz\/wordpress\/wp-content\/uploads\/2023\/05\/WhatsApp-Image-2023-05-13-at-22.00.07-90x120.jpeg 90w, https:\/\/www.caths.cz\/wordpress\/wp-content\/uploads\/2023\/05\/WhatsApp-Image-2023-05-13-at-22.00.07.jpeg 1500w\" sizes=\"auto, (max-width: 768px) 100vw, 768px\" \/><\/figure>\n\n\n\n<figure class=\"wp-block-image size-large\"><img loading=\"lazy\" decoding=\"async\" width=\"1024\" height=\"768\" src=\"https:\/\/www.caths.cz\/wordpress\/wp-content\/uploads\/2023\/05\/WhatsApp-Image-2023-05-13-at-22.00.03-1024x768.jpeg\" alt=\"\" class=\"wp-image-30378\" srcset=\"https:\/\/www.caths.cz\/wordpress\/wp-content\/uploads\/2023\/05\/WhatsApp-Image-2023-05-13-at-22.00.03-1024x768.jpeg 1024w, https:\/\/www.caths.cz\/wordpress\/wp-content\/uploads\/2023\/05\/WhatsApp-Image-2023-05-13-at-22.00.03-300x225.jpeg 300w, https:\/\/www.caths.cz\/wordpress\/wp-content\/uploads\/2023\/05\/WhatsApp-Image-2023-05-13-at-22.00.03-768x576.jpeg 768w, https:\/\/www.caths.cz\/wordpress\/wp-content\/uploads\/2023\/05\/WhatsApp-Image-2023-05-13-at-22.00.03-1536x1152.jpeg 1536w, https:\/\/www.caths.cz\/wordpress\/wp-content\/uploads\/2023\/05\/WhatsApp-Image-2023-05-13-at-22.00.03-120x90.jpeg 120w, https:\/\/www.caths.cz\/wordpress\/wp-content\/uploads\/2023\/05\/WhatsApp-Image-2023-05-13-at-22.00.03.jpeg 2000w\" sizes=\"auto, (max-width: 1024px) 100vw, 1024px\" \/><\/figure>\n\n\n\n<figure class=\"wp-block-image size-large\"><img loading=\"lazy\" decoding=\"async\" width=\"768\" height=\"1024\" src=\"https:\/\/www.caths.cz\/wordpress\/wp-content\/uploads\/2023\/05\/WhatsApp-Image-2023-05-13-at-13.05.48-768x1024.jpeg\" alt=\"\" class=\"wp-image-30379\" srcset=\"https:\/\/www.caths.cz\/wordpress\/wp-content\/uploads\/2023\/05\/WhatsApp-Image-2023-05-13-at-13.05.48-768x1024.jpeg 768w, https:\/\/www.caths.cz\/wordpress\/wp-content\/uploads\/2023\/05\/WhatsApp-Image-2023-05-13-at-13.05.48-225x300.jpeg 225w, https:\/\/www.caths.cz\/wordpress\/wp-content\/uploads\/2023\/05\/WhatsApp-Image-2023-05-13-at-13.05.48-1152x1536.jpeg 1152w, https:\/\/www.caths.cz\/wordpress\/wp-content\/uploads\/2023\/05\/WhatsApp-Image-2023-05-13-at-13.05.48-90x120.jpeg 90w, https:\/\/www.caths.cz\/wordpress\/wp-content\/uploads\/2023\/05\/WhatsApp-Image-2023-05-13-at-13.05.48.jpeg 1500w\" sizes=\"auto, (max-width: 768px) 100vw, 768px\" \/><\/figure>\n\n\n\n<figure class=\"wp-block-image size-large\"><img loading=\"lazy\" decoding=\"async\" width=\"1024\" height=\"768\" src=\"https:\/\/www.caths.cz\/wordpress\/wp-content\/uploads\/2023\/05\/WhatsApp-Image-2023-05-13-at-13.04.25-1-1024x768.jpeg\" alt=\"\" class=\"wp-image-30380\" srcset=\"https:\/\/www.caths.cz\/wordpress\/wp-content\/uploads\/2023\/05\/WhatsApp-Image-2023-05-13-at-13.04.25-1-1024x768.jpeg 1024w, https:\/\/www.caths.cz\/wordpress\/wp-content\/uploads\/2023\/05\/WhatsApp-Image-2023-05-13-at-13.04.25-1-300x225.jpeg 300w, https:\/\/www.caths.cz\/wordpress\/wp-content\/uploads\/2023\/05\/WhatsApp-Image-2023-05-13-at-13.04.25-1-768x576.jpeg 768w, https:\/\/www.caths.cz\/wordpress\/wp-content\/uploads\/2023\/05\/WhatsApp-Image-2023-05-13-at-13.04.25-1-1536x1152.jpeg 1536w, https:\/\/www.caths.cz\/wordpress\/wp-content\/uploads\/2023\/05\/WhatsApp-Image-2023-05-13-at-13.04.25-1-120x90.jpeg 120w, https:\/\/www.caths.cz\/wordpress\/wp-content\/uploads\/2023\/05\/WhatsApp-Image-2023-05-13-at-13.04.25-1.jpeg 2000w\" sizes=\"auto, (max-width: 1024px) 100vw, 1024px\" \/><\/figure>\n\n\n\n<figure class=\"wp-block-image size-large\"><img loading=\"lazy\" decoding=\"async\" width=\"768\" height=\"1024\" src=\"https:\/\/www.caths.cz\/wordpress\/wp-content\/uploads\/2023\/05\/WhatsApp-Image-2023-05-13-at-13.04.25-768x1024.jpeg\" alt=\"\" class=\"wp-image-30381\" srcset=\"https:\/\/www.caths.cz\/wordpress\/wp-content\/uploads\/2023\/05\/WhatsApp-Image-2023-05-13-at-13.04.25-768x1024.jpeg 768w, https:\/\/www.caths.cz\/wordpress\/wp-content\/uploads\/2023\/05\/WhatsApp-Image-2023-05-13-at-13.04.25-225x300.jpeg 225w, https:\/\/www.caths.cz\/wordpress\/wp-content\/uploads\/2023\/05\/WhatsApp-Image-2023-05-13-at-13.04.25-1152x1536.jpeg 1152w, https:\/\/www.caths.cz\/wordpress\/wp-content\/uploads\/2023\/05\/WhatsApp-Image-2023-05-13-at-13.04.25-90x120.jpeg 90w, https:\/\/www.caths.cz\/wordpress\/wp-content\/uploads\/2023\/05\/WhatsApp-Image-2023-05-13-at-13.04.25.jpeg 1500w\" sizes=\"auto, (max-width: 768px) 100vw, 768px\" \/><\/figure>\n\n\n\n<figure class=\"wp-block-image size-large\"><img loading=\"lazy\" decoding=\"async\" width=\"1024\" height=\"768\" src=\"https:\/\/www.caths.cz\/wordpress\/wp-content\/uploads\/2023\/05\/WhatsApp-Image-2023-05-13-at-13.04.24-1024x768.jpeg\" alt=\"\" class=\"wp-image-30382\" srcset=\"https:\/\/www.caths.cz\/wordpress\/wp-content\/uploads\/2023\/05\/WhatsApp-Image-2023-05-13-at-13.04.24-1024x768.jpeg 1024w, https:\/\/www.caths.cz\/wordpress\/wp-content\/uploads\/2023\/05\/WhatsApp-Image-2023-05-13-at-13.04.24-300x225.jpeg 300w, https:\/\/www.caths.cz\/wordpress\/wp-content\/uploads\/2023\/05\/WhatsApp-Image-2023-05-13-at-13.04.24-768x576.jpeg 768w, https:\/\/www.caths.cz\/wordpress\/wp-content\/uploads\/2023\/05\/WhatsApp-Image-2023-05-13-at-13.04.24-1536x1152.jpeg 1536w, https:\/\/www.caths.cz\/wordpress\/wp-content\/uploads\/2023\/05\/WhatsApp-Image-2023-05-13-at-13.04.24-120x90.jpeg 120w, https:\/\/www.caths.cz\/wordpress\/wp-content\/uploads\/2023\/05\/WhatsApp-Image-2023-05-13-at-13.04.24.jpeg 2000w\" sizes=\"auto, (max-width: 1024px) 100vw, 1024px\" \/><\/figure>\n\n\n\n<figure class=\"wp-block-image size-large\"><img loading=\"lazy\" decoding=\"async\" width=\"768\" height=\"1024\" src=\"https:\/\/www.caths.cz\/wordpress\/wp-content\/uploads\/2023\/05\/WhatsApp-Image-2023-05-13-at-13.04.16-768x1024.jpeg\" alt=\"\" class=\"wp-image-30383\" srcset=\"https:\/\/www.caths.cz\/wordpress\/wp-content\/uploads\/2023\/05\/WhatsApp-Image-2023-05-13-at-13.04.16-768x1024.jpeg 768w, https:\/\/www.caths.cz\/wordpress\/wp-content\/uploads\/2023\/05\/WhatsApp-Image-2023-05-13-at-13.04.16-225x300.jpeg 225w, https:\/\/www.caths.cz\/wordpress\/wp-content\/uploads\/2023\/05\/WhatsApp-Image-2023-05-13-at-13.04.16-1152x1536.jpeg 1152w, https:\/\/www.caths.cz\/wordpress\/wp-content\/uploads\/2023\/05\/WhatsApp-Image-2023-05-13-at-13.04.16-90x120.jpeg 90w, https:\/\/www.caths.cz\/wordpress\/wp-content\/uploads\/2023\/05\/WhatsApp-Image-2023-05-13-at-13.04.16.jpeg 1512w\" sizes=\"auto, (max-width: 768px) 100vw, 768px\" \/><\/figure>\n\n\n\n<figure class=\"wp-block-image size-large\"><img loading=\"lazy\" decoding=\"async\" width=\"469\" height=\"1024\" src=\"https:\/\/www.caths.cz\/wordpress\/wp-content\/uploads\/2023\/05\/WhatsApp-Image-2023-05-13-at-13.04.15-1-469x1024.jpeg\" alt=\"\" class=\"wp-image-30384\" srcset=\"https:\/\/www.caths.cz\/wordpress\/wp-content\/uploads\/2023\/05\/WhatsApp-Image-2023-05-13-at-13.04.15-1-469x1024.jpeg 469w, https:\/\/www.caths.cz\/wordpress\/wp-content\/uploads\/2023\/05\/WhatsApp-Image-2023-05-13-at-13.04.15-1-137x300.jpeg 137w, https:\/\/www.caths.cz\/wordpress\/wp-content\/uploads\/2023\/05\/WhatsApp-Image-2023-05-13-at-13.04.15-1-768x1677.jpeg 768w, https:\/\/www.caths.cz\/wordpress\/wp-content\/uploads\/2023\/05\/WhatsApp-Image-2023-05-13-at-13.04.15-1-704x1536.jpeg 704w, https:\/\/www.caths.cz\/wordpress\/wp-content\/uploads\/2023\/05\/WhatsApp-Image-2023-05-13-at-13.04.15-1-55x120.jpeg 55w, https:\/\/www.caths.cz\/wordpress\/wp-content\/uploads\/2023\/05\/WhatsApp-Image-2023-05-13-at-13.04.15-1.jpeg 938w\" sizes=\"auto, (max-width: 469px) 100vw, 469px\" \/><\/figure>\n\n\n\n<figure class=\"wp-block-image size-large\"><img loading=\"lazy\" decoding=\"async\" width=\"469\" height=\"1024\" src=\"https:\/\/www.caths.cz\/wordpress\/wp-content\/uploads\/2023\/05\/WhatsApp-Image-2023-05-13-at-13.04.15-469x1024.jpeg\" alt=\"\" class=\"wp-image-30385\" srcset=\"https:\/\/www.caths.cz\/wordpress\/wp-content\/uploads\/2023\/05\/WhatsApp-Image-2023-05-13-at-13.04.15-469x1024.jpeg 469w, https:\/\/www.caths.cz\/wordpress\/wp-content\/uploads\/2023\/05\/WhatsApp-Image-2023-05-13-at-13.04.15-137x300.jpeg 137w, https:\/\/www.caths.cz\/wordpress\/wp-content\/uploads\/2023\/05\/WhatsApp-Image-2023-05-13-at-13.04.15-768x1677.jpeg 768w, https:\/\/www.caths.cz\/wordpress\/wp-content\/uploads\/2023\/05\/WhatsApp-Image-2023-05-13-at-13.04.15-704x1536.jpeg 704w, https:\/\/www.caths.cz\/wordpress\/wp-content\/uploads\/2023\/05\/WhatsApp-Image-2023-05-13-at-13.04.15-55x120.jpeg 55w, https:\/\/www.caths.cz\/wordpress\/wp-content\/uploads\/2023\/05\/WhatsApp-Image-2023-05-13-at-13.04.15.jpeg 938w\" sizes=\"auto, (max-width: 469px) 100vw, 469px\" \/><\/figure>\n","protected":false},"excerpt":{"rendered":"<a href=\"https:\/\/www.caths.cz\/wordpress\/atleti-na-grand-prix-v-jesolu-sbiraji-dalsi-medaile\/\"><img width=\"100\" height=\"100\" src=\"https:\/\/www.caths.cz\/wordpress\/wp-content\/uploads\/2023\/05\/WhatsApp-Image-2023-05-13-at-13.04.25-100x100.jpeg\" class=\"alignleft tfe wp-post-image\" alt=\"\" decoding=\"async\" loading=\"lazy\" srcset=\"https:\/\/www.caths.cz\/wordpress\/wp-content\/uploads\/2023\/05\/WhatsApp-Image-2023-05-13-at-13.04.25-100x100.jpeg 100w, https:\/\/www.caths.cz\/wordpress\/wp-content\/uploads\/2023\/05\/WhatsApp-Image-2023-05-13-at-13.04.25-150x150.jpeg 150w\" sizes=\"auto, (max-width: 100px) 100vw, 100px\" \/><\/a><p>Na atlety v\u010dera \u010dekal druh\u00fd den s\u00e9rie Grand Prix a rann\u00ed blok sout\u011b\u017e\u00ed zahajovali mlad\u00ed atleti ve skoku dalek\u00e9m v\u00a0kategorii T12 Janouch Oliver a Partik Tom\u00e1\u0161, kte\u0159\u00ed i p\u0159es rann\u00ed [&hellip;]<\/p>\n","protected":false},"author":1,"featured_media":30381,"comment_status":"closed","ping_status":"closed","sticky":false,"template":"","format":"standard","meta":{"ngg_post_thumbnail":0,"footnotes":""},"categories":[1],"tags":[],"class_list":["post-30374","post","type-post","status-publish","format-standard","has-post-thumbnail","hentry","category-nezarazene"],"_links":{"self":[{"href":"https:\/\/www.caths.cz\/wordpress\/wp-json\/wp\/v2\/posts\/30374","targetHints":{"allow":["GET"]}}],"collection":[{"href":"https:\/\/www.caths.cz\/wordpress\/wp-json\/wp\/v2\/posts"}],"about":[{"href":"https:\/\/www.caths.cz\/wordpress\/wp-json\/wp\/v2\/types\/post"}],"author":[{"embeddable":true,"href":"https:\/\/www.caths.cz\/wordpress\/wp-json\/wp\/v2\/users\/1"}],"replies":[{"embeddable":true,"href":"https:\/\/www.caths.cz\/wordpress\/wp-json\/wp\/v2\/comments?post=30374"}],"version-history":[{"count":1,"href":"https:\/\/www.caths.cz\/wordpress\/wp-json\/wp\/v2\/posts\/30374\/revisions"}],"predecessor-version":[{"id":30386,"href":"https:\/\/www.caths.cz\/wordpress\/wp-json\/wp\/v2\/posts\/30374\/revisions\/30386"}],"wp:featuredmedia":[{"embeddable":true,"href":"https:\/\/www.caths.cz\/wordpress\/wp-json\/wp\/v2\/media\/30381"}],"wp:attachment":[{"href":"https:\/\/www.caths.cz\/wordpress\/wp-json\/wp\/v2\/media?parent=30374"}],"wp:term":[{"taxonomy":"category","embeddable":true,"href":"https:\/\/www.caths.cz\/wordpress\/wp-json\/wp\/v2\/categories?post=30374"},{"taxonomy":"post_tag","embeddable":true,"href":"https:\/\/www.caths.cz\/wordpress\/wp-json\/wp\/v2\/tags?post=30374"}],"curies":[{"name":"wp","href":"https:\/\/api.w.org\/{rel}","templated":true}]}}