{"id":30368,"date":"2023-05-14T09:51:08","date_gmt":"2023-05-14T08:51:08","guid":{"rendered":"https:\/\/www.caths.cz\/wordpress\/?p=30368"},"modified":"2023-05-14T09:51:08","modified_gmt":"2023-05-14T08:51:08","slug":"atleti-bojuji-o-medaile-na-grand-prix-v-jesolu","status":"publish","type":"post","link":"https:\/\/www.caths.cz\/wordpress\/atleti-bojuji-o-medaile-na-grand-prix-v-jesolu\/","title":{"rendered":"Atleti bojuj\u00ed o medaile na Grand Prix v Jesolu!"},"content":{"rendered":"\n<p>Devaten\u00e1ct atlet\u016f se vydalo do italsk\u00e9ho Jesola na Grand Prix bojovat o medaile a co nejlep\u0161\u00ed v\u00fdkony.<\/p>\n\n\n\n<br>\n\n\n\n<p>M\u00e1me za sebou prvn\u00ed sout\u011b\u017en\u00ed den, kter\u00fd v\u00a0nevl\u00eddn\u00e9m zamra\u010den\u00e9m po\u010das\u00ed zah\u00e1jili na\u0161\u00ed ku\u017eelk\u00e1\u0159i. Jako prvn\u00ed sout\u011b\u017eila Ani\u010dka Muzikov\u00e1, kter\u00e9 se poda\u0159ilo v\u00a0konkurenci obsadit bronzovou p\u0159\u00ed\u010dku, dal\u0161\u00edm startuj\u00edc\u00edm byl jej\u00ed klubov\u00fd kolega Franti\u0161ek Serbus, kter\u00fd vybojoval zlatou medaili a za de\u0161t\u011b zavr\u0161il boj ku\u017eelk\u00e1\u0159\u016f Michal Enge, kter\u00fd obsadil tak\u00e9 t\u0159et\u00ed m\u00edsto.<\/p>\n\n\n\n<br>\n\n\n\n<p>Spokojen se sv\u00fdm v\u00fdkonem je diska\u0159 Michal Vimer, kter\u00fd obsadil \u010dtvrt\u00e9 m\u00edsto a z\u00e1rove\u0148 vytvo\u0159il nov\u00fd \u010cesk\u00fd rekord. Dal\u0161\u00ed odpoledn\u00ed program pat\u0159il hlavn\u011b o\u0161t\u011bpa\u0159\u016fm, kdy pr\u00e9miov\u011b prvn\u00ed start na Grand Prix m\u011bl Patrik Hetmer F13. Nepopul\u00e1rn\u00ed \u010dtvrt\u00e9 m\u00edsto si v\u00a0hodu o\u0161t\u011bpem odv\u00e1\u017e\u00ed Eva Kacanu F54 a Luk\u00e1\u0161 Hirka F34. <\/p>\n\n\n\n<br>\n\n\n\n<p>O co nejlep\u0161\u00ed v\u00fdkony v\u00a0hodu o\u0161t\u011bpem bojovali tak\u00e9 Marek Douda F34, Martin Dvo\u0159\u00e1k F34, Bohumil \u0160oun F 33, Petr Vr\u00e1til F 38. Z\u00e1v\u011br dne\u0161n\u00edho dne pat\u0159il b\u011b\u017ec\u016fm na 100 m a jako prvn\u00ed b\u011b\u017eel Oliver Janouch T 12, kter\u00fd obsadil 7. m\u00edsto a ve stejn\u00e9 discipl\u00edn\u011b b\u011b\u017eel tak\u00e9 Ond\u0159ej Barto\u0161ek T35. V\u0161em moc gratulujeme.<\/p>\n\n\n\n<br>\n\n\n\n<p><em>Foto (zdroj: Vendula \u0160ebe\u010dkov\u00e1)<\/em><\/p>\n\n\n\n<figure class=\"wp-block-image size-large\"><img loading=\"lazy\" decoding=\"async\" width=\"1024\" height=\"768\" src=\"https:\/\/www.caths.cz\/wordpress\/wp-content\/uploads\/2023\/05\/WhatsApp-Image-2023-05-11-at-22.12.51-1024x768.jpeg\" alt=\"\" class=\"wp-image-30369\" srcset=\"https:\/\/www.caths.cz\/wordpress\/wp-content\/uploads\/2023\/05\/WhatsApp-Image-2023-05-11-at-22.12.51-1024x768.jpeg 1024w, https:\/\/www.caths.cz\/wordpress\/wp-content\/uploads\/2023\/05\/WhatsApp-Image-2023-05-11-at-22.12.51-300x225.jpeg 300w, https:\/\/www.caths.cz\/wordpress\/wp-content\/uploads\/2023\/05\/WhatsApp-Image-2023-05-11-at-22.12.51-768x576.jpeg 768w, https:\/\/www.caths.cz\/wordpress\/wp-content\/uploads\/2023\/05\/WhatsApp-Image-2023-05-11-at-22.12.51-1536x1152.jpeg 1536w, https:\/\/www.caths.cz\/wordpress\/wp-content\/uploads\/2023\/05\/WhatsApp-Image-2023-05-11-at-22.12.51-120x90.jpeg 120w, https:\/\/www.caths.cz\/wordpress\/wp-content\/uploads\/2023\/05\/WhatsApp-Image-2023-05-11-at-22.12.51.jpeg 1600w\" sizes=\"auto, (max-width: 1024px) 100vw, 1024px\" \/><\/figure>\n\n\n\n<figure class=\"wp-block-image size-large\"><img loading=\"lazy\" decoding=\"async\" width=\"1024\" height=\"400\" src=\"https:\/\/www.caths.cz\/wordpress\/wp-content\/uploads\/2023\/05\/WhatsApp-Image-2023-05-12-at-23.49.23-1024x400.jpeg\" alt=\"\" class=\"wp-image-30370\" srcset=\"https:\/\/www.caths.cz\/wordpress\/wp-content\/uploads\/2023\/05\/WhatsApp-Image-2023-05-12-at-23.49.23-1024x400.jpeg 1024w, https:\/\/www.caths.cz\/wordpress\/wp-content\/uploads\/2023\/05\/WhatsApp-Image-2023-05-12-at-23.49.23-300x117.jpeg 300w, https:\/\/www.caths.cz\/wordpress\/wp-content\/uploads\/2023\/05\/WhatsApp-Image-2023-05-12-at-23.49.23-768x300.jpeg 768w, https:\/\/www.caths.cz\/wordpress\/wp-content\/uploads\/2023\/05\/WhatsApp-Image-2023-05-12-at-23.49.23-1536x600.jpeg 1536w, https:\/\/www.caths.cz\/wordpress\/wp-content\/uploads\/2023\/05\/WhatsApp-Image-2023-05-12-at-23.49.23-120x47.jpeg 120w, https:\/\/www.caths.cz\/wordpress\/wp-content\/uploads\/2023\/05\/WhatsApp-Image-2023-05-12-at-23.49.23.jpeg 1852w\" sizes=\"auto, (max-width: 1024px) 100vw, 1024px\" \/><\/figure>\n\n\n\n<figure class=\"wp-block-image size-large\"><img loading=\"lazy\" decoding=\"async\" width=\"750\" height=\"427\" src=\"https:\/\/www.caths.cz\/wordpress\/wp-content\/uploads\/2023\/05\/WhatsApp-Image-2023-05-12-at-23.49.57.jpeg\" alt=\"\" class=\"wp-image-30371\" srcset=\"https:\/\/www.caths.cz\/wordpress\/wp-content\/uploads\/2023\/05\/WhatsApp-Image-2023-05-12-at-23.49.57.jpeg 750w, https:\/\/www.caths.cz\/wordpress\/wp-content\/uploads\/2023\/05\/WhatsApp-Image-2023-05-12-at-23.49.57-300x171.jpeg 300w, https:\/\/www.caths.cz\/wordpress\/wp-content\/uploads\/2023\/05\/WhatsApp-Image-2023-05-12-at-23.49.57-120x68.jpeg 120w\" sizes=\"auto, (max-width: 750px) 100vw, 750px\" \/><\/figure>\n\n\n\n<figure class=\"wp-block-image size-large\"><img loading=\"lazy\" decoding=\"async\" width=\"1024\" height=\"498\" src=\"https:\/\/www.caths.cz\/wordpress\/wp-content\/uploads\/2023\/05\/WhatsApp-Image-2023-05-12-at-23.49.33-1024x498.jpeg\" alt=\"\" class=\"wp-image-30372\" srcset=\"https:\/\/www.caths.cz\/wordpress\/wp-content\/uploads\/2023\/05\/WhatsApp-Image-2023-05-12-at-23.49.33-1024x498.jpeg 1024w, https:\/\/www.caths.cz\/wordpress\/wp-content\/uploads\/2023\/05\/WhatsApp-Image-2023-05-12-at-23.49.33-300x146.jpeg 300w, https:\/\/www.caths.cz\/wordpress\/wp-content\/uploads\/2023\/05\/WhatsApp-Image-2023-05-12-at-23.49.33-768x373.jpeg 768w, https:\/\/www.caths.cz\/wordpress\/wp-content\/uploads\/2023\/05\/WhatsApp-Image-2023-05-12-at-23.49.33-120x58.jpeg 120w, https:\/\/www.caths.cz\/wordpress\/wp-content\/uploads\/2023\/05\/WhatsApp-Image-2023-05-12-at-23.49.33.jpeg 1416w\" sizes=\"auto, (max-width: 1024px) 100vw, 1024px\" \/><\/figure>\n","protected":false},"excerpt":{"rendered":"<a href=\"https:\/\/www.caths.cz\/wordpress\/atleti-bojuji-o-medaile-na-grand-prix-v-jesolu\/\"><img width=\"100\" height=\"100\" src=\"https:\/\/www.caths.cz\/wordpress\/wp-content\/uploads\/2023\/05\/WhatsApp-Image-2023-05-11-at-22.12.51-100x100.jpeg\" class=\"alignleft tfe wp-post-image\" alt=\"\" decoding=\"async\" loading=\"lazy\" srcset=\"https:\/\/www.caths.cz\/wordpress\/wp-content\/uploads\/2023\/05\/WhatsApp-Image-2023-05-11-at-22.12.51-100x100.jpeg 100w, https:\/\/www.caths.cz\/wordpress\/wp-content\/uploads\/2023\/05\/WhatsApp-Image-2023-05-11-at-22.12.51-150x150.jpeg 150w\" sizes=\"auto, (max-width: 100px) 100vw, 100px\" \/><\/a><p>Devaten\u00e1ct atlet\u016f se vydalo do italsk\u00e9ho Jesola na Grand Prix bojovat o medaile a co nejlep\u0161\u00ed v\u00fdkony. M\u00e1me za sebou prvn\u00ed sout\u011b\u017en\u00ed den, kter\u00fd v\u00a0nevl\u00eddn\u00e9m zamra\u010den\u00e9m po\u010das\u00ed zah\u00e1jili na\u0161\u00ed ku\u017eelk\u00e1\u0159i. [&hellip;]<\/p>\n","protected":false},"author":1,"featured_media":30369,"comment_status":"closed","ping_status":"closed","sticky":false,"template":"","format":"standard","meta":{"ngg_post_thumbnail":0,"footnotes":""},"categories":[1],"tags":[],"class_list":["post-30368","post","type-post","status-publish","format-standard","has-post-thumbnail","hentry","category-nezarazene"],"_links":{"self":[{"href":"https:\/\/www.caths.cz\/wordpress\/wp-json\/wp\/v2\/posts\/30368","targetHints":{"allow":["GET"]}}],"collection":[{"href":"https:\/\/www.caths.cz\/wordpress\/wp-json\/wp\/v2\/posts"}],"about":[{"href":"https:\/\/www.caths.cz\/wordpress\/wp-json\/wp\/v2\/types\/post"}],"author":[{"embeddable":true,"href":"https:\/\/www.caths.cz\/wordpress\/wp-json\/wp\/v2\/users\/1"}],"replies":[{"embeddable":true,"href":"https:\/\/www.caths.cz\/wordpress\/wp-json\/wp\/v2\/comments?post=30368"}],"version-history":[{"count":1,"href":"https:\/\/www.caths.cz\/wordpress\/wp-json\/wp\/v2\/posts\/30368\/revisions"}],"predecessor-version":[{"id":30373,"href":"https:\/\/www.caths.cz\/wordpress\/wp-json\/wp\/v2\/posts\/30368\/revisions\/30373"}],"wp:featuredmedia":[{"embeddable":true,"href":"https:\/\/www.caths.cz\/wordpress\/wp-json\/wp\/v2\/media\/30369"}],"wp:attachment":[{"href":"https:\/\/www.caths.cz\/wordpress\/wp-json\/wp\/v2\/media?parent=30368"}],"wp:term":[{"taxonomy":"category","embeddable":true,"href":"https:\/\/www.caths.cz\/wordpress\/wp-json\/wp\/v2\/categories?post=30368"},{"taxonomy":"post_tag","embeddable":true,"href":"https:\/\/www.caths.cz\/wordpress\/wp-json\/wp\/v2\/tags?post=30368"}],"curies":[{"name":"wp","href":"https:\/\/api.w.org\/{rel}","templated":true}]}}