{"id":30350,"date":"2023-05-09T14:51:01","date_gmt":"2023-05-09T13:51:01","guid":{"rendered":"https:\/\/www.caths.cz\/wordpress\/?p=30350"},"modified":"2023-05-14T09:30:47","modified_gmt":"2023-05-14T08:30:47","slug":"finalova-ucast-na-mz-ipc-isch-gp-hannover-konana-28-4-5-5-2023","status":"publish","type":"post","link":"https:\/\/www.caths.cz\/wordpress\/finalova-ucast-na-mz-ipc-isch-gp-hannover-konana-28-4-5-5-2023\/","title":{"rendered":"Fin\u00e1lov\u00e1 \u00fa\u010dast na MZ IPC ISCH GP Hannover, konan\u00e1 28. 4. \u2013 5. 5. 2023."},"content":{"rendered":"\n<p>Do n\u011bmeck\u00e9ho Hannoveru vyjela \u010desk\u00e1 reprezentace sportovn\u00edch st\u0159elc\u016f ve slo\u017een\u00ed Jakub Kosek, Eli\u0161ka Krej\u010d\u00ed, Vladim\u00edr Mar\u010dan, Tom\u00e1\u0161 Pe\u0161ek, Ji\u0159\u00ed N\u011bmec a asistentky Jarmila Mar\u010danov\u00e1 a Krist\u00fdna \u0160lincov\u00e1.<\/p>\n\n\n\n<br>\n\n\n\n<p>Trojice reprezentant\u016f ve slo\u017een\u00ed Kosek, Krej\u010d\u00ed a Pe\u0161ek dorazila v&nbsp;p\u00e1tek do Hannoveru, kde na st\u0159elnici ulo\u017eili zbran\u011b a jeli se ubytovat do Hotelu Am Kamp. N\u00e1sleduj\u00edc\u00ed den je \u010dekala registrace, p\u0159ej\u00edmka zbran\u00ed a odpoledne tr\u00e9nink.<\/p>\n\n\n\n<br>\n\n\n\n<p>Prvn\u00ed z\u00e1vod na\u0161i st\u0159elci zah\u00e1jili v&nbsp;ned\u011bli discipl\u00ednou P3 (sportovn\u00ed pistole 30+30 ran na 25 metr\u016f), v&nbsp;kter\u00e9 se Kosek prost\u0159\u00edlel do fin\u00e1les n\u00e1st\u0159elem 551 mezi osm nejlep\u0161\u00edch sv\u011btov\u00fdch st\u0159elc\u016f a n\u00e1sledn\u011b obsadil 6. m\u00edsto. Pe\u0161ek se um\u00edstil s n\u00e1st\u0159elem 546 bod\u016f na p\u011bkn\u00e9m 9. m\u00edst\u011b.<\/p>\n\n\n\n<br>\n\n\n\n<p>V\u00a0pond\u011bl\u00ed prob\u011bhla \u00fasp\u011b\u0161n\u011b zdravotn\u00ed klasifikace Eli\u0161ky, tr\u00e9ninky a dojel zbytek reprezentace. \u00dater\u00fd za\u010dalo prvn\u00edm vystoupen\u00edm Eli\u0161ky Krej\u010d\u00ed na MZ v\u00a0discipl\u00edn\u011b P2 (vzduchov\u00e1 pistole 60 ran na 10 metr\u016f), kter\u00e9 poznamenalo nutn\u00e9 sn\u00ed\u017een\u00ed z\u00e1dov\u00e9 op\u011brky a s\u00a0v\u00fdsledkem 489 bod\u016f skon\u010dila na 15. m\u00edst\u011b. V\u00a0podve\u010der Eli\u0161ka s\u00a0Tom\u00e1\u0161em nastoupili do pro n\u00e1s nov\u00e9 discipl\u00edny MT AP Mix Team (vzduchov\u00e1 pistole 30 ran na 10 metr\u016f) a obsadili s\u00a0529 body slu\u0161n\u00e9 5. m\u00edsto. St\u0159edu jsme za\u010dali discipl\u00ednou P5 (standardn\u00ed vzduchov\u00e1 pistole 40 ran na 10 metr\u016f). Nejl\u00e9pe se vedlo Pe\u0161kovi 341 bod\u016f &#8211; 9. m\u00edsto, Kosek 331 bod\u016f \u2013 11. m\u00edsto, N\u011bmec 304 body \u2013 14. m\u00edsto, Mar\u010dan 296 bod\u016f 15. m\u00edsto a Krej\u010d\u00ed 271 bod\u016f \u2013 16. m\u00edsto. V\u00a0sout\u011b\u017ei dru\u017estev Pe\u0161ek, Kosek, Mar\u010dan \u2013 3. m\u00edsto. T\u00e9m\u011b\u0159 bez p\u0159est\u00e1vky pokra\u010dovala sout\u011b\u017e discipl\u00ednou P4 (libovoln\u00e1 pistole 60 ran na 50 metr\u016f), v\u00a0kter\u00e9 oba st\u0159elci shodn\u011b nast\u0159\u00edleli 507 bod\u016f a oba dva 7 centrov\u00fdch des\u00edtek. Rozhodla proto posledn\u00ed polo\u017eka, kterou m\u011bl Kosek vy\u0161\u0161\u00ed a obsadil tak 12. m\u00edsto a Pe\u0161ek 13. m\u00edsto.<\/p>\n\n\n\n<br>\n\n\n\n<p>Ve \u010dtvrtek prob\u011bhla posledn\u00ed n\u00e1mi st\u0159\u00edlen\u00e1 discipl\u00edna P1 (vzduchov\u00e1 pistole 60 ran na 10 metr\u016f), kter\u00e1 byla pro na\u0161e st\u0159elce velmi vyrovnan\u00e1. Pe\u0161ek 537 bod\u016f \u2013 12. m\u00edsto, Kosek 536 bod\u016f \u2013 13. m\u00edsto, N\u011bmec 535 bod\u016f 14. m\u00edsto a Mar\u010dan to uzav\u0159el se&nbsp;480 body \u2013 27. m\u00edsto. V sout\u011b\u017ei dru\u017estev Pe\u0161ek, Kosek, N\u011bmec \u2013 3. m\u00edsto.<\/p>\n\n\n\n<br>\n\n\n\n<p>Leto\u0161n\u00ed konkurence v&nbsp;Hannoveru st\u00e1la za to a pohled na startovn\u00ed listiny jednotliv\u00fdch discipl\u00edn potvrdil, \u017ee se na leto\u0161n\u00edm z\u00e1vod\u011b v n\u011bmeck\u00e9m Hannoveru se\u0161la sv\u011btov\u00e1 \u0161pi\u010dka handicapovan\u00fdch sportovn\u00edch st\u0159elc\u016f.<\/p>\n\n\n\n<br>\n\n\n\n<p><span style=\"text-decoration: underline;\"><strong>V\u00fdsledky k dispozici ZDE:<\/strong><\/span><\/p>\n\n\n\n<div class=\"wp-block-file\"><a href=\"https:\/\/www.caths.cz\/wordpress\/wp-content\/uploads\/2023\/05\/AP_Mixed_SH1_single.pdf\">AP_Mixed_SH1_single<\/a><a href=\"https:\/\/www.caths.cz\/wordpress\/wp-content\/uploads\/2023\/05\/AP_Mixed_SH1_single.pdf\" class=\"wp-block-file__button\" download>St\u00e1hnout<\/a><\/div>\n\n\n\n<div class=\"wp-block-file\"><a href=\"https:\/\/www.caths.cz\/wordpress\/wp-content\/uploads\/2023\/05\/AP_Mixed_SH1_team.pdf\">AP_Mixed_SH1_team<\/a><a href=\"https:\/\/www.caths.cz\/wordpress\/wp-content\/uploads\/2023\/05\/AP_Mixed_SH1_team.pdf\" class=\"wp-block-file__button\" download>St\u00e1hnout<\/a><\/div>\n\n\n\n<div class=\"wp-block-file\"><a href=\"https:\/\/www.caths.cz\/wordpress\/wp-content\/uploads\/2023\/05\/WSPS_P1_single.pdf\">WSPS_P1_single<\/a><a href=\"https:\/\/www.caths.cz\/wordpress\/wp-content\/uploads\/2023\/05\/WSPS_P1_single.pdf\" class=\"wp-block-file__button\" download>St\u00e1hnout<\/a><\/div>\n\n\n\n<div class=\"wp-block-file\"><a href=\"https:\/\/www.caths.cz\/wordpress\/wp-content\/uploads\/2023\/05\/WSPS_P1_team.pdf\">WSPS_P1_team<\/a><a href=\"https:\/\/www.caths.cz\/wordpress\/wp-content\/uploads\/2023\/05\/WSPS_P1_team.pdf\" class=\"wp-block-file__button\" download>St\u00e1hnout<\/a><\/div>\n\n\n\n<div class=\"wp-block-file\"><a href=\"https:\/\/www.caths.cz\/wordpress\/wp-content\/uploads\/2023\/05\/WSPS_P2_single.pdf\">WSPS_P2_single<\/a><a href=\"https:\/\/www.caths.cz\/wordpress\/wp-content\/uploads\/2023\/05\/WSPS_P2_single.pdf\" class=\"wp-block-file__button\" download>St\u00e1hnout<\/a><\/div>\n\n\n\n<div class=\"wp-block-file\"><a href=\"https:\/\/www.caths.cz\/wordpress\/wp-content\/uploads\/2023\/05\/WSPS_P3_final.pdf\">WSPS_P3_final<\/a><a href=\"https:\/\/www.caths.cz\/wordpress\/wp-content\/uploads\/2023\/05\/WSPS_P3_final.pdf\" class=\"wp-block-file__button\" download>St\u00e1hnout<\/a><\/div>\n\n\n\n<div class=\"wp-block-file\"><a href=\"https:\/\/www.caths.cz\/wordpress\/wp-content\/uploads\/2023\/05\/WSPS_P3_single.pdf\">WSPS_P3_single<\/a><a href=\"https:\/\/www.caths.cz\/wordpress\/wp-content\/uploads\/2023\/05\/WSPS_P3_single.pdf\" class=\"wp-block-file__button\" download>St\u00e1hnout<\/a><\/div>\n\n\n\n<div class=\"wp-block-file\"><a href=\"https:\/\/www.caths.cz\/wordpress\/wp-content\/uploads\/2023\/05\/WSPS_P4_single.pdf\">WSPS_P4_single<\/a><a href=\"https:\/\/www.caths.cz\/wordpress\/wp-content\/uploads\/2023\/05\/WSPS_P4_single.pdf\" class=\"wp-block-file__button\" download>St\u00e1hnout<\/a><\/div>\n\n\n\n<div class=\"wp-block-file\"><a href=\"https:\/\/www.caths.cz\/wordpress\/wp-content\/uploads\/2023\/05\/WSPS_P5_single.pdf\">WSPS_P5_single<\/a><a href=\"https:\/\/www.caths.cz\/wordpress\/wp-content\/uploads\/2023\/05\/WSPS_P5_single.pdf\" class=\"wp-block-file__button\" download>St\u00e1hnout<\/a><\/div>\n\n\n\n<div class=\"wp-block-file\"><a href=\"https:\/\/www.caths.cz\/wordpress\/wp-content\/uploads\/2023\/05\/WSPS_P5_team.pdf\">WSPS_P5_team<\/a><a href=\"https:\/\/www.caths.cz\/wordpress\/wp-content\/uploads\/2023\/05\/WSPS_P5_team.pdf\" class=\"wp-block-file__button\" download>St\u00e1hnout<\/a><\/div>\n\n\n\n<br>\n\n\n\n<p><em>Fotogalerie (zdroj: Vladim\u00edr Mar\u010dan)<\/em><\/p>\n\n\n\n<figure class=\"wp-block-image size-large\"><img loading=\"lazy\" decoding=\"async\" width=\"1000\" height=\"750\" src=\"https:\/\/www.caths.cz\/wordpress\/wp-content\/uploads\/2023\/05\/Hannover-\u010cesk\u00e1-reprezentace-1.jpg\" alt=\"\" class=\"wp-image-30352\" srcset=\"https:\/\/www.caths.cz\/wordpress\/wp-content\/uploads\/2023\/05\/Hannover-\u010cesk\u00e1-reprezentace-1.jpg 1000w, https:\/\/www.caths.cz\/wordpress\/wp-content\/uploads\/2023\/05\/Hannover-\u010cesk\u00e1-reprezentace-1-300x225.jpg 300w, https:\/\/www.caths.cz\/wordpress\/wp-content\/uploads\/2023\/05\/Hannover-\u010cesk\u00e1-reprezentace-1-768x576.jpg 768w, https:\/\/www.caths.cz\/wordpress\/wp-content\/uploads\/2023\/05\/Hannover-\u010cesk\u00e1-reprezentace-1-120x90.jpg 120w\" sizes=\"auto, (max-width: 1000px) 100vw, 1000px\" \/><\/figure>\n\n\n\n<figure class=\"wp-block-image size-large\"><img loading=\"lazy\" decoding=\"async\" width=\"760\" height=\"1000\" src=\"https:\/\/www.caths.cz\/wordpress\/wp-content\/uploads\/2023\/05\/Hannover-MT-AP-MixTeam-Krej\u010d\u00ed-Pe\u0161ek.jpg\" alt=\"\" class=\"wp-image-30353\" srcset=\"https:\/\/www.caths.cz\/wordpress\/wp-content\/uploads\/2023\/05\/Hannover-MT-AP-MixTeam-Krej\u010d\u00ed-Pe\u0161ek.jpg 760w, https:\/\/www.caths.cz\/wordpress\/wp-content\/uploads\/2023\/05\/Hannover-MT-AP-MixTeam-Krej\u010d\u00ed-Pe\u0161ek-228x300.jpg 228w, https:\/\/www.caths.cz\/wordpress\/wp-content\/uploads\/2023\/05\/Hannover-MT-AP-MixTeam-Krej\u010d\u00ed-Pe\u0161ek-91x120.jpg 91w\" sizes=\"auto, (max-width: 760px) 100vw, 760px\" \/><\/figure>\n\n\n\n<figure class=\"wp-block-image size-large\"><img loading=\"lazy\" decoding=\"async\" width=\"1000\" height=\"777\" src=\"https:\/\/www.caths.cz\/wordpress\/wp-content\/uploads\/2023\/05\/Hannover-P2-tren\u00e9r-Vladim\u00edr-Mar\u010dan-s-Eli\u0161kou-Krej\u010d\u00ed.jpg\" alt=\"\" class=\"wp-image-30354\" srcset=\"https:\/\/www.caths.cz\/wordpress\/wp-content\/uploads\/2023\/05\/Hannover-P2-tren\u00e9r-Vladim\u00edr-Mar\u010dan-s-Eli\u0161kou-Krej\u010d\u00ed.jpg 1000w, https:\/\/www.caths.cz\/wordpress\/wp-content\/uploads\/2023\/05\/Hannover-P2-tren\u00e9r-Vladim\u00edr-Mar\u010dan-s-Eli\u0161kou-Krej\u010d\u00ed-300x233.jpg 300w, https:\/\/www.caths.cz\/wordpress\/wp-content\/uploads\/2023\/05\/Hannover-P2-tren\u00e9r-Vladim\u00edr-Mar\u010dan-s-Eli\u0161kou-Krej\u010d\u00ed-768x597.jpg 768w, https:\/\/www.caths.cz\/wordpress\/wp-content\/uploads\/2023\/05\/Hannover-P2-tren\u00e9r-Vladim\u00edr-Mar\u010dan-s-Eli\u0161kou-Krej\u010d\u00ed-120x93.jpg 120w\" sizes=\"auto, (max-width: 1000px) 100vw, 1000px\" \/><\/figure>\n\n\n\n<figure class=\"wp-block-image size-large\"><img loading=\"lazy\" decoding=\"async\" width=\"1000\" height=\"750\" src=\"https:\/\/www.caths.cz\/wordpress\/wp-content\/uploads\/2023\/05\/Hannover-3.m\u00edsto-P5-Kosek-Mar\u010dan-Pe\u0161ek.jpg\" alt=\"\" class=\"wp-image-30355\" srcset=\"https:\/\/www.caths.cz\/wordpress\/wp-content\/uploads\/2023\/05\/Hannover-3.m\u00edsto-P5-Kosek-Mar\u010dan-Pe\u0161ek.jpg 1000w, https:\/\/www.caths.cz\/wordpress\/wp-content\/uploads\/2023\/05\/Hannover-3.m\u00edsto-P5-Kosek-Mar\u010dan-Pe\u0161ek-300x225.jpg 300w, https:\/\/www.caths.cz\/wordpress\/wp-content\/uploads\/2023\/05\/Hannover-3.m\u00edsto-P5-Kosek-Mar\u010dan-Pe\u0161ek-768x576.jpg 768w, https:\/\/www.caths.cz\/wordpress\/wp-content\/uploads\/2023\/05\/Hannover-3.m\u00edsto-P5-Kosek-Mar\u010dan-Pe\u0161ek-120x90.jpg 120w\" sizes=\"auto, (max-width: 1000px) 100vw, 1000px\" \/><\/figure>\n","protected":false},"excerpt":{"rendered":"<a href=\"https:\/\/www.caths.cz\/wordpress\/finalova-ucast-na-mz-ipc-isch-gp-hannover-konana-28-4-5-5-2023\/\"><img width=\"100\" height=\"100\" src=\"https:\/\/www.caths.cz\/wordpress\/wp-content\/uploads\/2023\/05\/Hannover-\u010cesk\u00e1-reprezentace-100x100.jpg\" class=\"alignleft tfe wp-post-image\" alt=\"\" decoding=\"async\" loading=\"lazy\" srcset=\"https:\/\/www.caths.cz\/wordpress\/wp-content\/uploads\/2023\/05\/Hannover-\u010cesk\u00e1-reprezentace-100x100.jpg 100w, https:\/\/www.caths.cz\/wordpress\/wp-content\/uploads\/2023\/05\/Hannover-\u010cesk\u00e1-reprezentace-150x150.jpg 150w\" sizes=\"auto, (max-width: 100px) 100vw, 100px\" \/><\/a><p>Do n\u011bmeck\u00e9ho Hannoveru vyjela \u010desk\u00e1 reprezentace sportovn\u00edch st\u0159elc\u016f ve slo\u017een\u00ed Jakub Kosek, Eli\u0161ka Krej\u010d\u00ed, Vladim\u00edr Mar\u010dan, Tom\u00e1\u0161 Pe\u0161ek, Ji\u0159\u00ed N\u011bmec a asistentky Jarmila Mar\u010danov\u00e1 a Krist\u00fdna \u0160lincov\u00e1. Trojice reprezentant\u016f ve [&hellip;]<\/p>\n","protected":false},"author":1,"featured_media":30351,"comment_status":"closed","ping_status":"closed","sticky":false,"template":"","format":"standard","meta":{"ngg_post_thumbnail":0,"footnotes":""},"categories":[18],"tags":[],"class_list":["post-30350","post","type-post","status-publish","format-standard","has-post-thumbnail","hentry","category-strelba"],"_links":{"self":[{"href":"https:\/\/www.caths.cz\/wordpress\/wp-json\/wp\/v2\/posts\/30350","targetHints":{"allow":["GET"]}}],"collection":[{"href":"https:\/\/www.caths.cz\/wordpress\/wp-json\/wp\/v2\/posts"}],"about":[{"href":"https:\/\/www.caths.cz\/wordpress\/wp-json\/wp\/v2\/types\/post"}],"author":[{"embeddable":true,"href":"https:\/\/www.caths.cz\/wordpress\/wp-json\/wp\/v2\/users\/1"}],"replies":[{"embeddable":true,"href":"https:\/\/www.caths.cz\/wordpress\/wp-json\/wp\/v2\/comments?post=30350"}],"version-history":[{"count":2,"href":"https:\/\/www.caths.cz\/wordpress\/wp-json\/wp\/v2\/posts\/30350\/revisions"}],"predecessor-version":[{"id":30367,"href":"https:\/\/www.caths.cz\/wordpress\/wp-json\/wp\/v2\/posts\/30350\/revisions\/30367"}],"wp:featuredmedia":[{"embeddable":true,"href":"https:\/\/www.caths.cz\/wordpress\/wp-json\/wp\/v2\/media\/30351"}],"wp:attachment":[{"href":"https:\/\/www.caths.cz\/wordpress\/wp-json\/wp\/v2\/media?parent=30350"}],"wp:term":[{"taxonomy":"category","embeddable":true,"href":"https:\/\/www.caths.cz\/wordpress\/wp-json\/wp\/v2\/categories?post=30350"},{"taxonomy":"post_tag","embeddable":true,"href":"https:\/\/www.caths.cz\/wordpress\/wp-json\/wp\/v2\/tags?post=30350"}],"curies":[{"name":"wp","href":"https:\/\/api.w.org\/{rel}","templated":true}]}}