{"id":30301,"date":"2023-04-03T09:54:36","date_gmt":"2023-04-03T08:54:36","guid":{"rendered":"https:\/\/www.caths.cz\/wordpress\/?p=30301"},"modified":"2023-04-03T09:54:36","modified_gmt":"2023-04-03T08:54:36","slug":"pozvanka-na-mcr-v-paraatletice-do-ostravy","status":"publish","type":"post","link":"https:\/\/www.caths.cz\/wordpress\/pozvanka-na-mcr-v-paraatletice-do-ostravy\/","title":{"rendered":"Pozv\u00e1nka na M\u010cR v paraatletice do Ostravy!"},"content":{"rendered":"\n<p>T\u00edmto si V\u00e1s dovolujeme pozvat na M\u010cR v paraatletice 2023, kter\u00e9 se poprv\u00e9 uskute\u010dn\u00ed na m\u011bstsk\u00e9m stadionu Ostrava V\u00edtkovice a to ve dnech 9.-10.6.2023, pod dohledem po\u0159adatelsk\u00e9ho klubu SSK V\u00edtkovice.<\/p>\n\n\n\n<br>\n\n\n\n<div class=\"wp-block-file\"><a href=\"https:\/\/www.caths.cz\/wordpress\/wp-content\/uploads\/2023\/04\/M\u010cR-V-PARA-ATLETICE-2023-OSTRAVA.pdf\"><strong>Propozice<\/strong> <strong>M\u010cR 2023<\/strong> naleznete ZDE:<\/a><a href=\"https:\/\/www.caths.cz\/wordpress\/wp-content\/uploads\/2023\/04\/M\u010cR-V-PARA-ATLETICE-2023-OSTRAVA.pdf\" class=\"wp-block-file__button\" download>St\u00e1hnout<\/a><\/div>\n\n\n\n<div class=\"wp-block-file\"><a href=\"https:\/\/www.caths.cz\/wordpress\/wp-content\/uploads\/2023\/04\/P\u0159ihl\u00e1\u0161kov\u00fd-formul\u00e1\u0159-M\u010cR-2023-Ostrava.xlsx\"><strong>P\u0159ihl\u00e1\u0161kov\u00fd formul\u00e1\u0159<\/strong> <strong>M\u010cR 2023<\/strong> naleznete ZDE:<\/a><a href=\"https:\/\/www.caths.cz\/wordpress\/wp-content\/uploads\/2023\/04\/P\u0159ihl\u00e1\u0161kov\u00fd-formul\u00e1\u0159-M\u010cR-2023-Ostrava.xlsx\" class=\"wp-block-file__button\" download>St\u00e1hnout<\/a><\/div>\n\n\n\n<p><em>P\u0159ihla\u0161ovat sv\u00e9 z\u00e1vodn\u00edky m\u016f\u017eete a\u017e do 20.5.2023 a to v\u00fdhradn\u011b prost\u0159ednictv\u00edm v\u00fd\u0161e uveden\u00e9ho p\u0159ihla\u0161ovac\u00edho formul\u00e1\u0159e na email: <a href=\"mailto:info@czechpara.cz\">info@czechpara.cz<\/a><\/em><\/p>\n\n\n\n<br>\n\n\n\n<p>Cel\u00fd po\u0159adatelsk\u00fd t\u00fdm SSK V\u00edtkovice se na V\u00e1s v\u0161echny t\u011b\u0161\u00ed a douf\u00e1 v hojnou \u00fa\u010dast!<\/p>\n\n\n\n<br>\n\n\n\n<figure class=\"wp-block-image size-large\"><img loading=\"lazy\" decoding=\"async\" width=\"724\" height=\"1024\" src=\"https:\/\/www.caths.cz\/wordpress\/wp-content\/uploads\/2023\/04\/plaka\u0301t-A2-724x1024.jpg\" alt=\"\" class=\"wp-image-30304\" srcset=\"https:\/\/www.caths.cz\/wordpress\/wp-content\/uploads\/2023\/04\/plaka\u0301t-A2-724x1024.jpg 724w, https:\/\/www.caths.cz\/wordpress\/wp-content\/uploads\/2023\/04\/plaka\u0301t-A2-212x300.jpg 212w, https:\/\/www.caths.cz\/wordpress\/wp-content\/uploads\/2023\/04\/plaka\u0301t-A2-768x1086.jpg 768w, https:\/\/www.caths.cz\/wordpress\/wp-content\/uploads\/2023\/04\/plaka\u0301t-A2-1086x1536.jpg 1086w, https:\/\/www.caths.cz\/wordpress\/wp-content\/uploads\/2023\/04\/plaka\u0301t-A2-1448x2048.jpg 1448w, https:\/\/www.caths.cz\/wordpress\/wp-content\/uploads\/2023\/04\/plaka\u0301t-A2-85x120.jpg 85w, https:\/\/www.caths.cz\/wordpress\/wp-content\/uploads\/2023\/04\/plaka\u0301t-A2-scaled.jpg 1810w\" sizes=\"auto, (max-width: 724px) 100vw, 724px\" \/><\/figure>\n","protected":false},"excerpt":{"rendered":"<a href=\"https:\/\/www.caths.cz\/wordpress\/pozvanka-na-mcr-v-paraatletice-do-ostravy\/\"><img width=\"100\" height=\"100\" src=\"https:\/\/www.caths.cz\/wordpress\/wp-content\/uploads\/2023\/04\/plaka\u0301t-A2-100x100.jpg\" class=\"alignleft tfe wp-post-image\" alt=\"\" decoding=\"async\" loading=\"lazy\" srcset=\"https:\/\/www.caths.cz\/wordpress\/wp-content\/uploads\/2023\/04\/plaka\u0301t-A2-100x100.jpg 100w, https:\/\/www.caths.cz\/wordpress\/wp-content\/uploads\/2023\/04\/plaka\u0301t-A2-150x150.jpg 150w\" sizes=\"auto, (max-width: 100px) 100vw, 100px\" \/><\/a><p>T\u00edmto si V\u00e1s dovolujeme pozvat na M\u010cR v paraatletice 2023, kter\u00e9 se poprv\u00e9 uskute\u010dn\u00ed na m\u011bstsk\u00e9m stadionu Ostrava V\u00edtkovice a to ve dnech 9.-10.6.2023, pod dohledem po\u0159adatelsk\u00e9ho klubu SSK V\u00edtkovice. [&hellip;]<\/p>\n","protected":false},"author":1,"featured_media":30304,"comment_status":"closed","ping_status":"closed","sticky":false,"template":"","format":"standard","meta":{"ngg_post_thumbnail":0,"footnotes":""},"categories":[5],"tags":[],"class_list":["post-30301","post","type-post","status-publish","format-standard","has-post-thumbnail","hentry","category-atletika"],"_links":{"self":[{"href":"https:\/\/www.caths.cz\/wordpress\/wp-json\/wp\/v2\/posts\/30301","targetHints":{"allow":["GET"]}}],"collection":[{"href":"https:\/\/www.caths.cz\/wordpress\/wp-json\/wp\/v2\/posts"}],"about":[{"href":"https:\/\/www.caths.cz\/wordpress\/wp-json\/wp\/v2\/types\/post"}],"author":[{"embeddable":true,"href":"https:\/\/www.caths.cz\/wordpress\/wp-json\/wp\/v2\/users\/1"}],"replies":[{"embeddable":true,"href":"https:\/\/www.caths.cz\/wordpress\/wp-json\/wp\/v2\/comments?post=30301"}],"version-history":[{"count":2,"href":"https:\/\/www.caths.cz\/wordpress\/wp-json\/wp\/v2\/posts\/30301\/revisions"}],"predecessor-version":[{"id":30306,"href":"https:\/\/www.caths.cz\/wordpress\/wp-json\/wp\/v2\/posts\/30301\/revisions\/30306"}],"wp:featuredmedia":[{"embeddable":true,"href":"https:\/\/www.caths.cz\/wordpress\/wp-json\/wp\/v2\/media\/30304"}],"wp:attachment":[{"href":"https:\/\/www.caths.cz\/wordpress\/wp-json\/wp\/v2\/media?parent=30301"}],"wp:term":[{"taxonomy":"category","embeddable":true,"href":"https:\/\/www.caths.cz\/wordpress\/wp-json\/wp\/v2\/categories?post=30301"},{"taxonomy":"post_tag","embeddable":true,"href":"https:\/\/www.caths.cz\/wordpress\/wp-json\/wp\/v2\/tags?post=30301"}],"curies":[{"name":"wp","href":"https:\/\/api.w.org\/{rel}","templated":true}]}}