{"id":30285,"date":"2023-03-13T12:45:40","date_gmt":"2023-03-13T11:45:40","guid":{"rendered":"https:\/\/www.caths.cz\/wordpress\/?p=30285"},"modified":"2023-03-13T12:45:40","modified_gmt":"2023-03-13T11:45:40","slug":"uspechy-nasich-atletu-na-grand-prix-v-marakesi-neuveritelnych-17-medaili","status":"publish","type":"post","link":"https:\/\/www.caths.cz\/wordpress\/uspechy-nasich-atletu-na-grand-prix-v-marakesi-neuveritelnych-17-medaili\/","title":{"rendered":"\u00dasp\u011bchy na\u0161ich atlet\u016f na Grand Prix v Marak\u00e9\u0161i! Neuv\u011b\u0159iteln\u00fdch 17 medail\u00ed!"},"content":{"rendered":"\n<p>Ve dnech 9.-11.3.2023 se v Marrakechi konal ji\u017e druh\u00fd ro\u010dn\u00edk Grand Prix 2023.<\/p>\n\n\n\n<p>V siln\u00e9 konkurenci 40 st\u00e1t\u016f a 400 sportovc\u016f se neztratilo ani na\u0161ich 14 reprezentant\u016f.<\/p>\n\n\n\n<p><strong>Ti dok\u00e1zali vybojovat 17 cenn\u00fdch kov\u016f (3x\ud83e\udd47,9x\ud83e\udd48,5x\ud83e\udd49).<\/strong><\/p>\n\n\n\n<p>Mezi nej\u00fasp\u011b\u0161n\u011bj\u0161\u00ed se \u0159ad\u00ed Ale\u0161 Kis\u00fd, kter\u00fd dok\u00e1zal vybojovat dv\u011b zlat\u00e9 medaile za hod o\u0161t\u011bpem a vrh koul\u00ed.<\/p>\n\n\n\n<p>Nejv\u00edce cenn\u00fdch kov\u016f z\u00edskala Miroslava Obrov\u00e1, kter\u00e1 posledn\u00ed den zv\u00edt\u011bzila v hodu diskem a tak\u00e9 p\u0159idala dv\u011b st\u0159\u00edbra v hodu o\u0161t\u011bpem a vrhu koul\u00ed.<\/p>\n\n\n\n<p>Hod diskem byl jednou z nej\u00fasp\u011b\u0161n\u011bj\u0161\u00edch discipl\u00edn. V t\u00e9to discipl\u00edn\u011b Jaroslav Petrou\u0161, Michal Vimmer, Martin Adam\u010dik, Martin Dvo\u0159\u00e1k z\u00edskali kr\u00e1snou st\u0159\u00edbrnou p\u0159\u00ed\u010dku.<\/p>\n\n\n\n<p>Bronzovou medaili doplnili Marek Douda a Jaroslav Bro\u017e. Jedin\u00fdmi z\u00e1stupci v b\u011b\u017eeck\u00fdch discipl\u00edn\u00e1ch byl Ond\u0159ej Barto\u0161ek a Anna Luxov\u00e1.<\/p>\n\n\n\n<p>Ondra p\u0159ekonal sv\u00e9 osobn\u00ed maxima a v b\u011bhu na 100m obsadil t\u0159et\u00ed p\u0159\u00ed\u010dku a druh\u00e9 m\u00edsto obsadil v b\u011bhu na 200m. Ani\u010dka dok\u00e1zala v b\u011bhu na 100m obsadit druhou p\u0159\u00ed\u010dku.<\/p>\n\n\n\n<p>Mezi posledn\u00edmi medailisty byl Luk\u00e1\u0161 Hirka, kter\u00fd v hodu o\u0161t\u011bpem na\u0161el p\u0159emo\u017eitele pouze u dom\u00e1c\u00edho borce a obsadil druh\u00e9 m\u00edsto. Martin Kukla ve stejn\u00e9 discipl\u00edn\u011b obsadil t\u0159et\u00ed m\u00edsto.<\/p>\n\n\n\n<p>Dal\u0161\u00edmi \u010desk\u00fdmi z\u00e1stupci, kte\u0159\u00ed nedos\u00e1hli na vytou\u017een\u00e9 p\u00f3diov\u00e9 um\u00edst\u011bn\u00ed, ale p\u0159edvedli v\u00fdkony za hranic\u00ed osobn\u00edch rekord\u016f byl Jan Majo a Jaroslav Teichmann.<\/p>\n\n\n\n<p>D\u011bkujeme za vzornou reprezentaci na\u0161\u00ed republiky na t\u011bchto z\u00e1vodech!<\/p>\n\n\n\n<p><em>Text: Aneta Inochovsk\u00e1, vedouc\u00ed v\u00fdpravy<\/em><\/p>\n\n\n\n<p>Foto (zdroj: Aneta Inochovsk\u00e1)<\/p>\n\n\n\n<figure class=\"wp-block-image size-large\"><img loading=\"lazy\" decoding=\"async\" width=\"768\" height=\"1024\" src=\"https:\/\/www.caths.cz\/wordpress\/wp-content\/uploads\/2023\/03\/20230309_103538-01-768x1024.jpeg\" alt=\"\" class=\"wp-image-30286\" srcset=\"https:\/\/www.caths.cz\/wordpress\/wp-content\/uploads\/2023\/03\/20230309_103538-01-768x1024.jpeg 768w, https:\/\/www.caths.cz\/wordpress\/wp-content\/uploads\/2023\/03\/20230309_103538-01-225x300.jpeg 225w, https:\/\/www.caths.cz\/wordpress\/wp-content\/uploads\/2023\/03\/20230309_103538-01-1152x1536.jpeg 1152w, https:\/\/www.caths.cz\/wordpress\/wp-content\/uploads\/2023\/03\/20230309_103538-01-1536x2048.jpeg 1536w, https:\/\/www.caths.cz\/wordpress\/wp-content\/uploads\/2023\/03\/20230309_103538-01-90x120.jpeg 90w, https:\/\/www.caths.cz\/wordpress\/wp-content\/uploads\/2023\/03\/20230309_103538-01-scaled.jpeg 1920w\" sizes=\"auto, (max-width: 768px) 100vw, 768px\" \/><\/figure>\n\n\n\n<figure class=\"wp-block-image size-large\"><img loading=\"lazy\" decoding=\"async\" width=\"768\" height=\"1024\" src=\"https:\/\/www.caths.cz\/wordpress\/wp-content\/uploads\/2023\/03\/20230310_113531-768x1024.jpg\" alt=\"\" class=\"wp-image-30287\" srcset=\"https:\/\/www.caths.cz\/wordpress\/wp-content\/uploads\/2023\/03\/20230310_113531-768x1024.jpg 768w, https:\/\/www.caths.cz\/wordpress\/wp-content\/uploads\/2023\/03\/20230310_113531-225x300.jpg 225w, https:\/\/www.caths.cz\/wordpress\/wp-content\/uploads\/2023\/03\/20230310_113531-1152x1536.jpg 1152w, https:\/\/www.caths.cz\/wordpress\/wp-content\/uploads\/2023\/03\/20230310_113531-1536x2048.jpg 1536w, https:\/\/www.caths.cz\/wordpress\/wp-content\/uploads\/2023\/03\/20230310_113531-90x120.jpg 90w, https:\/\/www.caths.cz\/wordpress\/wp-content\/uploads\/2023\/03\/20230310_113531-scaled.jpg 1920w\" sizes=\"auto, (max-width: 768px) 100vw, 768px\" \/><\/figure>\n\n\n\n<figure class=\"wp-block-image size-large\"><img loading=\"lazy\" decoding=\"async\" width=\"768\" height=\"1024\" src=\"https:\/\/www.caths.cz\/wordpress\/wp-content\/uploads\/2023\/03\/20230310_120817-768x1024.jpg\" alt=\"\" class=\"wp-image-30288\" srcset=\"https:\/\/www.caths.cz\/wordpress\/wp-content\/uploads\/2023\/03\/20230310_120817-768x1024.jpg 768w, https:\/\/www.caths.cz\/wordpress\/wp-content\/uploads\/2023\/03\/20230310_120817-225x300.jpg 225w, https:\/\/www.caths.cz\/wordpress\/wp-content\/uploads\/2023\/03\/20230310_120817-1152x1536.jpg 1152w, https:\/\/www.caths.cz\/wordpress\/wp-content\/uploads\/2023\/03\/20230310_120817-1536x2048.jpg 1536w, https:\/\/www.caths.cz\/wordpress\/wp-content\/uploads\/2023\/03\/20230310_120817-90x120.jpg 90w, https:\/\/www.caths.cz\/wordpress\/wp-content\/uploads\/2023\/03\/20230310_120817-scaled.jpg 1920w\" sizes=\"auto, (max-width: 768px) 100vw, 768px\" \/><\/figure>\n\n\n\n<figure class=\"wp-block-image size-large\"><img loading=\"lazy\" decoding=\"async\" width=\"768\" height=\"1024\" src=\"https:\/\/www.caths.cz\/wordpress\/wp-content\/uploads\/2023\/03\/20230310_182333-768x1024.jpg\" alt=\"\" class=\"wp-image-30289\" srcset=\"https:\/\/www.caths.cz\/wordpress\/wp-content\/uploads\/2023\/03\/20230310_182333-768x1024.jpg 768w, https:\/\/www.caths.cz\/wordpress\/wp-content\/uploads\/2023\/03\/20230310_182333-225x300.jpg 225w, https:\/\/www.caths.cz\/wordpress\/wp-content\/uploads\/2023\/03\/20230310_182333-1152x1536.jpg 1152w, https:\/\/www.caths.cz\/wordpress\/wp-content\/uploads\/2023\/03\/20230310_182333-1536x2048.jpg 1536w, https:\/\/www.caths.cz\/wordpress\/wp-content\/uploads\/2023\/03\/20230310_182333-90x120.jpg 90w, https:\/\/www.caths.cz\/wordpress\/wp-content\/uploads\/2023\/03\/20230310_182333-scaled.jpg 1920w\" sizes=\"auto, (max-width: 768px) 100vw, 768px\" \/><\/figure>\n\n\n\n<figure class=\"wp-block-image size-large\"><img loading=\"lazy\" decoding=\"async\" width=\"768\" height=\"1024\" src=\"https:\/\/www.caths.cz\/wordpress\/wp-content\/uploads\/2023\/03\/20230310_190310-768x1024.jpg\" alt=\"\" class=\"wp-image-30290\" srcset=\"https:\/\/www.caths.cz\/wordpress\/wp-content\/uploads\/2023\/03\/20230310_190310-768x1024.jpg 768w, https:\/\/www.caths.cz\/wordpress\/wp-content\/uploads\/2023\/03\/20230310_190310-225x300.jpg 225w, https:\/\/www.caths.cz\/wordpress\/wp-content\/uploads\/2023\/03\/20230310_190310-1152x1536.jpg 1152w, https:\/\/www.caths.cz\/wordpress\/wp-content\/uploads\/2023\/03\/20230310_190310-1536x2048.jpg 1536w, https:\/\/www.caths.cz\/wordpress\/wp-content\/uploads\/2023\/03\/20230310_190310-90x120.jpg 90w, https:\/\/www.caths.cz\/wordpress\/wp-content\/uploads\/2023\/03\/20230310_190310-scaled.jpg 1920w\" sizes=\"auto, (max-width: 768px) 100vw, 768px\" \/><\/figure>\n\n\n\n<figure class=\"wp-block-image size-large\"><img loading=\"lazy\" decoding=\"async\" width=\"768\" height=\"1024\" src=\"https:\/\/www.caths.cz\/wordpress\/wp-content\/uploads\/2023\/03\/20230311_110427-01-768x1024.jpeg\" alt=\"\" class=\"wp-image-30291\" srcset=\"https:\/\/www.caths.cz\/wordpress\/wp-content\/uploads\/2023\/03\/20230311_110427-01-768x1024.jpeg 768w, https:\/\/www.caths.cz\/wordpress\/wp-content\/uploads\/2023\/03\/20230311_110427-01-225x300.jpeg 225w, https:\/\/www.caths.cz\/wordpress\/wp-content\/uploads\/2023\/03\/20230311_110427-01-1152x1536.jpeg 1152w, https:\/\/www.caths.cz\/wordpress\/wp-content\/uploads\/2023\/03\/20230311_110427-01-1536x2048.jpeg 1536w, https:\/\/www.caths.cz\/wordpress\/wp-content\/uploads\/2023\/03\/20230311_110427-01-90x120.jpeg 90w, https:\/\/www.caths.cz\/wordpress\/wp-content\/uploads\/2023\/03\/20230311_110427-01-scaled.jpeg 1920w\" sizes=\"auto, (max-width: 768px) 100vw, 768px\" \/><\/figure>\n\n\n\n<figure class=\"wp-block-image size-large\"><img loading=\"lazy\" decoding=\"async\" width=\"768\" height=\"1024\" src=\"https:\/\/www.caths.cz\/wordpress\/wp-content\/uploads\/2023\/03\/20230311_183935-768x1024.jpg\" alt=\"\" class=\"wp-image-30292\" srcset=\"https:\/\/www.caths.cz\/wordpress\/wp-content\/uploads\/2023\/03\/20230311_183935-768x1024.jpg 768w, https:\/\/www.caths.cz\/wordpress\/wp-content\/uploads\/2023\/03\/20230311_183935-225x300.jpg 225w, https:\/\/www.caths.cz\/wordpress\/wp-content\/uploads\/2023\/03\/20230311_183935-1152x1536.jpg 1152w, https:\/\/www.caths.cz\/wordpress\/wp-content\/uploads\/2023\/03\/20230311_183935-1536x2048.jpg 1536w, https:\/\/www.caths.cz\/wordpress\/wp-content\/uploads\/2023\/03\/20230311_183935-90x120.jpg 90w, https:\/\/www.caths.cz\/wordpress\/wp-content\/uploads\/2023\/03\/20230311_183935-scaled.jpg 1920w\" sizes=\"auto, (max-width: 768px) 100vw, 768px\" \/><\/figure>\n\n\n\n<figure class=\"wp-block-image size-large\"><img loading=\"lazy\" decoding=\"async\" width=\"1024\" height=\"705\" src=\"https:\/\/www.caths.cz\/wordpress\/wp-content\/uploads\/2023\/03\/FB_IMG_1678426412579-1024x705.jpg\" alt=\"\" class=\"wp-image-30293\" srcset=\"https:\/\/www.caths.cz\/wordpress\/wp-content\/uploads\/2023\/03\/FB_IMG_1678426412579-1024x705.jpg 1024w, https:\/\/www.caths.cz\/wordpress\/wp-content\/uploads\/2023\/03\/FB_IMG_1678426412579-300x207.jpg 300w, https:\/\/www.caths.cz\/wordpress\/wp-content\/uploads\/2023\/03\/FB_IMG_1678426412579-768x529.jpg 768w, https:\/\/www.caths.cz\/wordpress\/wp-content\/uploads\/2023\/03\/FB_IMG_1678426412579-120x83.jpg 120w, https:\/\/www.caths.cz\/wordpress\/wp-content\/uploads\/2023\/03\/FB_IMG_1678426412579.jpg 1080w\" sizes=\"auto, (max-width: 1024px) 100vw, 1024px\" \/><\/figure>\n\n\n\n<figure class=\"wp-block-image size-large\"><img loading=\"lazy\" decoding=\"async\" width=\"717\" height=\"1024\" src=\"https:\/\/www.caths.cz\/wordpress\/wp-content\/uploads\/2023\/03\/FB_IMG_1678426531554-717x1024.jpg\" alt=\"\" class=\"wp-image-30294\" srcset=\"https:\/\/www.caths.cz\/wordpress\/wp-content\/uploads\/2023\/03\/FB_IMG_1678426531554-717x1024.jpg 717w, https:\/\/www.caths.cz\/wordpress\/wp-content\/uploads\/2023\/03\/FB_IMG_1678426531554-210x300.jpg 210w, https:\/\/www.caths.cz\/wordpress\/wp-content\/uploads\/2023\/03\/FB_IMG_1678426531554-768x1097.jpg 768w, https:\/\/www.caths.cz\/wordpress\/wp-content\/uploads\/2023\/03\/FB_IMG_1678426531554-1076x1536.jpg 1076w, https:\/\/www.caths.cz\/wordpress\/wp-content\/uploads\/2023\/03\/FB_IMG_1678426531554-84x120.jpg 84w, https:\/\/www.caths.cz\/wordpress\/wp-content\/uploads\/2023\/03\/FB_IMG_1678426531554.jpg 1080w\" sizes=\"auto, (max-width: 717px) 100vw, 717px\" \/><\/figure>\n\n\n\n<figure class=\"wp-block-image size-large\"><img loading=\"lazy\" decoding=\"async\" width=\"1024\" height=\"576\" src=\"https:\/\/www.caths.cz\/wordpress\/wp-content\/uploads\/2023\/03\/IMG-20230312-WA0035-1024x576.jpg\" alt=\"\" class=\"wp-image-30295\" srcset=\"https:\/\/www.caths.cz\/wordpress\/wp-content\/uploads\/2023\/03\/IMG-20230312-WA0035-1024x576.jpg 1024w, https:\/\/www.caths.cz\/wordpress\/wp-content\/uploads\/2023\/03\/IMG-20230312-WA0035-300x169.jpg 300w, https:\/\/www.caths.cz\/wordpress\/wp-content\/uploads\/2023\/03\/IMG-20230312-WA0035-768x432.jpg 768w, https:\/\/www.caths.cz\/wordpress\/wp-content\/uploads\/2023\/03\/IMG-20230312-WA0035-1536x864.jpg 1536w, https:\/\/www.caths.cz\/wordpress\/wp-content\/uploads\/2023\/03\/IMG-20230312-WA0035-120x68.jpg 120w, https:\/\/www.caths.cz\/wordpress\/wp-content\/uploads\/2023\/03\/IMG-20230312-WA0035.jpg 2040w\" sizes=\"auto, (max-width: 1024px) 100vw, 1024px\" \/><\/figure>\n","protected":false},"excerpt":{"rendered":"<a href=\"https:\/\/www.caths.cz\/wordpress\/uspechy-nasich-atletu-na-grand-prix-v-marakesi-neuveritelnych-17-medaili\/\"><img width=\"100\" height=\"100\" src=\"https:\/\/www.caths.cz\/wordpress\/wp-content\/uploads\/2023\/03\/FB_IMG_1678426531554-100x100.jpg\" class=\"alignleft tfe wp-post-image\" alt=\"\" decoding=\"async\" loading=\"lazy\" srcset=\"https:\/\/www.caths.cz\/wordpress\/wp-content\/uploads\/2023\/03\/FB_IMG_1678426531554-100x100.jpg 100w, https:\/\/www.caths.cz\/wordpress\/wp-content\/uploads\/2023\/03\/FB_IMG_1678426531554-150x150.jpg 150w\" sizes=\"auto, (max-width: 100px) 100vw, 100px\" \/><\/a><p>Ve dnech 9.-11.3.2023 se v Marrakechi konal ji\u017e druh\u00fd ro\u010dn\u00edk Grand Prix 2023. V siln\u00e9 konkurenci 40 st\u00e1t\u016f a 400 sportovc\u016f se neztratilo ani na\u0161ich 14 reprezentant\u016f. Ti dok\u00e1zali vybojovat [&hellip;]<\/p>\n","protected":false},"author":1,"featured_media":30294,"comment_status":"closed","ping_status":"closed","sticky":false,"template":"","format":"standard","meta":{"ngg_post_thumbnail":0,"footnotes":""},"categories":[5],"tags":[],"class_list":["post-30285","post","type-post","status-publish","format-standard","has-post-thumbnail","hentry","category-atletika"],"_links":{"self":[{"href":"https:\/\/www.caths.cz\/wordpress\/wp-json\/wp\/v2\/posts\/30285","targetHints":{"allow":["GET"]}}],"collection":[{"href":"https:\/\/www.caths.cz\/wordpress\/wp-json\/wp\/v2\/posts"}],"about":[{"href":"https:\/\/www.caths.cz\/wordpress\/wp-json\/wp\/v2\/types\/post"}],"author":[{"embeddable":true,"href":"https:\/\/www.caths.cz\/wordpress\/wp-json\/wp\/v2\/users\/1"}],"replies":[{"embeddable":true,"href":"https:\/\/www.caths.cz\/wordpress\/wp-json\/wp\/v2\/comments?post=30285"}],"version-history":[{"count":1,"href":"https:\/\/www.caths.cz\/wordpress\/wp-json\/wp\/v2\/posts\/30285\/revisions"}],"predecessor-version":[{"id":30296,"href":"https:\/\/www.caths.cz\/wordpress\/wp-json\/wp\/v2\/posts\/30285\/revisions\/30296"}],"wp:featuredmedia":[{"embeddable":true,"href":"https:\/\/www.caths.cz\/wordpress\/wp-json\/wp\/v2\/media\/30294"}],"wp:attachment":[{"href":"https:\/\/www.caths.cz\/wordpress\/wp-json\/wp\/v2\/media?parent=30285"}],"wp:term":[{"taxonomy":"category","embeddable":true,"href":"https:\/\/www.caths.cz\/wordpress\/wp-json\/wp\/v2\/categories?post=30285"},{"taxonomy":"post_tag","embeddable":true,"href":"https:\/\/www.caths.cz\/wordpress\/wp-json\/wp\/v2\/tags?post=30285"}],"curies":[{"name":"wp","href":"https:\/\/api.w.org\/{rel}","templated":true}]}}