{"id":30281,"date":"2023-03-13T12:30:15","date_gmt":"2023-03-13T11:30:15","guid":{"rendered":"https:\/\/www.caths.cz\/wordpress\/?p=30281"},"modified":"2023-03-13T13:28:43","modified_gmt":"2023-03-13T12:28:43","slug":"propozice-ceskeho-poharu-ve-strelbe-tp-pro-rok-2023","status":"publish","type":"post","link":"https:\/\/www.caths.cz\/wordpress\/propozice-ceskeho-poharu-ve-strelbe-tp-pro-rok-2023\/","title":{"rendered":"Propozice \u010cesk\u00e9ho poh\u00e1ru ve st\u0159elb\u011b TP pro rok 2023!"},"content":{"rendered":"\n<p>S pot\u011b\u0161en\u00edm zve\u0159ej\u0148ujeme propozice \u010cesk\u00e9ho poh\u00e1ru t\u011blesn\u011b posti\u017een\u00fdch st\u0159elc\u016f pro rok 2023 v kategori\u00edch P1 a P3!<\/p>\n\n\n\n<br>\n\n\n\n<p>Z\u00e1vody se uskute\u010dn\u00ed v\u017edy na st\u0159elnici v Olomouci.<\/p>\n\n\n\n<br>\n\n\n\n<div class=\"wp-block-file\"><a href=\"https:\/\/www.caths.cz\/wordpress\/wp-content\/uploads\/2023\/03\/Propozice-\u010cesk\u00fd-poh\u00e1r-TP-2023-P1-P3.pdf\"><strong>Propozice ke sta\u017een\u00ed ZDE:<\/strong><\/a><a href=\"https:\/\/www.caths.cz\/wordpress\/wp-content\/uploads\/2023\/03\/Propozice-\u010cesk\u00fd-poh\u00e1r-TP-2023-P1-P3.pdf\" class=\"wp-block-file__button\" download>St\u00e1hnout<\/a><\/div>\n\n\n\n<br>\n\n\n\n<p>Kontakt: Vladim\u00edr Mar\u010dan (<a href=\"mailto:v.marcan@email.cz\">v.marcan@email.cz<\/a>)<\/p>\n\n\n\n<br>\n\n\n\n<figure class=\"wp-block-image size-large\"><img loading=\"lazy\" decoding=\"async\" width=\"1024\" height=\"683\" src=\"https:\/\/www.caths.cz\/wordpress\/wp-content\/uploads\/2023\/03\/\u010cP-Olomouc-P1-1024x683.jpg\" alt=\"\" class=\"wp-image-30297\" srcset=\"https:\/\/www.caths.cz\/wordpress\/wp-content\/uploads\/2023\/03\/\u010cP-Olomouc-P1-1024x683.jpg 1024w, https:\/\/www.caths.cz\/wordpress\/wp-content\/uploads\/2023\/03\/\u010cP-Olomouc-P1-300x200.jpg 300w, https:\/\/www.caths.cz\/wordpress\/wp-content\/uploads\/2023\/03\/\u010cP-Olomouc-P1-768x512.jpg 768w, https:\/\/www.caths.cz\/wordpress\/wp-content\/uploads\/2023\/03\/\u010cP-Olomouc-P1-1536x1024.jpg 1536w, https:\/\/www.caths.cz\/wordpress\/wp-content\/uploads\/2023\/03\/\u010cP-Olomouc-P1-2048x1365.jpg 2048w, https:\/\/www.caths.cz\/wordpress\/wp-content\/uploads\/2023\/03\/\u010cP-Olomouc-P1-120x80.jpg 120w\" sizes=\"auto, (max-width: 1024px) 100vw, 1024px\" \/><figcaption><em>Foto (zdroj: Vladim\u00edr Mar\u010dan)<\/em><\/figcaption><\/figure>\n\n\n\n<figure class=\"wp-block-image size-large\"><img loading=\"lazy\" decoding=\"async\" width=\"1024\" height=\"683\" src=\"https:\/\/www.caths.cz\/wordpress\/wp-content\/uploads\/2023\/03\/DSC_0067-1024x683.jpg\" alt=\"\" class=\"wp-image-30298\" srcset=\"https:\/\/www.caths.cz\/wordpress\/wp-content\/uploads\/2023\/03\/DSC_0067-1024x683.jpg 1024w, https:\/\/www.caths.cz\/wordpress\/wp-content\/uploads\/2023\/03\/DSC_0067-300x200.jpg 300w, https:\/\/www.caths.cz\/wordpress\/wp-content\/uploads\/2023\/03\/DSC_0067-768x512.jpg 768w, https:\/\/www.caths.cz\/wordpress\/wp-content\/uploads\/2023\/03\/DSC_0067-1536x1024.jpg 1536w, https:\/\/www.caths.cz\/wordpress\/wp-content\/uploads\/2023\/03\/DSC_0067-2048x1365.jpg 2048w, https:\/\/www.caths.cz\/wordpress\/wp-content\/uploads\/2023\/03\/DSC_0067-120x80.jpg 120w\" sizes=\"auto, (max-width: 1024px) 100vw, 1024px\" \/><figcaption><em>Foto (zdroj: Vladim\u00edr Mar\u010dan)<\/em><\/figcaption><\/figure>\n\n\n\n<p><\/p>\n","protected":false},"excerpt":{"rendered":"<a href=\"https:\/\/www.caths.cz\/wordpress\/propozice-ceskeho-poharu-ve-strelbe-tp-pro-rok-2023\/\"><img width=\"100\" height=\"100\" src=\"https:\/\/www.caths.cz\/wordpress\/wp-content\/uploads\/2023\/03\/DSC_0067-100x100.jpg\" class=\"alignleft tfe wp-post-image\" alt=\"\" decoding=\"async\" loading=\"lazy\" srcset=\"https:\/\/www.caths.cz\/wordpress\/wp-content\/uploads\/2023\/03\/DSC_0067-100x100.jpg 100w, https:\/\/www.caths.cz\/wordpress\/wp-content\/uploads\/2023\/03\/DSC_0067-150x150.jpg 150w\" sizes=\"auto, (max-width: 100px) 100vw, 100px\" \/><\/a><p>S pot\u011b\u0161en\u00edm zve\u0159ej\u0148ujeme propozice \u010cesk\u00e9ho poh\u00e1ru t\u011blesn\u011b posti\u017een\u00fdch st\u0159elc\u016f pro rok 2023 v kategori\u00edch P1 a P3! Z\u00e1vody se uskute\u010dn\u00ed v\u017edy na st\u0159elnici v Olomouci. Kontakt: Vladim\u00edr Mar\u010dan (v.marcan@email.cz)<\/p>\n","protected":false},"author":1,"featured_media":30298,"comment_status":"closed","ping_status":"closed","sticky":false,"template":"","format":"standard","meta":{"ngg_post_thumbnail":0,"footnotes":""},"categories":[18],"tags":[],"class_list":["post-30281","post","type-post","status-publish","format-standard","has-post-thumbnail","hentry","category-strelba"],"_links":{"self":[{"href":"https:\/\/www.caths.cz\/wordpress\/wp-json\/wp\/v2\/posts\/30281","targetHints":{"allow":["GET"]}}],"collection":[{"href":"https:\/\/www.caths.cz\/wordpress\/wp-json\/wp\/v2\/posts"}],"about":[{"href":"https:\/\/www.caths.cz\/wordpress\/wp-json\/wp\/v2\/types\/post"}],"author":[{"embeddable":true,"href":"https:\/\/www.caths.cz\/wordpress\/wp-json\/wp\/v2\/users\/1"}],"replies":[{"embeddable":true,"href":"https:\/\/www.caths.cz\/wordpress\/wp-json\/wp\/v2\/comments?post=30281"}],"version-history":[{"count":2,"href":"https:\/\/www.caths.cz\/wordpress\/wp-json\/wp\/v2\/posts\/30281\/revisions"}],"predecessor-version":[{"id":30299,"href":"https:\/\/www.caths.cz\/wordpress\/wp-json\/wp\/v2\/posts\/30281\/revisions\/30299"}],"wp:featuredmedia":[{"embeddable":true,"href":"https:\/\/www.caths.cz\/wordpress\/wp-json\/wp\/v2\/media\/30298"}],"wp:attachment":[{"href":"https:\/\/www.caths.cz\/wordpress\/wp-json\/wp\/v2\/media?parent=30281"}],"wp:term":[{"taxonomy":"category","embeddable":true,"href":"https:\/\/www.caths.cz\/wordpress\/wp-json\/wp\/v2\/categories?post=30281"},{"taxonomy":"post_tag","embeddable":true,"href":"https:\/\/www.caths.cz\/wordpress\/wp-json\/wp\/v2\/tags?post=30281"}],"curies":[{"name":"wp","href":"https:\/\/api.w.org\/{rel}","templated":true}]}}