{"id":30266,"date":"2023-03-08T11:38:13","date_gmt":"2023-03-08T10:38:13","guid":{"rendered":"https:\/\/www.caths.cz\/wordpress\/?p=30266"},"modified":"2023-03-08T11:41:01","modified_gmt":"2023-03-08T10:41:01","slug":"zitra-zacina-atletum-dalsi-grand-prix-prestizni-serial-zavita-do-maroka","status":"publish","type":"post","link":"https:\/\/www.caths.cz\/wordpress\/zitra-zacina-atletum-dalsi-grand-prix-prestizni-serial-zavita-do-maroka\/","title":{"rendered":"Z\u00edtra za\u010d\u00edn\u00e1 atlet\u016fm dal\u0161\u00ed Grand Prix. Presti\u017en\u00ed seri\u00e1l zav\u00edt\u00e1 do Maroka!"},"content":{"rendered":"\n<p>Ve dnech 9.-11.3.2023 se uskute\u010dn\u00ed dal\u0161\u00ed z\u00e1vod ze s\u00e9rie Grand Prix. Tyto presti\u017en\u00ed z\u00e1vody, kter\u00e9 jsou paralelou Sv\u011btov\u00e9ho poh\u00e1ru, se odehraj\u00ed ve m\u011bst\u011b Marak\u00e9\u0161, ve vnitrozem\u00ed Maroka.<\/p>\n\n\n\n<br>\n\n\n\n<p>Oproti GP v  Dubaji bude m\u00edt \u010cesk\u00e1 paraatletick\u00e1 reprezentace zna\u010dn\u011b pest\u0159ej\u0161\u00ed slo\u017een\u00ed. Ani\u010dka Luxov\u00e1 a Jarda Petrou\u0161 se p\u0159esunuli p\u0159\u00edmo z Dubaje ji\u017e v\u010dera. Dnes v brzk\u00fdch rann\u00edch hodin\u00e1ch dorazila \u010d\u00e1st reprezentace z Prahy. Spole\u010dn\u011b s medailistou z LPH v Tokiu 2021 &#8211; Ale\u0161em Kis\u00fdm &#8211; p\u0159icestovali na sever Afriky: Martin Kukla, Michal Vimmer, Martin Adam\u010d\u00edk, Marek Douda, Martin Dvo\u0159\u00e1k a Ondra Barto\u0161ek. \u010c\u00e1st reprezentace se do Marak\u00e9\u0161e dnes p\u0159esouv\u00e1 z Agadiru, kde pod veden\u00edm tren\u00e9rky a z\u00e1rove\u0148 vedouc\u00ed v\u00fdpravy &#8211; Anety Inochovsk\u00e9, absolvovali soust\u0159ed\u011bn\u00ed zam\u011b\u0159en\u00e9 pr\u00e1v\u011b na tyto z\u00e1vody. Z t\u00e9to skupiny se na Grand Prix v Maroku chystaj\u00ed: Luk\u00e1\u0161 Hirka, Jan Majo, Jarda Bro\u017e, Jarda Teichmann a Mirka Obrov\u00e1.<\/p>\n\n\n\n<br>\n\n\n\n<p>Celkem 14 sportovc\u016f se tedy od z\u00edt\u0159ka bude rv\u00e1t o cenn\u00e9 kovy. Dr\u017eme na\u0161im borkyn\u00edm a borc\u016fm palce!<\/p>\n\n\n\n<br>\n\n\n\n<p>Informace o startech a v\u00fdsledc\u00edch V\u00e1m budeme pr\u016fb\u011b\u017en\u011b p\u0159in\u00e1\u0161et.<\/p>\n\n\n\n<br>\n\n\n\n<p><em>Foto (zdroj: osobn\u00ed galerie sportovc\u016f)<\/em><\/p>\n\n\n\n<figure class=\"wp-block-image size-large\"><img loading=\"lazy\" decoding=\"async\" width=\"1024\" height=\"768\" src=\"https:\/\/www.caths.cz\/wordpress\/wp-content\/uploads\/2023\/03\/WhatsApp-Image-2023-03-08-at-06.47.44-1024x768.jpeg\" alt=\"\" class=\"wp-image-30267\" srcset=\"https:\/\/www.caths.cz\/wordpress\/wp-content\/uploads\/2023\/03\/WhatsApp-Image-2023-03-08-at-06.47.44-1024x768.jpeg 1024w, https:\/\/www.caths.cz\/wordpress\/wp-content\/uploads\/2023\/03\/WhatsApp-Image-2023-03-08-at-06.47.44-300x225.jpeg 300w, https:\/\/www.caths.cz\/wordpress\/wp-content\/uploads\/2023\/03\/WhatsApp-Image-2023-03-08-at-06.47.44-768x576.jpeg 768w, https:\/\/www.caths.cz\/wordpress\/wp-content\/uploads\/2023\/03\/WhatsApp-Image-2023-03-08-at-06.47.44-1536x1152.jpeg 1536w, https:\/\/www.caths.cz\/wordpress\/wp-content\/uploads\/2023\/03\/WhatsApp-Image-2023-03-08-at-06.47.44-120x90.jpeg 120w, https:\/\/www.caths.cz\/wordpress\/wp-content\/uploads\/2023\/03\/WhatsApp-Image-2023-03-08-at-06.47.44.jpeg 1600w\" sizes=\"auto, (max-width: 1024px) 100vw, 1024px\" \/><\/figure>\n","protected":false},"excerpt":{"rendered":"<a href=\"https:\/\/www.caths.cz\/wordpress\/zitra-zacina-atletum-dalsi-grand-prix-prestizni-serial-zavita-do-maroka\/\"><img width=\"100\" height=\"100\" src=\"https:\/\/www.caths.cz\/wordpress\/wp-content\/uploads\/2023\/03\/WhatsApp-Image-2023-03-08-at-06.47.44-100x100.jpeg\" class=\"alignleft tfe wp-post-image\" alt=\"\" decoding=\"async\" loading=\"lazy\" srcset=\"https:\/\/www.caths.cz\/wordpress\/wp-content\/uploads\/2023\/03\/WhatsApp-Image-2023-03-08-at-06.47.44-100x100.jpeg 100w, https:\/\/www.caths.cz\/wordpress\/wp-content\/uploads\/2023\/03\/WhatsApp-Image-2023-03-08-at-06.47.44-150x150.jpeg 150w\" sizes=\"auto, (max-width: 100px) 100vw, 100px\" \/><\/a><p>Ve dnech 9.-11.3.2023 se uskute\u010dn\u00ed dal\u0161\u00ed z\u00e1vod ze s\u00e9rie Grand Prix. Tyto presti\u017en\u00ed z\u00e1vody, kter\u00e9 jsou paralelou Sv\u011btov\u00e9ho poh\u00e1ru, se odehraj\u00ed ve m\u011bst\u011b Marak\u00e9\u0161, ve vnitrozem\u00ed Maroka. Oproti GP v [&hellip;]<\/p>\n","protected":false},"author":1,"featured_media":30267,"comment_status":"closed","ping_status":"closed","sticky":false,"template":"","format":"standard","meta":{"ngg_post_thumbnail":0,"footnotes":""},"categories":[5],"tags":[],"class_list":["post-30266","post","type-post","status-publish","format-standard","has-post-thumbnail","hentry","category-atletika"],"_links":{"self":[{"href":"https:\/\/www.caths.cz\/wordpress\/wp-json\/wp\/v2\/posts\/30266","targetHints":{"allow":["GET"]}}],"collection":[{"href":"https:\/\/www.caths.cz\/wordpress\/wp-json\/wp\/v2\/posts"}],"about":[{"href":"https:\/\/www.caths.cz\/wordpress\/wp-json\/wp\/v2\/types\/post"}],"author":[{"embeddable":true,"href":"https:\/\/www.caths.cz\/wordpress\/wp-json\/wp\/v2\/users\/1"}],"replies":[{"embeddable":true,"href":"https:\/\/www.caths.cz\/wordpress\/wp-json\/wp\/v2\/comments?post=30266"}],"version-history":[{"count":4,"href":"https:\/\/www.caths.cz\/wordpress\/wp-json\/wp\/v2\/posts\/30266\/revisions"}],"predecessor-version":[{"id":30271,"href":"https:\/\/www.caths.cz\/wordpress\/wp-json\/wp\/v2\/posts\/30266\/revisions\/30271"}],"wp:featuredmedia":[{"embeddable":true,"href":"https:\/\/www.caths.cz\/wordpress\/wp-json\/wp\/v2\/media\/30267"}],"wp:attachment":[{"href":"https:\/\/www.caths.cz\/wordpress\/wp-json\/wp\/v2\/media?parent=30266"}],"wp:term":[{"taxonomy":"category","embeddable":true,"href":"https:\/\/www.caths.cz\/wordpress\/wp-json\/wp\/v2\/categories?post=30266"},{"taxonomy":"post_tag","embeddable":true,"href":"https:\/\/www.caths.cz\/wordpress\/wp-json\/wp\/v2\/tags?post=30266"}],"curies":[{"name":"wp","href":"https:\/\/api.w.org\/{rel}","templated":true}]}}