{"id":29569,"date":"2021-09-29T15:11:14","date_gmt":"2021-09-29T14:11:14","guid":{"rendered":"https:\/\/www.caths.cz\/wordpress\/?p=29569"},"modified":"2022-01-19T16:14:00","modified_gmt":"2022-01-19T15:14:00","slug":"hodnoceni-29-mcr-v-tennise-standing-v-praze","status":"publish","type":"post","link":"https:\/\/www.caths.cz\/wordpress\/hodnoceni-29-mcr-v-tennise-standing-v-praze\/","title":{"rendered":"V Praze se uskute\u010dnilo 29. M\u010cR v tenise stoj\u00edc\u00edch!"},"content":{"rendered":"\n<p>\u00a025. z\u00e1\u0159\u00ed 2021 se v\u00a0Praze odehr\u00e1lo 29. mistrovstv\u00ed \u010cesk\u00e9 republiky 2021 v tenise stoj\u00edc\u00edch t\u011blesn\u011b posti\u017een\u00fdch sportovc\u016f.<\/p>\n\n\n\n<br>\n\n\n\n<p>Na tenisov\u00fdch kurtech TC SPO\u0158ILOV:&nbsp; U Michelsk\u00e9ho lesa 261, Praha 4, se se\u0161lo 20 \u00fa\u010dastn\u00edk\u016f turnaje rozd\u011blen\u00fdch podle posti\u017een\u00ed do 3 skupin.<\/p>\n\n\n\n<br>\n\n\n\n<p>&nbsp;LT1 &#8211; posti\u017een\u00ed horn\u00ed poloviny t\u011bla a lehk\u00e9 posti\u017een\u00ed doln\u00edch kon\u010detin. LT2 &#8211; posti\u017een\u00ed doln\u00edch kon\u010detin<\/p>\n\n\n\n<br>\n\n\n\n<p>do podkolen\u00ed prot\u00e9zy a srovnateln\u00e9. LT3 &#8211; posti\u017een\u00ed doln\u00edch kon\u010detin do nadkolenn\u00ed prot\u00e9zy a srovnateln\u00e9. Ka\u017ed\u00e1 skupina se hr\u00e1la samostatn\u011b formou tabulky, to jest ka\u017ed\u00fd s&nbsp;ka\u017ed\u00fdm.<\/p>\n\n\n\n<br>\n\n\n\n<p>U \u010dty\u0159her byli do dvojic zapojeni hr\u00e1\u010di r\u016fzn\u00fdch skupin a hr\u00e1lo se op\u011bt formou tabulky.<\/p>\n\n\n\n<br>\n\n\n\n<p>I letos po\u010das\u00ed tenisu p\u0159\u00e1lo. Vydatn\u011b h\u0159\u00e1lo slun\u00ed\u010dko a bylo t\u00e9m\u011b\u0159 bezv\u011bt\u0159\u00ed, no prost\u011b par\u00e1da. &nbsp;&nbsp;&nbsp;<\/p>\n\n\n\n<p>Na kurtech byly \u010dasto k&nbsp;vid\u011bn\u00ed poda\u0159en\u00e9 v\u00fdm\u011bny, co\u017e ocenili i p\u0159\u00edchoz\u00ed div\u00e1ci, kte\u0159\u00ed mohli vid\u011bt i velmi vyrovnan\u00e9 a nap\u00ednav\u00e9 z\u00e1pasy, ve v\u0161ech z\u00fa\u010dastn\u011bn\u00fdch kategori\u00edch. &nbsp;<\/p>\n\n\n\n<br>\n\n\n\n<p>Den tak prob\u011bhl v&nbsp;pohodov\u00e9 atmosf\u00e9\u0159e za bezprobl\u00e9mov\u00e9 organizace cel\u00e9ho turnaje.<\/p>\n\n\n\n<br>\n\n\n\n<p>Ve\u010der se provedlo vyhodnocen\u00ed dvouher jednotliv\u00fdch skupin LT1,2,3 a \u010dty\u0159hry. &nbsp;D\u00e1le se zde prob\u00edraly nejen z\u00e1\u017eitky z&nbsp;pr\u00e1v\u011b prob\u00edhaj\u00edc\u00edho turnaje, ale tak\u00e9 se vzpom\u00ednalo na \u201elegend\u00e1rn\u00ed\u201c z\u00e1pasy z&nbsp;let minul\u00fdch a na hr\u00e1\u010de, kter\u00fdm u\u017e jejich zdravotn\u00ed stav nedovoluje hr\u00e1t tenis. I letos bohu\u017eel platilo, \u017ee hr\u00e1\u010di turnaje pomalu st\u00e1rnou a mlad\u00e1 krev nikde. I kdy\u017e jeden nov\u00fd hr\u00e1\u010d se p\u0159ihl\u00e1sil &nbsp;\u2013 Luk\u00e1\u0161 Maxa a hned z\u00edskal i dv\u011b medaile, ve sv\u00e9 kategorii LT 2 i ve spole\u010dn\u00e9 \u010dty\u0159h\u0159e. Jen v\u00edc takov\u00fdch hr\u00e1\u010d\u016f. &nbsp;Proto jsou v\u00edt\u00e1ni v\u0161ichni stoj\u00edc\u00ed t\u011blesn\u011b posti\u017een\u00ed, kte\u0159\u00ed maj\u00ed t\u0159eba i jen velmi malou zku\u0161enost s&nbsp;tenisem! Z\u00e1jemci se mohou hl\u00e1sit na emailech: <a href=\"mailto:honzikzara@seznam.cz\">honzikzara@seznam.cz<\/a>, <a href=\"mailto:tomas.kapras@seznam.cz\">tomas.kapras@seznam.cz<\/a>.&nbsp; &nbsp;&nbsp;&nbsp;&nbsp;<\/p>\n\n\n\n<br>\n\n\n\n<p>A ji\u017e se v\u0161ichni jist\u011b t\u011b\u0161\u00ed na jubilejn\u00ed 30. ro\u010dn\u00edk.<\/p>\n\n\n\n<br>\n\n\n\n<p>A jak tedy 29. M\u010cR v\u00a0tenise v\u00a0tennise standing v\u00a0Praze dopadlo?:\u00a0\u00a0<\/p>\n\n\n\n<br>\n\n\n\n<p><strong>Skupina LT1 : &nbsp;&nbsp;1. m\u00edsto&nbsp;&nbsp;&nbsp;&nbsp; L\u00edska&nbsp; Vladislav<\/strong><\/p>\n\n\n\n<p>\u00a0\u00a0\u00a0\u00a0\u00a0\u00a0\u00a0\u00a0\u00a0\u00a0\u00a0\u00a0\u00a0\u00a0\u00a0\u00a0\u00a0            <strong>2. m\u00edsto\u00a0\u00a0\u00a0\u00a0 P\u0159emysl Zitta<\/strong><\/p>\n\n\n\n<p><strong>\u00a0\u00a0\u00a0\u00a0\u00a0\u00a0\u00a0\u00a0\u00a0\u00a0\u00a0\u00a0\u00a0\u00a0\u00a0              3. m\u00edsto\u00a0\u00a0\u00a0\u00a0 Pavel Suda<\/strong><\/p>\n\n\n\n<br>\n\n\n\n<p><strong>Skupina LT2 :&nbsp;&nbsp; 1. m\u00edsto&nbsp;&nbsp;&nbsp;&nbsp; \u0160an\u00edk Lud\u011bk<\/strong><\/p>\n\n\n\n<p><strong>\u00a0\u00a0\u00a0\u00a0\u00a0\u00a0\u00a0\u00a0\u00a0 \u00a0\u00a0\u00a0\u00a0\u00a0\u00a0             2. m\u00edsto\u00a0\u00a0\u00a0\u00a0 Pulp\u00e1n David<\/strong><\/p>\n\n\n\n<p><strong>\u00a0\u00a0\u00a0\u00a0\u00a0\u00a0\u00a0 \u00a0\u00a0\u00a0\u00a0\u00a0\u00a0             \u00a0\u00a03. m\u00edsto\u00a0\u00a0\u00a0\u00a0 Luk\u00e1\u0161 Maxa<\/strong><\/p>\n\n\n\n<br>\n\n\n\n<p><strong>Skupina LT3 :&nbsp;&nbsp; 1. m\u00edsto&nbsp;&nbsp;&nbsp;&nbsp; Z\u00e1\u0159eck\u00fd&nbsp; Jan&nbsp;<\/strong><\/p>\n\n\n\n<p><strong>\u00a0\u00a0\u00a0\u00a0\u00a0\u00a0\u00a0\u00a0\u00a0\u00a0\u00a0            \u00a0\u00a0\u00a0\u00a0\u00a0\u00a02. m\u00edsto\u00a0\u00a0\u00a0\u00a0 Anton\u00edn\u00a0 Ji\u0159\u00ed\u00a0\u00a0\u00a0\u00a0\u00a0\u00a0\u00a0\u00a0<\/strong><\/p>\n\n\n\n<p>\u00a0\u00a0\u00a0\u00a0\u00a0\u00a0\u00a0\u00a0\u00a0\u00a0\u00a0\u00a0           \u00a0\u00a0\u00a0   <strong>3. m\u00edsto\u00a0\u00a0\u00a0\u00a0 Mikul\u00e1\u0161ek\u00a0 Miloslav<\/strong><\/p>\n\n\n\n<br>\n\n\n\n<p><strong>\u010cty\u0159hry LT1, LT2, LT3 :&nbsp;&nbsp; <\/strong><strong>1. m\u00edsto&nbsp;&nbsp;&nbsp;&nbsp; L\u00edska Vladislav \u2013 Lud\u011bk \u0160an\u00edk<\/strong><\/p>\n\n\n\n<p><strong>\u00a0\u00a0\u00a0\u00a0\u00a0\u00a0\u00a0\u00a0\u00a0\u00a0\u00a0 \u00a0                            \u00a0\u00a0\u00a0\u00a0\u00a02. m\u00edsto \u00a0\u00a0\u00a0\u00a0Pavel Suda \u2013 Luk\u00e1\u0161 Maxa<\/strong><\/p>\n\n\n\n<p><strong>\u00a0\u00a0\u00a0\u00a0\u00a0\u00a0\u00a0\u00a0\u00a0\u00a0\u00a0\u00a0                             \u00a0 \u00a0\u00a0\u00a03. m\u00edsto \u00a0\u00a0\u00a0\u00a0David Pulp\u00e1n \u2013 P\u0159emysl Zitta<\/strong><\/p>\n\n\n\n<br>\n\n\n\n<p><strong>Poh\u00e1r pro nejstar\u0161\u00edho \u00fa\u010dastn\u00edka 29. M\u010cR p\u0159evzal Jan Z\u00e1\u0159eck\u00fd. &nbsp;<\/strong><\/p>\n\n\n\n<br>\n\n\n\n<p>Text p\u0159ipravili a sepsali + foto: Tom\u00e1\u0161 Kapras\u00a0a Jan Z\u00e1\u0159eck\u00fd, v\u00a0Praze dne \u00a029.09.2021<\/p>\n\n\n\n<figure class=\"wp-block-gallery columns-3 is-cropped wp-block-gallery-1 is-layout-flex wp-block-gallery-is-layout-flex\"><ul class=\"blocks-gallery-grid\"><li class=\"blocks-gallery-item\"><figure><img loading=\"lazy\" decoding=\"async\" width=\"1000\" height=\"563\" src=\"https:\/\/www.caths.cz\/wordpress\/wp-content\/uploads\/2022\/01\/20210925_185244.jpg\" alt=\"\" data-id=\"29570\" data-link=\"https:\/\/www.caths.cz\/wordpress\/?attachment_id=29570#main\" class=\"wp-image-29570\" srcset=\"https:\/\/www.caths.cz\/wordpress\/wp-content\/uploads\/2022\/01\/20210925_185244.jpg 1000w, https:\/\/www.caths.cz\/wordpress\/wp-content\/uploads\/2022\/01\/20210925_185244-300x169.jpg 300w, https:\/\/www.caths.cz\/wordpress\/wp-content\/uploads\/2022\/01\/20210925_185244-768x432.jpg 768w, https:\/\/www.caths.cz\/wordpress\/wp-content\/uploads\/2022\/01\/20210925_185244-120x68.jpg 120w\" sizes=\"auto, (max-width: 1000px) 100vw, 1000px\" \/><\/figure><\/li><li class=\"blocks-gallery-item\"><figure><img loading=\"lazy\" decoding=\"async\" width=\"1000\" height=\"563\" src=\"https:\/\/www.caths.cz\/wordpress\/wp-content\/uploads\/2022\/01\/20210925_185733.jpg\" alt=\"\" data-id=\"29571\" data-link=\"https:\/\/www.caths.cz\/wordpress\/?attachment_id=29571#main\" class=\"wp-image-29571\" srcset=\"https:\/\/www.caths.cz\/wordpress\/wp-content\/uploads\/2022\/01\/20210925_185733.jpg 1000w, https:\/\/www.caths.cz\/wordpress\/wp-content\/uploads\/2022\/01\/20210925_185733-300x169.jpg 300w, https:\/\/www.caths.cz\/wordpress\/wp-content\/uploads\/2022\/01\/20210925_185733-768x432.jpg 768w, https:\/\/www.caths.cz\/wordpress\/wp-content\/uploads\/2022\/01\/20210925_185733-120x68.jpg 120w\" sizes=\"auto, (max-width: 1000px) 100vw, 1000px\" \/><\/figure><\/li><li class=\"blocks-gallery-item\"><figure><img loading=\"lazy\" decoding=\"async\" width=\"1000\" height=\"563\" src=\"https:\/\/www.caths.cz\/wordpress\/wp-content\/uploads\/2022\/01\/20210925_190022.jpg\" alt=\"\" data-id=\"29572\" data-link=\"https:\/\/www.caths.cz\/wordpress\/?attachment_id=29572#main\" class=\"wp-image-29572\" srcset=\"https:\/\/www.caths.cz\/wordpress\/wp-content\/uploads\/2022\/01\/20210925_190022.jpg 1000w, https:\/\/www.caths.cz\/wordpress\/wp-content\/uploads\/2022\/01\/20210925_190022-300x169.jpg 300w, https:\/\/www.caths.cz\/wordpress\/wp-content\/uploads\/2022\/01\/20210925_190022-768x432.jpg 768w, https:\/\/www.caths.cz\/wordpress\/wp-content\/uploads\/2022\/01\/20210925_190022-120x68.jpg 120w\" sizes=\"auto, (max-width: 1000px) 100vw, 1000px\" \/><\/figure><\/li><li class=\"blocks-gallery-item\"><figure><img loading=\"lazy\" decoding=\"async\" width=\"1000\" height=\"563\" src=\"https:\/\/www.caths.cz\/wordpress\/wp-content\/uploads\/2022\/01\/20210925_190211.jpg\" alt=\"\" data-id=\"29573\" data-link=\"https:\/\/www.caths.cz\/wordpress\/?attachment_id=29573#main\" class=\"wp-image-29573\" srcset=\"https:\/\/www.caths.cz\/wordpress\/wp-content\/uploads\/2022\/01\/20210925_190211.jpg 1000w, https:\/\/www.caths.cz\/wordpress\/wp-content\/uploads\/2022\/01\/20210925_190211-300x169.jpg 300w, https:\/\/www.caths.cz\/wordpress\/wp-content\/uploads\/2022\/01\/20210925_190211-768x432.jpg 768w, https:\/\/www.caths.cz\/wordpress\/wp-content\/uploads\/2022\/01\/20210925_190211-120x68.jpg 120w\" sizes=\"auto, (max-width: 1000px) 100vw, 1000px\" \/><\/figure><\/li><li class=\"blocks-gallery-item\"><figure><img loading=\"lazy\" decoding=\"async\" width=\"1000\" height=\"563\" src=\"https:\/\/www.caths.cz\/wordpress\/wp-content\/uploads\/2022\/01\/20210925_190525.jpg\" alt=\"\" data-id=\"29574\" data-link=\"https:\/\/www.caths.cz\/wordpress\/?attachment_id=29574#main\" class=\"wp-image-29574\" srcset=\"https:\/\/www.caths.cz\/wordpress\/wp-content\/uploads\/2022\/01\/20210925_190525.jpg 1000w, https:\/\/www.caths.cz\/wordpress\/wp-content\/uploads\/2022\/01\/20210925_190525-300x169.jpg 300w, https:\/\/www.caths.cz\/wordpress\/wp-content\/uploads\/2022\/01\/20210925_190525-768x432.jpg 768w, https:\/\/www.caths.cz\/wordpress\/wp-content\/uploads\/2022\/01\/20210925_190525-120x68.jpg 120w\" sizes=\"auto, (max-width: 1000px) 100vw, 1000px\" \/><\/figure><\/li><li class=\"blocks-gallery-item\"><figure><img loading=\"lazy\" decoding=\"async\" width=\"1024\" height=\"654\" src=\"https:\/\/www.caths.cz\/wordpress\/wp-content\/uploads\/2022\/01\/IMG-20211005-WA0001-1024x654.jpg\" alt=\"\" data-id=\"29575\" data-link=\"https:\/\/www.caths.cz\/wordpress\/?attachment_id=29575#main\" class=\"wp-image-29575\" srcset=\"https:\/\/www.caths.cz\/wordpress\/wp-content\/uploads\/2022\/01\/IMG-20211005-WA0001-1024x654.jpg 1024w, https:\/\/www.caths.cz\/wordpress\/wp-content\/uploads\/2022\/01\/IMG-20211005-WA0001-300x192.jpg 300w, https:\/\/www.caths.cz\/wordpress\/wp-content\/uploads\/2022\/01\/IMG-20211005-WA0001-768x491.jpg 768w, https:\/\/www.caths.cz\/wordpress\/wp-content\/uploads\/2022\/01\/IMG-20211005-WA0001-1536x981.jpg 1536w, https:\/\/www.caths.cz\/wordpress\/wp-content\/uploads\/2022\/01\/IMG-20211005-WA0001-120x77.jpg 120w, https:\/\/www.caths.cz\/wordpress\/wp-content\/uploads\/2022\/01\/IMG-20211005-WA0001.jpg 1600w\" sizes=\"auto, (max-width: 1024px) 100vw, 1024px\" \/><\/figure><\/li><li class=\"blocks-gallery-item\"><figure><img loading=\"lazy\" decoding=\"async\" width=\"1024\" height=\"576\" src=\"https:\/\/www.caths.cz\/wordpress\/wp-content\/uploads\/2022\/01\/IMG-20211005-WA0002-1024x576.jpg\" alt=\"\" data-id=\"29576\" data-link=\"https:\/\/www.caths.cz\/wordpress\/?attachment_id=29576#main\" class=\"wp-image-29576\" srcset=\"https:\/\/www.caths.cz\/wordpress\/wp-content\/uploads\/2022\/01\/IMG-20211005-WA0002-1024x576.jpg 1024w, https:\/\/www.caths.cz\/wordpress\/wp-content\/uploads\/2022\/01\/IMG-20211005-WA0002-300x169.jpg 300w, https:\/\/www.caths.cz\/wordpress\/wp-content\/uploads\/2022\/01\/IMG-20211005-WA0002-768x432.jpg 768w, https:\/\/www.caths.cz\/wordpress\/wp-content\/uploads\/2022\/01\/IMG-20211005-WA0002-1536x864.jpg 1536w, https:\/\/www.caths.cz\/wordpress\/wp-content\/uploads\/2022\/01\/IMG-20211005-WA0002-120x68.jpg 120w, https:\/\/www.caths.cz\/wordpress\/wp-content\/uploads\/2022\/01\/IMG-20211005-WA0002.jpg 1600w\" sizes=\"auto, (max-width: 1024px) 100vw, 1024px\" \/><\/figure><\/li><li class=\"blocks-gallery-item\"><figure><img loading=\"lazy\" decoding=\"async\" width=\"1024\" height=\"628\" src=\"https:\/\/www.caths.cz\/wordpress\/wp-content\/uploads\/2022\/01\/IMG-20211005-WA0003-1024x628.jpg\" alt=\"\" data-id=\"29577\" data-link=\"https:\/\/www.caths.cz\/wordpress\/?attachment_id=29577#main\" class=\"wp-image-29577\" srcset=\"https:\/\/www.caths.cz\/wordpress\/wp-content\/uploads\/2022\/01\/IMG-20211005-WA0003-1024x628.jpg 1024w, https:\/\/www.caths.cz\/wordpress\/wp-content\/uploads\/2022\/01\/IMG-20211005-WA0003-300x184.jpg 300w, https:\/\/www.caths.cz\/wordpress\/wp-content\/uploads\/2022\/01\/IMG-20211005-WA0003-768x471.jpg 768w, https:\/\/www.caths.cz\/wordpress\/wp-content\/uploads\/2022\/01\/IMG-20211005-WA0003-1536x943.jpg 1536w, https:\/\/www.caths.cz\/wordpress\/wp-content\/uploads\/2022\/01\/IMG-20211005-WA0003-120x74.jpg 120w, https:\/\/www.caths.cz\/wordpress\/wp-content\/uploads\/2022\/01\/IMG-20211005-WA0003.jpg 1600w\" sizes=\"auto, (max-width: 1024px) 100vw, 1024px\" \/><\/figure><\/li><li class=\"blocks-gallery-item\"><figure><img loading=\"lazy\" decoding=\"async\" width=\"1024\" height=\"576\" src=\"https:\/\/www.caths.cz\/wordpress\/wp-content\/uploads\/2022\/01\/IMG-20211005-WA0004-1024x576.jpg\" alt=\"\" data-id=\"29578\" data-link=\"https:\/\/www.caths.cz\/wordpress\/?attachment_id=29578#main\" class=\"wp-image-29578\" srcset=\"https:\/\/www.caths.cz\/wordpress\/wp-content\/uploads\/2022\/01\/IMG-20211005-WA0004-1024x576.jpg 1024w, https:\/\/www.caths.cz\/wordpress\/wp-content\/uploads\/2022\/01\/IMG-20211005-WA0004-300x169.jpg 300w, https:\/\/www.caths.cz\/wordpress\/wp-content\/uploads\/2022\/01\/IMG-20211005-WA0004-768x432.jpg 768w, https:\/\/www.caths.cz\/wordpress\/wp-content\/uploads\/2022\/01\/IMG-20211005-WA0004-1536x864.jpg 1536w, https:\/\/www.caths.cz\/wordpress\/wp-content\/uploads\/2022\/01\/IMG-20211005-WA0004-120x68.jpg 120w, https:\/\/www.caths.cz\/wordpress\/wp-content\/uploads\/2022\/01\/IMG-20211005-WA0004.jpg 1600w\" sizes=\"auto, (max-width: 1024px) 100vw, 1024px\" \/><\/figure><\/li><li class=\"blocks-gallery-item\"><figure><img loading=\"lazy\" decoding=\"async\" width=\"1024\" height=\"704\" src=\"https:\/\/www.caths.cz\/wordpress\/wp-content\/uploads\/2022\/01\/IMG-20211005-WA0008-1024x704.jpg\" alt=\"\" data-id=\"29579\" data-full-url=\"https:\/\/www.caths.cz\/wordpress\/wp-content\/uploads\/2022\/01\/IMG-20211005-WA0008.jpg\" data-link=\"https:\/\/www.caths.cz\/wordpress\/?attachment_id=29579#main\" class=\"wp-image-29579\" srcset=\"https:\/\/www.caths.cz\/wordpress\/wp-content\/uploads\/2022\/01\/IMG-20211005-WA0008-1024x704.jpg 1024w, https:\/\/www.caths.cz\/wordpress\/wp-content\/uploads\/2022\/01\/IMG-20211005-WA0008-300x206.jpg 300w, https:\/\/www.caths.cz\/wordpress\/wp-content\/uploads\/2022\/01\/IMG-20211005-WA0008-768x528.jpg 768w, https:\/\/www.caths.cz\/wordpress\/wp-content\/uploads\/2022\/01\/IMG-20211005-WA0008-1536x1056.jpg 1536w, https:\/\/www.caths.cz\/wordpress\/wp-content\/uploads\/2022\/01\/IMG-20211005-WA0008-120x83.jpg 120w, https:\/\/www.caths.cz\/wordpress\/wp-content\/uploads\/2022\/01\/IMG-20211005-WA0008.jpg 1600w\" sizes=\"auto, (max-width: 1024px) 100vw, 1024px\" \/><\/figure><\/li><\/ul><\/figure>\n","protected":false},"excerpt":{"rendered":"<a href=\"https:\/\/www.caths.cz\/wordpress\/hodnoceni-29-mcr-v-tennise-standing-v-praze\/\"><img width=\"100\" height=\"100\" src=\"https:\/\/www.caths.cz\/wordpress\/wp-content\/uploads\/2022\/01\/20210925_185244-100x100.jpg\" class=\"alignleft tfe wp-post-image\" alt=\"\" decoding=\"async\" loading=\"lazy\" srcset=\"https:\/\/www.caths.cz\/wordpress\/wp-content\/uploads\/2022\/01\/20210925_185244-100x100.jpg 100w, https:\/\/www.caths.cz\/wordpress\/wp-content\/uploads\/2022\/01\/20210925_185244-150x150.jpg 150w\" sizes=\"auto, (max-width: 100px) 100vw, 100px\" \/><\/a><p>\u00a025. z\u00e1\u0159\u00ed 2021 se v\u00a0Praze odehr\u00e1lo 29. mistrovstv\u00ed \u010cesk\u00e9 republiky 2021 v tenise stoj\u00edc\u00edch t\u011blesn\u011b posti\u017een\u00fdch sportovc\u016f. Na tenisov\u00fdch kurtech TC SPO\u0158ILOV:&nbsp; U Michelsk\u00e9ho lesa 261, Praha 4, se se\u0161lo [&hellip;]<\/p>\n","protected":false},"author":1,"featured_media":29570,"comment_status":"closed","ping_status":"closed","sticky":false,"template":"","format":"standard","meta":{"ngg_post_thumbnail":0,"footnotes":""},"categories":[1],"tags":[],"class_list":["post-29569","post","type-post","status-publish","format-standard","has-post-thumbnail","hentry","category-nezarazene"],"_links":{"self":[{"href":"https:\/\/www.caths.cz\/wordpress\/wp-json\/wp\/v2\/posts\/29569","targetHints":{"allow":["GET"]}}],"collection":[{"href":"https:\/\/www.caths.cz\/wordpress\/wp-json\/wp\/v2\/posts"}],"about":[{"href":"https:\/\/www.caths.cz\/wordpress\/wp-json\/wp\/v2\/types\/post"}],"author":[{"embeddable":true,"href":"https:\/\/www.caths.cz\/wordpress\/wp-json\/wp\/v2\/users\/1"}],"replies":[{"embeddable":true,"href":"https:\/\/www.caths.cz\/wordpress\/wp-json\/wp\/v2\/comments?post=29569"}],"version-history":[{"count":5,"href":"https:\/\/www.caths.cz\/wordpress\/wp-json\/wp\/v2\/posts\/29569\/revisions"}],"predecessor-version":[{"id":29586,"href":"https:\/\/www.caths.cz\/wordpress\/wp-json\/wp\/v2\/posts\/29569\/revisions\/29586"}],"wp:featuredmedia":[{"embeddable":true,"href":"https:\/\/www.caths.cz\/wordpress\/wp-json\/wp\/v2\/media\/29570"}],"wp:attachment":[{"href":"https:\/\/www.caths.cz\/wordpress\/wp-json\/wp\/v2\/media?parent=29569"}],"wp:term":[{"taxonomy":"category","embeddable":true,"href":"https:\/\/www.caths.cz\/wordpress\/wp-json\/wp\/v2\/categories?post=29569"},{"taxonomy":"post_tag","embeddable":true,"href":"https:\/\/www.caths.cz\/wordpress\/wp-json\/wp\/v2\/tags?post=29569"}],"curies":[{"name":"wp","href":"https:\/\/api.w.org\/{rel}","templated":true}]}}