{"id":29524,"date":"2021-12-06T15:04:44","date_gmt":"2021-12-06T14:04:44","guid":{"rendered":"https:\/\/www.caths.cz\/wordpress\/?p=29524"},"modified":"2021-12-06T15:04:44","modified_gmt":"2021-12-06T14:04:44","slug":"vyukove-lyzarske-kurzy-monoski-a-biski-pro-sirokou-verejnost-a-dalsi","status":"publish","type":"post","link":"https:\/\/www.caths.cz\/wordpress\/vyukove-lyzarske-kurzy-monoski-a-biski-pro-sirokou-verejnost-a-dalsi\/","title":{"rendered":"V\u00fdukov\u00e9 ly\u017ea\u0159sk\u00e9 kurzy monoski a biski pro \u0161irokou ve\u0159ejnost a dal\u0161\u00ed!"},"content":{"rendered":"\n<p>Centrum handicapovan\u00fdch ly\u017ea\u0159\u016f nab\u00edz\u00ed v zimn\u00ed sez\u00f3n\u011b 2021\/2022 v\u00fdukov\u00e9 ly\u017ea\u0159sk\u00e9 kurzy monoski a biski pro \u0161irokou ve\u0159ejnost a spousty dal\u0161\u00edch vzd\u011bl\u00e1vac\u00edch aktivit, viz let\u00e1k n\u00ed\u017ee.<\/p>\n\n\n\n<div class=\"wp-block-file\"><a href=\"https:\/\/www.caths.cz\/wordpress\/wp-content\/uploads\/2021\/12\/let\u00e1k-k-akc\u00edm-v-sez\u00f3n\u011b-2021-22-1.jpg\">Nebo zde ke sta\u017een\u00ed:<\/a><a href=\"https:\/\/www.caths.cz\/wordpress\/wp-content\/uploads\/2021\/12\/let\u00e1k-k-akc\u00edm-v-sez\u00f3n\u011b-2021-22-1.jpg\" class=\"wp-block-file__button\" download>St\u00e1hnout<\/a><\/div>\n\n\n\n<figure class=\"wp-block-image size-large\"><img loading=\"lazy\" decoding=\"async\" width=\"1024\" height=\"636\" src=\"https:\/\/www.caths.cz\/wordpress\/wp-content\/uploads\/2021\/12\/let\u00e1k-k-akc\u00edm-v-sez\u00f3n\u011b-2021-22-1024x636.jpg\" alt=\"\" class=\"wp-image-29525\" srcset=\"https:\/\/www.caths.cz\/wordpress\/wp-content\/uploads\/2021\/12\/let\u00e1k-k-akc\u00edm-v-sez\u00f3n\u011b-2021-22-1024x636.jpg 1024w, https:\/\/www.caths.cz\/wordpress\/wp-content\/uploads\/2021\/12\/let\u00e1k-k-akc\u00edm-v-sez\u00f3n\u011b-2021-22-300x186.jpg 300w, https:\/\/www.caths.cz\/wordpress\/wp-content\/uploads\/2021\/12\/let\u00e1k-k-akc\u00edm-v-sez\u00f3n\u011b-2021-22-768x477.jpg 768w, https:\/\/www.caths.cz\/wordpress\/wp-content\/uploads\/2021\/12\/let\u00e1k-k-akc\u00edm-v-sez\u00f3n\u011b-2021-22-120x75.jpg 120w, https:\/\/www.caths.cz\/wordpress\/wp-content\/uploads\/2021\/12\/let\u00e1k-k-akc\u00edm-v-sez\u00f3n\u011b-2021-22.jpg 1429w\" sizes=\"auto, (max-width: 1024px) 100vw, 1024px\" \/><\/figure>\n","protected":false},"excerpt":{"rendered":"<a href=\"https:\/\/www.caths.cz\/wordpress\/vyukove-lyzarske-kurzy-monoski-a-biski-pro-sirokou-verejnost-a-dalsi\/\"><img width=\"100\" height=\"100\" src=\"https:\/\/www.caths.cz\/wordpress\/wp-content\/uploads\/2021\/12\/let\u00e1k-k-akc\u00edm-v-sez\u00f3n\u011b-2021-22-2-100x100.jpg\" class=\"alignleft tfe wp-post-image\" alt=\"\" decoding=\"async\" loading=\"lazy\" srcset=\"https:\/\/www.caths.cz\/wordpress\/wp-content\/uploads\/2021\/12\/let\u00e1k-k-akc\u00edm-v-sez\u00f3n\u011b-2021-22-2-100x100.jpg 100w, https:\/\/www.caths.cz\/wordpress\/wp-content\/uploads\/2021\/12\/let\u00e1k-k-akc\u00edm-v-sez\u00f3n\u011b-2021-22-2-150x150.jpg 150w\" sizes=\"auto, (max-width: 100px) 100vw, 100px\" \/><\/a><p>Centrum handicapovan\u00fdch ly\u017ea\u0159\u016f nab\u00edz\u00ed v zimn\u00ed sez\u00f3n\u011b 2021\/2022 v\u00fdukov\u00e9 ly\u017ea\u0159sk\u00e9 kurzy monoski a biski pro \u0161irokou ve\u0159ejnost a spousty dal\u0161\u00edch vzd\u011bl\u00e1vac\u00edch aktivit, viz let\u00e1k n\u00ed\u017ee.<\/p>\n","protected":false},"author":1,"featured_media":29527,"comment_status":"closed","ping_status":"closed","sticky":false,"template":"","format":"standard","meta":{"ngg_post_thumbnail":0,"footnotes":""},"categories":[14],"tags":[],"class_list":["post-29524","post","type-post","status-publish","format-standard","has-post-thumbnail","hentry","category-lyzovani"],"_links":{"self":[{"href":"https:\/\/www.caths.cz\/wordpress\/wp-json\/wp\/v2\/posts\/29524","targetHints":{"allow":["GET"]}}],"collection":[{"href":"https:\/\/www.caths.cz\/wordpress\/wp-json\/wp\/v2\/posts"}],"about":[{"href":"https:\/\/www.caths.cz\/wordpress\/wp-json\/wp\/v2\/types\/post"}],"author":[{"embeddable":true,"href":"https:\/\/www.caths.cz\/wordpress\/wp-json\/wp\/v2\/users\/1"}],"replies":[{"embeddable":true,"href":"https:\/\/www.caths.cz\/wordpress\/wp-json\/wp\/v2\/comments?post=29524"}],"version-history":[{"count":1,"href":"https:\/\/www.caths.cz\/wordpress\/wp-json\/wp\/v2\/posts\/29524\/revisions"}],"predecessor-version":[{"id":29528,"href":"https:\/\/www.caths.cz\/wordpress\/wp-json\/wp\/v2\/posts\/29524\/revisions\/29528"}],"wp:featuredmedia":[{"embeddable":true,"href":"https:\/\/www.caths.cz\/wordpress\/wp-json\/wp\/v2\/media\/29527"}],"wp:attachment":[{"href":"https:\/\/www.caths.cz\/wordpress\/wp-json\/wp\/v2\/media?parent=29524"}],"wp:term":[{"taxonomy":"category","embeddable":true,"href":"https:\/\/www.caths.cz\/wordpress\/wp-json\/wp\/v2\/categories?post=29524"},{"taxonomy":"post_tag","embeddable":true,"href":"https:\/\/www.caths.cz\/wordpress\/wp-json\/wp\/v2\/tags?post=29524"}],"curies":[{"name":"wp","href":"https:\/\/api.w.org\/{rel}","templated":true}]}}