{"id":29460,"date":"2021-10-11T12:37:56","date_gmt":"2021-10-11T11:37:56","guid":{"rendered":"https:\/\/www.caths.cz\/wordpress\/?p=29460"},"modified":"2021-10-11T12:37:56","modified_gmt":"2021-10-11T11:37:56","slug":"finale-cp-ve-strelbe-tp-v-discipline-p5","status":"publish","type":"post","link":"https:\/\/www.caths.cz\/wordpress\/finale-cp-ve-strelbe-tp-v-discipline-p5\/","title":{"rendered":"Fin\u00e1le \u010cP ve st\u0159elb\u011b TP (v discipl\u00edn\u011b P5)"},"content":{"rendered":"\n<p>Jakub Kosek s p\u0159ehledem zv\u00edt\u011bzil ve fin\u00e1le \u010cP TP v\u00a0discipl\u00edn\u011b P5 a z\u00edskal Titul V\u00edt\u011bze \u010cesk\u00e9ho poh\u00e1ru<br>2021<br>V\u00a0sobotu 9. 10. se na Lazeck\u00e9 st\u0159elnici v\u00a0Olomouci uskute\u010dnilo fin\u00e1lov\u00e9 kolo \u010cesk\u00e9ho poh\u00e1ru<br>v\u00a0discipl\u00edn\u011b P5\/standardn\u00ed vzduchov\u00e1 pistole 40 ran na 10 metr\u016f. V\u00a0n\u011bm zv\u00edt\u011bzil Jakub Kosek s<br>n\u00e1st\u0159elem 347 bod\u016f p\u0159ed druh\u00fdm Tom\u00e1\u0161em Pe\u0161kem s\u00a0331 body a t\u0159et\u00edm Franti\u0161kem Kone\u010dn\u00fdm s 327<br>body.<br>Po se\u010dten\u00ed bod\u016f z\u00a0nejlep\u0161\u00edho kola a\u00a0fin\u00e1le se stal celkov\u00fdm v\u00edt\u011bzem Kosek s 60 body, 2. m\u00edsto z\u00edskal<br>Pe\u0161ek s 50 body a 3. m\u00edsto obsadil Kone\u010dn\u00fd s 35 body. V\u00a0t\u00e9to discipl\u00edn\u011b bylo hodnoceno 6 st\u0159elc\u016f.<br>vm<\/p>\n\n\n\n<figure class=\"wp-block-image size-large\"><img loading=\"lazy\" decoding=\"async\" width=\"750\" height=\"1000\" src=\"https:\/\/www.caths.cz\/wordpress\/wp-content\/uploads\/2021\/10\/\u010cP-TP-Fin\u00e1le-P5.jpg\" alt=\"\" class=\"wp-image-29461\" srcset=\"https:\/\/www.caths.cz\/wordpress\/wp-content\/uploads\/2021\/10\/\u010cP-TP-Fin\u00e1le-P5.jpg 750w, https:\/\/www.caths.cz\/wordpress\/wp-content\/uploads\/2021\/10\/\u010cP-TP-Fin\u00e1le-P5-225x300.jpg 225w, https:\/\/www.caths.cz\/wordpress\/wp-content\/uploads\/2021\/10\/\u010cP-TP-Fin\u00e1le-P5-90x120.jpg 90w\" sizes=\"auto, (max-width: 750px) 100vw, 750px\" \/><\/figure>\n\n\n\n<figure class=\"wp-block-table\"><table><tbody><tr><td><\/td><td><\/td><td><\/td><td>V\u00ddSLEDKOV\u00c1 LISTINA<\/td><td><\/td><td><\/td><td><\/td><td><\/td><td><\/td><td><\/td><td><\/td><td><\/td><td><\/td><td><\/td><td><\/td><td><\/td><td><\/td><\/tr><tr><td><\/td><td>N\u00e1zev sout\u011b\u017ee:<\/td><td>\u010cesk\u00fd poh\u00e1r TP &#8211; fin\u00e1le<\/td><td><\/td><td><\/td><td><\/td><td><\/td><td>po\u0159adatel: SK TPS Olomouc ve spolupr\u00e1ci s SSK EL\u00c1N Olomouc<\/td><\/tr><tr><td><\/td><td>Hlavn\u00ed rozhod\u010d\u00ed:<\/td><td>Old\u0159ich Jan\u010da &#8211; A 1489<\/td><td><\/td><td><\/td><td>Disciplina:<\/td><td><\/td><td><\/td><td>P5\/StVzPi 40<\/td><td><\/td><td><\/td><td><\/td><td><\/td><\/tr><tr><td><\/td><td>Datum:<\/td><td><\/td><td>09.10.2021<\/td><td><\/td><td><\/td><td><\/td><td><\/td><td><\/td><td><\/td><td><\/td><td><\/td><td><\/td><td><\/td><td><\/td><td><\/td><td><\/td><td><\/td><\/tr><tr><td>po\u0159ad\u00ed<\/td><td>st. \u010d\u00edslo<\/td><td>p\u0159\u00edjmen\u00ed<\/td><td>jm\u00e9no<\/td><td>n\u00e1zev SK<\/td><td>ro\u010dn\u00edk<\/td><td>kategorie<\/td><td><\/td><td>1<\/td><td>2<\/td><td>3<\/td><td>4<\/td><td><\/td><td><\/td><td>CT<\/td><td>celkem<\/td><td>VT<\/td><td>body<\/td><\/tr><tr><td>1.<\/td><td>6<\/td><td>Kosek<\/td><td>Jakub<\/td><td>SK TPS Olomouc<\/td><td>1985<\/td><td>SH1<\/td><td><\/td><td>80<\/td><td>89<\/td><td>88<\/td><td>90<\/td><td><\/td><td><\/td><td>4<\/td><td>347<\/td><td>M.<\/td><td>30<\/td><\/tr><tr><td>2.<\/td><td>5<\/td><td>Pe\u0161ek<\/td><td>Tom\u00e1\u0161<\/td><td>SK TPS Olomouc<\/td><td>1992<\/td><td>SH1<\/td><td><\/td><td>80<\/td><td>84<\/td><td>81<\/td><td>86<\/td><td><\/td><td><\/td><td>2<\/td><td>331<\/td><td>I.<\/td><td>20<\/td><\/tr><tr><td>3.<\/td><td>4<\/td><td>Kone\u010dn\u00fd<\/td><td>Franti\u0161ek<\/td><td>SK TPS Olomouc<\/td><td>1960<\/td><td>SH1<\/td><td><\/td><td>83<\/td><td>79<\/td><td>83<\/td><td>82<\/td><td><\/td><td><\/td><td>3<\/td><td>327<\/td><td>II.<\/td><td>15<\/td><\/tr><tr><td>4.<\/td><td>3<\/td><td>Mar\u010dan<\/td><td>Vladim\u00edr<\/td><td>SK TPS Olomouc<\/td><td>1956<\/td><td>SH1<\/td><td><\/td><td>84<\/td><td>80<\/td><td>74<\/td><td>81<\/td><td><\/td><td><\/td><td>1<\/td><td>319<\/td><td>II.<\/td><td>11<\/td><\/tr><tr><td>5.<\/td><td>2<\/td><td>Gronsk\u00fd<\/td><td>Roman<\/td><td>SK TPS Olomouc<\/td><td>1950<\/td><td>SH1<\/td><td><\/td><td>82<\/td><td>78<\/td><td>77<\/td><td>77<\/td><td><\/td><td><\/td><td>4<\/td><td>314<\/td><td>III.<\/td><td>8<\/td><\/tr><tr><td>6.<\/td><td>1<\/td><td>Krejza<\/td><td>Vladim\u00edr<\/td><td>SK TPS Olomouc<\/td><td>1974<\/td><td>SH1<\/td><td><\/td><td>49<\/td><td>52<\/td><td>58<\/td><td>48<\/td><td><\/td><td><\/td><td><\/td><td>207<\/td><td><\/td><td>5<\/td><\/tr><tr><td><\/td><td><\/td><td><\/td><td><\/td><td><\/td><td><\/td><td><\/td><td><\/td><td><\/td><td><\/td><td><\/td><td><\/td><td><\/td><td><\/td><td><\/td><td>0<\/td><td><\/td><td>3<\/td><\/tr><tr><td><\/td><td><\/td><td><\/td><td><\/td><td><\/td><td><\/td><td><\/td><td><\/td><td><\/td><td><\/td><td><\/td><td><\/td><td><\/td><td><\/td><td><\/td><td>0<\/td><td><\/td><td>1<\/td><\/tr><\/tbody><\/table><\/figure>\n\n\n\n<figure class=\"wp-block-table\"><table><tbody><tr><td><\/td><td>&nbsp;N\u00e1zev sout\u011b\u017ee:<\/td><td>\u010cesk\u00fd poh\u00e1r TP 2021<\/td><td><\/td><td><\/td><td><\/td><td>CELKOV\u00c1 V\u00ddSLEDKOV\u00c1 LISTINA<\/td><td><\/td><td><\/td><td><\/td><td><\/td><td><\/td><\/tr><tr><td><\/td><td>&nbsp;Hlavn\u00ed rozhod\u010d\u00ed:<\/td><td>Old\u0159ich Jan\u010da &#8211; A 1489<\/td><td><\/td><td><\/td><td><\/td><td>po\u0159adatel: SK TPS Olomouc ve spolupr\u00e1ci s SSK El\u00e1n Olomouc<\/td><td><\/td><td><\/td><\/tr><tr><td><\/td><td>&nbsp;Datum:<\/td><td>09.10.2021<\/td><td><\/td><td><\/td><td><\/td><td><\/td><td>Discipl\u00edna: P5\/StVzPi 40<\/td><td><\/td><td>&nbsp;&nbsp;&nbsp;&nbsp;&nbsp;&nbsp;&nbsp;&nbsp;&nbsp;&nbsp;&nbsp;&nbsp;&nbsp;&nbsp;&nbsp;&nbsp;&nbsp;&nbsp; Kategorie: SH1<\/td><td><\/td><td><\/td><\/tr><tr><td>kone\u010dn\u00e9<\/td><td><\/td><td><\/td><td><\/td><td><\/td><td><\/td><td>ro\u010dn\u00edk<\/td><td><\/td><td>body<\/td><td><\/td><td>body<\/td><td><\/td><td>body<\/td><td><\/td><td>nejvy\u0161\u0161\u00ed body<\/td><td>v\u00fdsledek<\/td><td>centry<\/td><\/tr><tr><td>po\u0159ad\u00ed<\/td><td><\/td><td>p\u0159\u00edjmen\u00ed<\/td><td>jm\u00e9no<\/td><td>n\u00e1zev SK<\/td><td><\/td><td>narozen\u00ed<\/td><td><\/td><td>1. kolo<\/td><td><\/td><td>2. kolo<\/td><td><\/td><td>Fin\u00e1le<\/td><td><\/td><td>z kola + Fin\u00e1le<\/td><td>Fin\u00e1le<\/td><td>Fin\u00e1le<\/td><\/tr><tr><td>1.<\/td><td><\/td><td>Kosek<\/td><td>Jakub<\/td><td>SK TPS Olomouc<\/td><td><\/td><td>1985<\/td><td><\/td><td>15<\/td><td><\/td><td>30<\/td><td><\/td><td>30<\/td><td><\/td><td>60<\/td><td>347<\/td><td>4<\/td><\/tr><tr><td>2.<\/td><td><\/td><td>Pe\u0161ek<\/td><td>Tom\u00e1\u0161<\/td><td>SK TPS Olomouc<\/td><td><\/td><td>1992<\/td><td><\/td><td>30<\/td><td><\/td><td>20<\/td><td><\/td><td>20<\/td><td><\/td><td>50<\/td><td>331<\/td><td>2<\/td><\/tr><tr><td>3.<\/td><td><\/td><td>Kone\u010dn\u00fd<\/td><td>Franti\u0161ek<\/td><td>SK TPS Olomouc<\/td><td><\/td><td>1960<\/td><td><\/td><td>20<\/td><td><\/td><td>15<\/td><td><\/td><td>15<\/td><td><\/td><td>35<\/td><td>327<\/td><td>3<\/td><\/tr><tr><td>4.<\/td><td><\/td><td>Mar\u010dan<\/td><td>Vladim\u00edr<\/td><td>SK TPS Olomouc<\/td><td><\/td><td>1956<\/td><td><\/td><td>&#8211;<\/td><td><\/td><td>11<\/td><td><\/td><td>11<\/td><td><\/td><td>22<\/td><td>319<\/td><td>1<\/td><\/tr><tr><td>5.<\/td><td><\/td><td>Gronsk\u00fd<\/td><td>Roman<\/td><td>SK TPS Olomouc<\/td><td><\/td><td>1950<\/td><td><\/td><td>11<\/td><td><\/td><td>8<\/td><td><\/td><td>8<\/td><td><\/td><td>19<\/td><td>314<\/td><td>4<\/td><\/tr><tr><td>6.<\/td><td><\/td><td>Krejza<\/td><td>Vladim\u00edr<\/td><td>SK TPS Olomouc<\/td><td><\/td><td>1974<\/td><td><\/td><td>8<\/td><td><\/td><td>5<\/td><td><\/td><td>5<\/td><td><\/td><td>13<\/td><td>207<\/td><td><\/td><\/tr><\/tbody><\/table><\/figure>\n","protected":false},"excerpt":{"rendered":"<a href=\"https:\/\/www.caths.cz\/wordpress\/finale-cp-ve-strelbe-tp-v-discipline-p5\/\"><img width=\"100\" height=\"100\" src=\"https:\/\/www.caths.cz\/wordpress\/wp-content\/uploads\/2021\/10\/\u010cP-TP-Fin\u00e1le-P5-100x100.jpg\" class=\"alignleft tfe wp-post-image\" alt=\"\" decoding=\"async\" loading=\"lazy\" srcset=\"https:\/\/www.caths.cz\/wordpress\/wp-content\/uploads\/2021\/10\/\u010cP-TP-Fin\u00e1le-P5-100x100.jpg 100w, https:\/\/www.caths.cz\/wordpress\/wp-content\/uploads\/2021\/10\/\u010cP-TP-Fin\u00e1le-P5-150x150.jpg 150w\" sizes=\"auto, (max-width: 100px) 100vw, 100px\" \/><\/a><p>Jakub Kosek s p\u0159ehledem zv\u00edt\u011bzil ve fin\u00e1le \u010cP TP v\u00a0discipl\u00edn\u011b P5 a z\u00edskal Titul V\u00edt\u011bze \u010cesk\u00e9ho poh\u00e1ru2021V\u00a0sobotu 9. 10. se na Lazeck\u00e9 st\u0159elnici v\u00a0Olomouci uskute\u010dnilo fin\u00e1lov\u00e9 kolo \u010cesk\u00e9ho poh\u00e1ruv\u00a0discipl\u00edn\u011b P5\/standardn\u00ed [&hellip;]<\/p>\n","protected":false},"author":1,"featured_media":29461,"comment_status":"closed","ping_status":"closed","sticky":false,"template":"","format":"standard","meta":{"ngg_post_thumbnail":0,"footnotes":""},"categories":[1],"tags":[],"class_list":["post-29460","post","type-post","status-publish","format-standard","has-post-thumbnail","hentry","category-nezarazene"],"_links":{"self":[{"href":"https:\/\/www.caths.cz\/wordpress\/wp-json\/wp\/v2\/posts\/29460","targetHints":{"allow":["GET"]}}],"collection":[{"href":"https:\/\/www.caths.cz\/wordpress\/wp-json\/wp\/v2\/posts"}],"about":[{"href":"https:\/\/www.caths.cz\/wordpress\/wp-json\/wp\/v2\/types\/post"}],"author":[{"embeddable":true,"href":"https:\/\/www.caths.cz\/wordpress\/wp-json\/wp\/v2\/users\/1"}],"replies":[{"embeddable":true,"href":"https:\/\/www.caths.cz\/wordpress\/wp-json\/wp\/v2\/comments?post=29460"}],"version-history":[{"count":1,"href":"https:\/\/www.caths.cz\/wordpress\/wp-json\/wp\/v2\/posts\/29460\/revisions"}],"predecessor-version":[{"id":29462,"href":"https:\/\/www.caths.cz\/wordpress\/wp-json\/wp\/v2\/posts\/29460\/revisions\/29462"}],"wp:featuredmedia":[{"embeddable":true,"href":"https:\/\/www.caths.cz\/wordpress\/wp-json\/wp\/v2\/media\/29461"}],"wp:attachment":[{"href":"https:\/\/www.caths.cz\/wordpress\/wp-json\/wp\/v2\/media?parent=29460"}],"wp:term":[{"taxonomy":"category","embeddable":true,"href":"https:\/\/www.caths.cz\/wordpress\/wp-json\/wp\/v2\/categories?post=29460"},{"taxonomy":"post_tag","embeddable":true,"href":"https:\/\/www.caths.cz\/wordpress\/wp-json\/wp\/v2\/tags?post=29460"}],"curies":[{"name":"wp","href":"https:\/\/api.w.org\/{rel}","templated":true}]}}