{"id":29449,"date":"2021-09-27T13:24:58","date_gmt":"2021-09-27T12:24:58","guid":{"rendered":"https:\/\/www.caths.cz\/wordpress\/?p=29449"},"modified":"2021-09-27T13:24:58","modified_gmt":"2021-09-27T12:24:58","slug":"pozvanka-na-zaverecne-v-kolo-ceskeho-poharu-caths-v-atletice-do-olomouce","status":"publish","type":"post","link":"https:\/\/www.caths.cz\/wordpress\/pozvanka-na-zaverecne-v-kolo-ceskeho-poharu-caths-v-atletice-do-olomouce\/","title":{"rendered":"Pozv\u00e1nka na Z\u00e1v\u011bre\u010dn\u00e9 V. kolo \u010cesk\u00e9ho poh\u00e1ru \u010cATHS v atletice do Olomouce!"},"content":{"rendered":"\n<p>T\u00edmto bychom V\u00e1s, jm\u00e9nem Atletick\u00e9ho klubu Olomouc, r\u00e1di pozvali  na z\u00e1v\u011bre\u010dn\u00e9 V. kolo \u010cesk\u00e9ho poh\u00e1ru atletiky \u010cATHS, kter\u00fd se bude konat dne 9. \u0159\u00edjna 2021 na Atletick\u00e9m stadionu v Olomouci. Podrobn\u00e9 informace najdete n\u00ed\u017ee v propozic\u00edch. Po skon\u010den\u00ed prob\u011bhne z\u00e1v\u011bre\u010dn\u00e9 vyhl\u00e1\u0161en\u00ed celoro\u010dn\u00ed sout\u011b\u017ee .<\/p>\n\n\n\n<br>\n\n\n\n<p><strong>Upozor\u0148ujeme, \u017ee p\u0159ihl\u00e1\u0161ky jsou pouze p\u00edsemn\u00e9 a to nejpozd\u011bji do 3.10.2021 na mail: evakacanu@seznam.cz.<\/strong><\/p>\n\n\n\n<br>\n\n\n\n<p>V p\u0159ihl\u00e1\u0161ce je nutn\u00e9 uv\u00e9st i p\u0159\u00edpadn\u00e9 doprovody, kter\u00e9 maj\u00ed z\u00e1jem o ob\u011bdov\u00fd bal\u00ed\u010dek.<\/p>\n\n\n\n<br>\n\n\n\n<p>\u017d\u00e1d\u00e1me v\u00e1s, aby jste n\u00e1s v p\u0159\u00edpad\u011b, \u017ee se nahl\u00e1\u0161en\u00fd \u00fa\u010dastn\u00edk nem\u016f\u017ee z\u00fa\u010dastnit o t\u00e9to skute\u010dnosti okam\u017eit\u011b informovali.<br><strong>Ka\u017ed\u00fd \u00fa\u010dastn\u00edk je pln\u011b zodpov\u011bdn\u00fd za dodr\u017eov\u00e1n\u00ed vl\u00e1dn\u00edho na\u0159\u00edzen\u00ed a podm\u00ednek \u00fa\u010dasti na z\u00e1vodech.<\/strong><\/p>\n\n\n\n<br>\n\n\n\n<p>Na hojnou \u00fa\u010dast se t\u011b\u0161\u00ed po\u0159adatel\u00e9 AK Olomouc.<\/p>\n\n\n\n<br>\n\n\n\n<div class=\"wp-block-file\"><a href=\"https:\/\/www.caths.cz\/wordpress\/wp-content\/uploads\/2021\/09\/\u010cPOLOMOUC-9.10.pdf\">Propozice v PDF ke sta\u017een\u00ed ZDE:<\/a><a href=\"https:\/\/www.caths.cz\/wordpress\/wp-content\/uploads\/2021\/09\/\u010cPOLOMOUC-9.10.pdf\" class=\"wp-block-file__button\" download>St\u00e1hnout<\/a><\/div>\n\n\n\n<br>\n\n\n\n<figure class=\"wp-block-image size-large\"><img loading=\"lazy\" decoding=\"async\" width=\"724\" height=\"1024\" src=\"https:\/\/www.caths.cz\/wordpress\/wp-content\/uploads\/2021\/09\/\u010cPOLOMOUC-9.10-page-001-1-724x1024.jpg\" alt=\"\" class=\"wp-image-29451\" srcset=\"https:\/\/www.caths.cz\/wordpress\/wp-content\/uploads\/2021\/09\/\u010cPOLOMOUC-9.10-page-001-1-724x1024.jpg 724w, https:\/\/www.caths.cz\/wordpress\/wp-content\/uploads\/2021\/09\/\u010cPOLOMOUC-9.10-page-001-1-212x300.jpg 212w, https:\/\/www.caths.cz\/wordpress\/wp-content\/uploads\/2021\/09\/\u010cPOLOMOUC-9.10-page-001-1-768x1086.jpg 768w, https:\/\/www.caths.cz\/wordpress\/wp-content\/uploads\/2021\/09\/\u010cPOLOMOUC-9.10-page-001-1-1086x1536.jpg 1086w, https:\/\/www.caths.cz\/wordpress\/wp-content\/uploads\/2021\/09\/\u010cPOLOMOUC-9.10-page-001-1-85x120.jpg 85w, https:\/\/www.caths.cz\/wordpress\/wp-content\/uploads\/2021\/09\/\u010cPOLOMOUC-9.10-page-001-1.jpg 1240w\" sizes=\"auto, (max-width: 724px) 100vw, 724px\" \/><\/figure>\n","protected":false},"excerpt":{"rendered":"<a href=\"https:\/\/www.caths.cz\/wordpress\/pozvanka-na-zaverecne-v-kolo-ceskeho-poharu-caths-v-atletice-do-olomouce\/\"><img width=\"100\" height=\"100\" src=\"https:\/\/www.caths.cz\/wordpress\/wp-content\/uploads\/2021\/09\/\u010cPOLOMOUC-9.10-page-001-100x100.jpg\" class=\"alignleft tfe wp-post-image\" alt=\"\" decoding=\"async\" loading=\"lazy\" srcset=\"https:\/\/www.caths.cz\/wordpress\/wp-content\/uploads\/2021\/09\/\u010cPOLOMOUC-9.10-page-001-100x100.jpg 100w, https:\/\/www.caths.cz\/wordpress\/wp-content\/uploads\/2021\/09\/\u010cPOLOMOUC-9.10-page-001-150x150.jpg 150w\" sizes=\"auto, (max-width: 100px) 100vw, 100px\" \/><\/a><p>T\u00edmto bychom V\u00e1s, jm\u00e9nem Atletick\u00e9ho klubu Olomouc, r\u00e1di pozvali na z\u00e1v\u011bre\u010dn\u00e9 V. kolo \u010cesk\u00e9ho poh\u00e1ru atletiky \u010cATHS, kter\u00fd se bude konat dne 9. \u0159\u00edjna 2021 na Atletick\u00e9m stadionu v Olomouci. [&hellip;]<\/p>\n","protected":false},"author":1,"featured_media":29450,"comment_status":"closed","ping_status":"closed","sticky":false,"template":"","format":"standard","meta":{"ngg_post_thumbnail":0,"footnotes":""},"categories":[5],"tags":[],"class_list":["post-29449","post","type-post","status-publish","format-standard","has-post-thumbnail","hentry","category-atletika"],"_links":{"self":[{"href":"https:\/\/www.caths.cz\/wordpress\/wp-json\/wp\/v2\/posts\/29449","targetHints":{"allow":["GET"]}}],"collection":[{"href":"https:\/\/www.caths.cz\/wordpress\/wp-json\/wp\/v2\/posts"}],"about":[{"href":"https:\/\/www.caths.cz\/wordpress\/wp-json\/wp\/v2\/types\/post"}],"author":[{"embeddable":true,"href":"https:\/\/www.caths.cz\/wordpress\/wp-json\/wp\/v2\/users\/1"}],"replies":[{"embeddable":true,"href":"https:\/\/www.caths.cz\/wordpress\/wp-json\/wp\/v2\/comments?post=29449"}],"version-history":[{"count":1,"href":"https:\/\/www.caths.cz\/wordpress\/wp-json\/wp\/v2\/posts\/29449\/revisions"}],"predecessor-version":[{"id":29453,"href":"https:\/\/www.caths.cz\/wordpress\/wp-json\/wp\/v2\/posts\/29449\/revisions\/29453"}],"wp:featuredmedia":[{"embeddable":true,"href":"https:\/\/www.caths.cz\/wordpress\/wp-json\/wp\/v2\/media\/29450"}],"wp:attachment":[{"href":"https:\/\/www.caths.cz\/wordpress\/wp-json\/wp\/v2\/media?parent=29449"}],"wp:term":[{"taxonomy":"category","embeddable":true,"href":"https:\/\/www.caths.cz\/wordpress\/wp-json\/wp\/v2\/categories?post=29449"},{"taxonomy":"post_tag","embeddable":true,"href":"https:\/\/www.caths.cz\/wordpress\/wp-json\/wp\/v2\/tags?post=29449"}],"curies":[{"name":"wp","href":"https:\/\/api.w.org\/{rel}","templated":true}]}}