{"id":29444,"date":"2021-09-27T12:52:31","date_gmt":"2021-09-27T11:52:31","guid":{"rendered":"https:\/\/www.caths.cz\/wordpress\/?p=29444"},"modified":"2021-09-27T12:52:31","modified_gmt":"2021-09-27T11:52:31","slug":"tituly-viteze-ceskeho-poharu-ve-sportovni-strelbe-si-z-olomouce-odvezl-tomas-pesek","status":"publish","type":"post","link":"https:\/\/www.caths.cz\/wordpress\/tituly-viteze-ceskeho-poharu-ve-sportovni-strelbe-si-z-olomouce-odvezl-tomas-pesek\/","title":{"rendered":"Tituly V\u00edt\u011bze \u010cesk\u00e9ho poh\u00e1ru ve sportovn\u00ed st\u0159elb\u011b si z Olomouce odvezl Tom\u00e1\u0161 Pe\u0161ek."},"content":{"rendered":"\n<p>V sobotu 25. 9. se do Olomouce sjeli st\u0159elci kategorie SH1, kde se uskute\u010dnilo fin\u00e1lov\u00e9 kolo \u010cP TP v discipl\u00edn\u00e1ch P3\/SP30+30 ran na 25 metr\u016f a P1\/VzPi 60 na 10 metr\u016f. P\u0159i ne\u00fa\u010dasti n\u011bkter\u00fdch p\u0159edn\u00edch st\u0159elc\u016f z tabulky se zrodilo v discipl\u00edn\u011b P3 p\u0159ekvapen\u00ed.<\/p>\n\n\n\n<br>\n\n\n\n<p>V rann\u00ed sout\u011b\u017ei v discipl\u00edn\u011b P3 zv\u00edt\u011bzil Tom\u00e1\u0161 Pe\u0161ek s n\u00e1st\u0159elem 546 bod\u016f, p\u0159ed druh\u00fdm Franti\u0161kem Kone\u010dn\u00fdm s 541 bodem a t\u0159et\u00edm Honzou Jankejechem s 304 body. Po se\u010dten\u00ed bod\u016f z nejlep\u0161\u00edho kola a fin\u00e1le se stal celkov\u00fdm v\u00edt\u011bzem Pe\u0161ek s 45 body, 2. m\u00edsto obsadil Kone\u010dn\u00fd s 40 body a 3. m\u00edsto z\u00edskal Jankejech s 20 body. V t\u00e9to discipl\u00edn\u011b startovalo celkem 6 st\u0159elc\u016f.<\/p>\n\n\n\n<br>\n\n\n\n<p>V poledne pokra\u010dovalo fin\u00e1le discipl\u00ednou P1, kterou vyhr\u00e1l Pe\u0161ek s n\u00e1st\u0159elem 545 bod\u016f, 2. m\u00edsto obsadil Kone\u010dn\u00fd s 531 bodem a 3. m\u00edsto si vyst\u0159\u00edlel Vladim\u00edr Mar\u010dan s 515 body. Po se\u010dten\u00ed bod\u016f z nejlep\u0161\u00edho kola a fin\u00e1le se stal celkov\u00fdm v\u00edt\u011bzem Pe\u0161ek s 60 body, 2. m\u00edsto z\u00edskal Kone\u010dn\u00fd s 35 body a 3. m\u00edsto obsadil Mar\u010dan s 26 body. V t\u00e9to discipl\u00edn\u011b startovalo celkem 14 st\u0159elc\u016f.<\/p>\n\n\n\n<br>\n\n\n\n<p><em>Fotogalerie (zdroj: Vladim\u00edr Mar\u010dan)<\/em>:<\/p>\n\n\n\n<figure class=\"wp-block-image size-large\"><img loading=\"lazy\" decoding=\"async\" width=\"1000\" height=\"750\" src=\"https:\/\/www.caths.cz\/wordpress\/wp-content\/uploads\/2021\/09\/\u010cesk\u00fd-poh\u00e1r-fin\u00e1le-P1.jpg\" alt=\"\" class=\"wp-image-29445\" srcset=\"https:\/\/www.caths.cz\/wordpress\/wp-content\/uploads\/2021\/09\/\u010cesk\u00fd-poh\u00e1r-fin\u00e1le-P1.jpg 1000w, https:\/\/www.caths.cz\/wordpress\/wp-content\/uploads\/2021\/09\/\u010cesk\u00fd-poh\u00e1r-fin\u00e1le-P1-300x225.jpg 300w, https:\/\/www.caths.cz\/wordpress\/wp-content\/uploads\/2021\/09\/\u010cesk\u00fd-poh\u00e1r-fin\u00e1le-P1-768x576.jpg 768w, https:\/\/www.caths.cz\/wordpress\/wp-content\/uploads\/2021\/09\/\u010cesk\u00fd-poh\u00e1r-fin\u00e1le-P1-120x90.jpg 120w\" sizes=\"auto, (max-width: 1000px) 100vw, 1000px\" \/><\/figure>\n\n\n\n<figure class=\"wp-block-image size-large\"><img loading=\"lazy\" decoding=\"async\" width=\"1000\" height=\"552\" src=\"https:\/\/www.caths.cz\/wordpress\/wp-content\/uploads\/2021\/09\/Vyhl\u00e1\u0161en\u00ed.jpg\" alt=\"\" class=\"wp-image-29446\" srcset=\"https:\/\/www.caths.cz\/wordpress\/wp-content\/uploads\/2021\/09\/Vyhl\u00e1\u0161en\u00ed.jpg 1000w, https:\/\/www.caths.cz\/wordpress\/wp-content\/uploads\/2021\/09\/Vyhl\u00e1\u0161en\u00ed-300x166.jpg 300w, https:\/\/www.caths.cz\/wordpress\/wp-content\/uploads\/2021\/09\/Vyhl\u00e1\u0161en\u00ed-768x424.jpg 768w, https:\/\/www.caths.cz\/wordpress\/wp-content\/uploads\/2021\/09\/Vyhl\u00e1\u0161en\u00ed-120x66.jpg 120w\" sizes=\"auto, (max-width: 1000px) 100vw, 1000px\" \/><\/figure>\n\n\n\n<figure class=\"wp-block-image size-large\"><img loading=\"lazy\" decoding=\"async\" width=\"1000\" height=\"750\" src=\"https:\/\/www.caths.cz\/wordpress\/wp-content\/uploads\/2021\/09\/\u010cesk\u00fd-poh\u00e1r-fin\u00e1le-P3.jpg\" alt=\"\" class=\"wp-image-29447\" srcset=\"https:\/\/www.caths.cz\/wordpress\/wp-content\/uploads\/2021\/09\/\u010cesk\u00fd-poh\u00e1r-fin\u00e1le-P3.jpg 1000w, https:\/\/www.caths.cz\/wordpress\/wp-content\/uploads\/2021\/09\/\u010cesk\u00fd-poh\u00e1r-fin\u00e1le-P3-300x225.jpg 300w, https:\/\/www.caths.cz\/wordpress\/wp-content\/uploads\/2021\/09\/\u010cesk\u00fd-poh\u00e1r-fin\u00e1le-P3-768x576.jpg 768w, https:\/\/www.caths.cz\/wordpress\/wp-content\/uploads\/2021\/09\/\u010cesk\u00fd-poh\u00e1r-fin\u00e1le-P3-120x90.jpg 120w\" sizes=\"auto, (max-width: 1000px) 100vw, 1000px\" \/><\/figure>\n","protected":false},"excerpt":{"rendered":"<a href=\"https:\/\/www.caths.cz\/wordpress\/tituly-viteze-ceskeho-poharu-ve-sportovni-strelbe-si-z-olomouce-odvezl-tomas-pesek\/\"><img width=\"100\" height=\"100\" src=\"https:\/\/www.caths.cz\/wordpress\/wp-content\/uploads\/2021\/09\/\u010cesk\u00fd-poh\u00e1r-fin\u00e1le-P3-100x100.jpg\" class=\"alignleft tfe wp-post-image\" alt=\"\" decoding=\"async\" loading=\"lazy\" srcset=\"https:\/\/www.caths.cz\/wordpress\/wp-content\/uploads\/2021\/09\/\u010cesk\u00fd-poh\u00e1r-fin\u00e1le-P3-100x100.jpg 100w, https:\/\/www.caths.cz\/wordpress\/wp-content\/uploads\/2021\/09\/\u010cesk\u00fd-poh\u00e1r-fin\u00e1le-P3-150x150.jpg 150w\" sizes=\"auto, (max-width: 100px) 100vw, 100px\" \/><\/a><p>V sobotu 25. 9. se do Olomouce sjeli st\u0159elci kategorie SH1, kde se uskute\u010dnilo fin\u00e1lov\u00e9 kolo \u010cP TP v discipl\u00edn\u00e1ch P3\/SP30+30 ran na 25 metr\u016f a P1\/VzPi 60 na 10 [&hellip;]<\/p>\n","protected":false},"author":1,"featured_media":29447,"comment_status":"closed","ping_status":"closed","sticky":false,"template":"","format":"standard","meta":{"ngg_post_thumbnail":0,"footnotes":""},"categories":[18],"tags":[],"class_list":["post-29444","post","type-post","status-publish","format-standard","has-post-thumbnail","hentry","category-strelba"],"_links":{"self":[{"href":"https:\/\/www.caths.cz\/wordpress\/wp-json\/wp\/v2\/posts\/29444","targetHints":{"allow":["GET"]}}],"collection":[{"href":"https:\/\/www.caths.cz\/wordpress\/wp-json\/wp\/v2\/posts"}],"about":[{"href":"https:\/\/www.caths.cz\/wordpress\/wp-json\/wp\/v2\/types\/post"}],"author":[{"embeddable":true,"href":"https:\/\/www.caths.cz\/wordpress\/wp-json\/wp\/v2\/users\/1"}],"replies":[{"embeddable":true,"href":"https:\/\/www.caths.cz\/wordpress\/wp-json\/wp\/v2\/comments?post=29444"}],"version-history":[{"count":1,"href":"https:\/\/www.caths.cz\/wordpress\/wp-json\/wp\/v2\/posts\/29444\/revisions"}],"predecessor-version":[{"id":29448,"href":"https:\/\/www.caths.cz\/wordpress\/wp-json\/wp\/v2\/posts\/29444\/revisions\/29448"}],"wp:featuredmedia":[{"embeddable":true,"href":"https:\/\/www.caths.cz\/wordpress\/wp-json\/wp\/v2\/media\/29447"}],"wp:attachment":[{"href":"https:\/\/www.caths.cz\/wordpress\/wp-json\/wp\/v2\/media?parent=29444"}],"wp:term":[{"taxonomy":"category","embeddable":true,"href":"https:\/\/www.caths.cz\/wordpress\/wp-json\/wp\/v2\/categories?post=29444"},{"taxonomy":"post_tag","embeddable":true,"href":"https:\/\/www.caths.cz\/wordpress\/wp-json\/wp\/v2\/tags?post=29444"}],"curies":[{"name":"wp","href":"https:\/\/api.w.org\/{rel}","templated":true}]}}