{"id":29434,"date":"2021-09-08T14:09:11","date_gmt":"2021-09-08T13:09:11","guid":{"rendered":"https:\/\/www.caths.cz\/wordpress\/?p=29434"},"modified":"2021-09-08T14:24:15","modified_gmt":"2021-09-08T13:24:15","slug":"pozvanka-na-iii-kolo-ceskeho-poharu-caths-v-atletice-do-olomouce","status":"publish","type":"post","link":"https:\/\/www.caths.cz\/wordpress\/pozvanka-na-iii-kolo-ceskeho-poharu-caths-v-atletice-do-olomouce\/","title":{"rendered":"Pozv\u00e1nka na III. kolo \u010cesk\u00e9ho poh\u00e1ru \u010cATHS v atletice do Olomouce!"},"content":{"rendered":"\n<p>V\u00e1\u017een\u00ed sportovci, tren\u00e9\u0159i,<\/p>\n\n\n\n<br>\n\n\n\n<p>jm\u00e9nem Atletick\u00e9ho klubu Olomouc bychom V\u00e1s t\u00edmto r\u00e1di pozvali na t\u0159et\u00ed kolo \u010cesk\u00e9ho poh\u00e1ru atletiky \u010cATHS, kter\u00fd se bude konat dne 26.9.2021 na Atletick\u00e9m stadionu v Olomouci. Podrobn\u00e9 informace najdete v p\u0159ilo\u017een\u00fdch propozic\u00edch.<\/p>\n\n\n\n<br>\n\n\n\n<p><strong>Upozor\u0148ujeme, \u017ee p\u0159ihl\u00e1\u0161ky jsou pouze p\u00edsemn\u00e9 a to nejpozd\u011bji do <u>20.9.2021&nbsp;<\/u> na mail: <a href=\"mailto:evakacanu@seznam.cz\">evakacanu@seznam.cz<\/a> . <\/strong>V p\u0159ihl\u00e1\u0161ce je nutn\u00e9 uv\u00e9st i p\u0159\u00edpadn\u00e9 doprovody.<\/p>\n\n\n\n<br>\n\n\n\n<p><strong>Ka\u017ed\u00fd \u00fa\u010dastn\u00edk je pln\u011b zodpov\u011bdn\u00fd za dodr\u017eov\u00e1n\u00ed vl\u00e1dn\u00edho na\u0159\u00edzen\u00ed a podm\u00ednek \u00fa\u010dasti na z\u00e1vodech.\u00a0<\/strong><\/p>\n\n\n\n<br>\n\n\n\n<p>T\u00edmto v\u00e1m tak\u00e9 oznamujeme, \u017ee se poda\u0159ilo naj\u00edt n\u00e1hradn\u00ed term\u00edn za&nbsp; neuskute\u010dn\u011bn\u00e9 kv\u011btnov\u00e9 prvn\u00ed kolo \u010cP \u010cATHS 2021. Nov\u00fd term\u00edn byl stanoven na&nbsp; 9.10.2021 v Olomouci, kde z\u00e1rove\u0148 prob\u011bhne slavnostn\u00ed vyhl\u00e1\u0161en\u00ed celkov\u00e9ho po\u0159ad\u00ed \u010cP \u010cATHS za rok 2021. Na\u0161\u00ed snahou bude tento z\u00e1vod sankcionovat IPC. Propozice&nbsp;a pozv\u00e1nka bude k dispozici koncem z\u00e1\u0159\u00ed.<\/p>\n\n\n\n<br>\n\n\n\n<p>Na hojnou \u00fa\u010dast se t\u011b\u0161\u00ed po\u0159adatel\u00e9 AK Olomouc.<\/p>\n\n\n\n<br>\n\n\n\n<div class=\"wp-block-file\"><a href=\"https:\/\/www.caths.cz\/wordpress\/wp-content\/uploads\/2021\/09\/\u010cPOLOMOUC-26.9.2021.pdf\"><strong>Propozice v PDF k dispozici ZDE:<\/strong><\/a><a href=\"https:\/\/www.caths.cz\/wordpress\/wp-content\/uploads\/2021\/09\/\u010cPOLOMOUC-26.9.2021.pdf\" class=\"wp-block-file__button\" download>St\u00e1hnout<\/a><\/div>\n\n\n\n<figure class=\"wp-block-image size-large\"><img loading=\"lazy\" decoding=\"async\" width=\"724\" height=\"1024\" src=\"https:\/\/www.caths.cz\/wordpress\/wp-content\/uploads\/2021\/09\/\u010cPOLOMOUC-26.9.2021-page-001-1-724x1024.jpg\" alt=\"\" class=\"wp-image-29436\" srcset=\"https:\/\/www.caths.cz\/wordpress\/wp-content\/uploads\/2021\/09\/\u010cPOLOMOUC-26.9.2021-page-001-1-724x1024.jpg 724w, https:\/\/www.caths.cz\/wordpress\/wp-content\/uploads\/2021\/09\/\u010cPOLOMOUC-26.9.2021-page-001-1-212x300.jpg 212w, https:\/\/www.caths.cz\/wordpress\/wp-content\/uploads\/2021\/09\/\u010cPOLOMOUC-26.9.2021-page-001-1-768x1086.jpg 768w, https:\/\/www.caths.cz\/wordpress\/wp-content\/uploads\/2021\/09\/\u010cPOLOMOUC-26.9.2021-page-001-1-1086x1536.jpg 1086w, https:\/\/www.caths.cz\/wordpress\/wp-content\/uploads\/2021\/09\/\u010cPOLOMOUC-26.9.2021-page-001-1-1448x2048.jpg 1448w, https:\/\/www.caths.cz\/wordpress\/wp-content\/uploads\/2021\/09\/\u010cPOLOMOUC-26.9.2021-page-001-1-85x120.jpg 85w, https:\/\/www.caths.cz\/wordpress\/wp-content\/uploads\/2021\/09\/\u010cPOLOMOUC-26.9.2021-page-001-1-scaled.jpg 1810w\" sizes=\"auto, (max-width: 724px) 100vw, 724px\" \/><\/figure>\n","protected":false},"excerpt":{"rendered":"<a href=\"https:\/\/www.caths.cz\/wordpress\/pozvanka-na-iii-kolo-ceskeho-poharu-caths-v-atletice-do-olomouce\/\"><img width=\"100\" height=\"100\" src=\"https:\/\/www.caths.cz\/wordpress\/wp-content\/uploads\/2021\/09\/\u010cPOLOMOUC-26.9.2021-page-001-150x150.jpg\" class=\"alignleft tfe wp-post-image\" alt=\"\" decoding=\"async\" loading=\"lazy\" \/><\/a><p>V\u00e1\u017een\u00ed sportovci, tren\u00e9\u0159i, jm\u00e9nem Atletick\u00e9ho klubu Olomouc bychom V\u00e1s t\u00edmto r\u00e1di pozvali na t\u0159et\u00ed kolo \u010cesk\u00e9ho poh\u00e1ru atletiky \u010cATHS, kter\u00fd se bude konat dne 26.9.2021 na Atletick\u00e9m stadionu v Olomouci. [&hellip;]<\/p>\n","protected":false},"author":1,"featured_media":29435,"comment_status":"closed","ping_status":"closed","sticky":false,"template":"","format":"standard","meta":{"ngg_post_thumbnail":0,"footnotes":""},"categories":[5],"tags":[],"class_list":["post-29434","post","type-post","status-publish","format-standard","has-post-thumbnail","hentry","category-atletika"],"_links":{"self":[{"href":"https:\/\/www.caths.cz\/wordpress\/wp-json\/wp\/v2\/posts\/29434","targetHints":{"allow":["GET"]}}],"collection":[{"href":"https:\/\/www.caths.cz\/wordpress\/wp-json\/wp\/v2\/posts"}],"about":[{"href":"https:\/\/www.caths.cz\/wordpress\/wp-json\/wp\/v2\/types\/post"}],"author":[{"embeddable":true,"href":"https:\/\/www.caths.cz\/wordpress\/wp-json\/wp\/v2\/users\/1"}],"replies":[{"embeddable":true,"href":"https:\/\/www.caths.cz\/wordpress\/wp-json\/wp\/v2\/comments?post=29434"}],"version-history":[{"count":4,"href":"https:\/\/www.caths.cz\/wordpress\/wp-json\/wp\/v2\/posts\/29434\/revisions"}],"predecessor-version":[{"id":29441,"href":"https:\/\/www.caths.cz\/wordpress\/wp-json\/wp\/v2\/posts\/29434\/revisions\/29441"}],"wp:featuredmedia":[{"embeddable":true,"href":"https:\/\/www.caths.cz\/wordpress\/wp-json\/wp\/v2\/media\/29435"}],"wp:attachment":[{"href":"https:\/\/www.caths.cz\/wordpress\/wp-json\/wp\/v2\/media?parent=29434"}],"wp:term":[{"taxonomy":"category","embeddable":true,"href":"https:\/\/www.caths.cz\/wordpress\/wp-json\/wp\/v2\/categories?post=29434"},{"taxonomy":"post_tag","embeddable":true,"href":"https:\/\/www.caths.cz\/wordpress\/wp-json\/wp\/v2\/tags?post=29434"}],"curies":[{"name":"wp","href":"https:\/\/api.w.org\/{rel}","templated":true}]}}