{"id":29356,"date":"2021-08-02T12:55:35","date_gmt":"2021-08-02T11:55:35","guid":{"rendered":"https:\/\/www.caths.cz\/wordpress\/?p=29356"},"modified":"2021-08-09T11:08:18","modified_gmt":"2021-08-09T10:08:18","slug":"lph-tokyo-predstavujeme-nase-sportovce-tomas-mosnicka","status":"publish","type":"post","link":"https:\/\/www.caths.cz\/wordpress\/lph-tokyo-predstavujeme-nase-sportovce-tomas-mosnicka\/","title":{"rendered":"LPH Tokio \u2013 p\u0159edstavujeme na\u0161e sportovce: Tom\u00e1\u0161 Mo\u0161ni\u010dka!"},"content":{"rendered":"\n<p><strong>&#8211; Jm\u00e9no:<\/strong><\/p>\n\n\n\n<p>Tom\u00e1\u0161 Mo\u0161ni\u010dka<\/p>\n\n\n\n<br>\n\n\n\n<p><strong>&#8211; V\u011bk:<\/strong><\/p>\n\n\n\n<p>54<\/p>\n\n\n\n<br>\n\n\n\n<p><strong>&#8211; Sport \/ discipl\u00edna \/ kategorie<\/strong>:<\/p>\n\n\n\n<p>cyklistika\/handbike\/MH3<\/p>\n\n\n\n<br>\n\n\n\n<p><strong>&#8211; Nejv\u011bt\u0161\u00ed v\u00e1\u0161 \u00fasp\u011bch(y):<\/strong><\/p>\n\n\n\n<p>D\u0159\u00edve \u2013 mistr sv\u011bta ve vzp\u00edr\u00e1n\u00ed handicapovan\u00fdch \u2013 nyn\u00ed 8. M\u00edsto SP It\u00e1lie paracyklistika<\/p>\n\n\n\n<br>\n\n\n\n<p><strong>&#8211; Co pro v\u00e1s znamen\u00e1 jet na LPH Tokio? (v\u00e1\u0161 c\u00edl v Tokiu&#8230;, va\u0161e -kr\u00e9do\/cit\u00e1t)<\/strong>:<\/p>\n\n\n\n<p>Moje m\u00e1ma m\u011b v&nbsp;d\u011btstv\u00ed v\u017edy vedla k&nbsp;tomu, \u017ee OH jsou pro sportovce nejv\u011bt\u0161\u00ed \u010dest. M\u00e1m za sebou ji\u017e motocyklov\u00e9 mistrovstv\u00ed sv\u011bta, pak ji\u017e jako hendikepovan\u00fd jsem vyhr\u00e1l mistrovstv\u00ed sv\u011bta ve vzp\u00edr\u00e1n\u00ed, m\u00e1m za sebou mistrovstv\u00ed sv\u011bta v para cyklistice, ale olympi\u00e1da v m\u00e9m p\u0159\u00edpad\u011b paralympi\u00e1da je pro m\u011b nejvy\u0161\u0161\u00ed sout\u011b\u017en\u00ed meta kterou je\u0161t\u011b &#8222;nem\u00e1m&#8220;.<\/p>\n\n\n\n<br>\n\n\n\n<p><strong>&#8211; C\u00edl:<\/strong><\/p>\n\n\n\n<p>To si nech\u00e1m pro sebe\u2026<\/p>\n\n\n\n<br>\n\n\n\n<p><strong>&#8211; Sportuji od roku&#8230;jak\u00e1 byla va\u0161e prim\u00e1rn\u00ed motivace za\u010d\u00edt d\u011blat ten dan\u00fd sport?<\/strong><\/p>\n\n\n\n<p>Sportuji cel\u00fd \u017eivot &#8211; Kdysi jsem m\u011bl doma handbike a d\u011blal jsem cyklistiku jako dopl\u0148kov\u00fd sport ke vzp\u00edr\u00e1n\u00ed. Tehdy p\u0159i\u0161el handbiker Honza Tom\u00e1nek a \u0159ekl z\u00edtra jede\u0161 na z\u00e1vody, j\u00e1 nejedu, on jede\u0161 a od t\u00e9 doby z\u00e1vod\u00edm na handbiku&#8230;.<\/p>\n\n\n\n<br>\n\n\n\n<p><strong>&#8211; M\u016fj sport.club (p\u0159\u00edpadn\u011b i info o clubu)<\/strong>:<\/p>\n\n\n\n<p>M\u00e1m vlastn\u00ed TM Paracycling team. Moment\u00e1ln\u011b je to asi nejlep\u0161\u00ed cesta jak propagovat m\u00e9 sponzory\u2026<\/p>\n\n\n\n<br>\n\n\n\n<p><strong>&#8211; Tren\u00e9r (p\u0159\u00edpadn\u00fd popis\/charakteristika va\u0161eho tren\u00e9ra)<\/strong>:<\/p>\n\n\n\n<p>Jan T\u0159esohlav\u00fd pat\u0159\u00ed mezi zku\u0161en\u00e9 cyklistick\u00e9 tren\u00e9ry. Dr\u017eitel nejvy\u0161\u0161\u00edho tren\u00e9rsk\u00e9ho vzd\u011bl\u00e1n\u00ed. Pracoval jako reprezenta\u010dn\u00ed tren\u00e9r junior\u016f \u010ceskoslovenska a z jeho l\u00edhn\u011b poch\u00e1zej\u00ed na\u0161i sou\u010dasn\u00ed a b\u00fdval\u00ed profesion\u00e1lov\u00e9- P.Padrnos, J.Svorada, Fr.Trkal, J.B\u00edlek, Dvor\u0161\u010d\u00edk, Lipt\u00e1k. Posl\u00e9ze vedl i seniorskou reprezentaci ( mj. byl u v\u00edt\u011bzstv\u00ed J\u00e1na Svorady na Z\u00e1vodu M\u00edru). Byl sportovn\u00edm \u0159editelem Svazu cyklistiky. V posledn\u00edch letech p\u016fsobil v na\u0161em jedin\u00e9m profesion\u00e1ln\u00edm t\u00fdmu Ed\u00b4system-ZVVZ jako sportovn\u00ed \u0159editel. Vy\u0161kolen v metodice tr\u00e9ninku Cyklotrenink.<\/p>\n\n\n\n<br>\n\n\n\n<p><strong>&#8211; Zam\u011bstn\u00e1n\u00ed:<\/strong><\/p>\n\n\n\n<p>Cykloservis\u00e1k, z\u00e1me\u010dn\u00edk, redaktor web\u016f \u017diju s&nbsp;handicapem a Lep\u0161\u00ed pr\u00e1ce pro OZP<\/p>\n\n\n\n<br>\n\n\n\n<p><strong>&#8211; Kon\u00ed\u010dky (p\u0159\u00edp. d\u011bl\u00e1te i jin\u00e9\/dopl\u0148kov\u00e9 sporty? Jak\u00e9?)<\/strong><\/p>\n\n\n\n<p>Ryba\u0159en\u00ed, parabox, posilovna<\/p>\n\n\n\n<br>\n\n\n\n<figure class=\"wp-block-image size-large\"><img loading=\"lazy\" decoding=\"async\" width=\"1024\" height=\"684\" src=\"https:\/\/www.caths.cz\/wordpress\/wp-content\/uploads\/2021\/08\/TM-1024x684.jpg\" alt=\"\" class=\"wp-image-29357\" srcset=\"https:\/\/www.caths.cz\/wordpress\/wp-content\/uploads\/2021\/08\/TM-1024x684.jpg 1024w, https:\/\/www.caths.cz\/wordpress\/wp-content\/uploads\/2021\/08\/TM-300x200.jpg 300w, https:\/\/www.caths.cz\/wordpress\/wp-content\/uploads\/2021\/08\/TM-768x513.jpg 768w, https:\/\/www.caths.cz\/wordpress\/wp-content\/uploads\/2021\/08\/TM-1536x1025.jpg 1536w, https:\/\/www.caths.cz\/wordpress\/wp-content\/uploads\/2021\/08\/TM-120x80.jpg 120w, https:\/\/www.caths.cz\/wordpress\/wp-content\/uploads\/2021\/08\/TM.jpg 2000w\" sizes=\"auto, (max-width: 1024px) 100vw, 1024px\" \/><\/figure>\n","protected":false},"excerpt":{"rendered":"<a href=\"https:\/\/www.caths.cz\/wordpress\/lph-tokyo-predstavujeme-nase-sportovce-tomas-mosnicka\/\"><img width=\"100\" height=\"100\" src=\"https:\/\/www.caths.cz\/wordpress\/wp-content\/uploads\/2021\/08\/TM-100x100.jpg\" class=\"alignleft tfe wp-post-image\" alt=\"\" decoding=\"async\" loading=\"lazy\" srcset=\"https:\/\/www.caths.cz\/wordpress\/wp-content\/uploads\/2021\/08\/TM-100x100.jpg 100w, https:\/\/www.caths.cz\/wordpress\/wp-content\/uploads\/2021\/08\/TM-150x150.jpg 150w\" sizes=\"auto, (max-width: 100px) 100vw, 100px\" \/><\/a><p>&#8211; Jm\u00e9no: Tom\u00e1\u0161 Mo\u0161ni\u010dka &#8211; V\u011bk: 54 &#8211; Sport \/ discipl\u00edna \/ kategorie: cyklistika\/handbike\/MH3 &#8211; Nejv\u011bt\u0161\u00ed v\u00e1\u0161 \u00fasp\u011bch(y): D\u0159\u00edve \u2013 mistr sv\u011bta ve vzp\u00edr\u00e1n\u00ed handicapovan\u00fdch \u2013 nyn\u00ed 8. M\u00edsto SP [&hellip;]<\/p>\n","protected":false},"author":1,"featured_media":29357,"comment_status":"closed","ping_status":"closed","sticky":false,"template":"","format":"standard","meta":{"ngg_post_thumbnail":0,"footnotes":""},"categories":[127],"tags":[],"class_list":["post-29356","post","type-post","status-publish","format-standard","has-post-thumbnail","hentry","category-lph-tokio-2020-2021"],"_links":{"self":[{"href":"https:\/\/www.caths.cz\/wordpress\/wp-json\/wp\/v2\/posts\/29356","targetHints":{"allow":["GET"]}}],"collection":[{"href":"https:\/\/www.caths.cz\/wordpress\/wp-json\/wp\/v2\/posts"}],"about":[{"href":"https:\/\/www.caths.cz\/wordpress\/wp-json\/wp\/v2\/types\/post"}],"author":[{"embeddable":true,"href":"https:\/\/www.caths.cz\/wordpress\/wp-json\/wp\/v2\/users\/1"}],"replies":[{"embeddable":true,"href":"https:\/\/www.caths.cz\/wordpress\/wp-json\/wp\/v2\/comments?post=29356"}],"version-history":[{"count":3,"href":"https:\/\/www.caths.cz\/wordpress\/wp-json\/wp\/v2\/posts\/29356\/revisions"}],"predecessor-version":[{"id":29391,"href":"https:\/\/www.caths.cz\/wordpress\/wp-json\/wp\/v2\/posts\/29356\/revisions\/29391"}],"wp:featuredmedia":[{"embeddable":true,"href":"https:\/\/www.caths.cz\/wordpress\/wp-json\/wp\/v2\/media\/29357"}],"wp:attachment":[{"href":"https:\/\/www.caths.cz\/wordpress\/wp-json\/wp\/v2\/media?parent=29356"}],"wp:term":[{"taxonomy":"category","embeddable":true,"href":"https:\/\/www.caths.cz\/wordpress\/wp-json\/wp\/v2\/categories?post=29356"},{"taxonomy":"post_tag","embeddable":true,"href":"https:\/\/www.caths.cz\/wordpress\/wp-json\/wp\/v2\/tags?post=29356"}],"curies":[{"name":"wp","href":"https:\/\/api.w.org\/{rel}","templated":true}]}}