{"id":29349,"date":"2021-08-02T10:19:21","date_gmt":"2021-08-02T09:19:21","guid":{"rendered":"https:\/\/www.caths.cz\/wordpress\/?p=29349"},"modified":"2021-08-02T10:19:21","modified_gmt":"2021-08-02T09:19:21","slug":"tituly-mistra-cr-ve-sportovni-strelbe-ziskali-jakub-kosek-a-tomas-pesek-z-sk-tps-olomouc","status":"publish","type":"post","link":"https:\/\/www.caths.cz\/wordpress\/tituly-mistra-cr-ve-sportovni-strelbe-ziskali-jakub-kosek-a-tomas-pesek-z-sk-tps-olomouc\/","title":{"rendered":"Tituly Mistra \u010cR ve sportovn\u00ed st\u0159elb\u011b z\u00edskali Jakub Kosek a Tom\u00e1\u0161 Pe\u0161ek z SK TPS Olomouc!"},"content":{"rendered":"\n<p>V&nbsp;Olomouci startovala cel\u00e1 \u010desk\u00e1 reprezentace t\u011blesn\u011b posti\u017een\u00fdch v\u010detn\u011b na\u0161ich dvou st\u0159elc\u016f, kte\u0159\u00ed budou startovat v&nbsp;Tokiu na Paralympi\u00e1d\u011b.<\/p>\n\n\n\n<br>\n\n\n\n<p>V\u00a0sobotu 31. 7. si na Lazeck\u00e9 st\u0159elnici v\u00a0Olomouci o Titul Mistra \u010cR rozdalo p\u011bt st\u0159elc\u016f v discipl\u00edn\u011b P3\/sportovn\u00ed pistole 30+30 ran na 25 metr\u016f. 1. m\u00edsto si vyst\u0159\u00edlel Jakub Kosek s\u00a0n\u00e1st\u0159elem 545 bod\u016f p\u0159ed Franti\u0161kem Kone\u010dn\u00fdm s n\u00e1st\u0159elem 533 body a t\u0159et\u00edm Tom\u00e1\u0161em Pe\u0161kem s 531 bodem.\u00a0\u00a0\u00a0\u00a0\u00a0\u00a0\u00a0\u00a0\u00a0\u00a0\u00a0\u00a0\u00a0\u00a0\u00a0\u00a0<\/p>\n\n\n\n<br>\n\n\n\n<p>Ned\u011bln\u00ed r\u00e1no odstartovalo mistrovstv\u00ed discipl\u00ednou P5\/standardn\u00ed vzduchov\u00e1 pistole 40 ran na 10 m.&nbsp; V&nbsp;t\u00e9to discipl\u00edn\u011b Titul z\u00edskal op\u011bt Jakub Kosek s 345 body, druh\u00fd skon\u010dil Pe\u0161ek s&nbsp;343 body a t\u0159et\u00ed Kone\u010dn\u00fd nast\u0159\u00edlel 326 bod\u016f. P\u0159ed polednem se pokra\u010dovalo discipl\u00ednou P1\/vzduchov\u00e1 pistole 60 ran na 10 m, v&nbsp;kter\u00e9 s&nbsp;p\u0159ehledem zv\u00edt\u011bzil Pe\u0161ek s 558 body p\u0159ed druh\u00fdm Koskem s&nbsp;531 bodem a t\u0159et\u00edm Kone\u010dn\u00fdm, kter\u00fd nast\u0159\u00edlel 525 bod\u016f.<\/p>\n\n\n\n<br>\n\n\n\n<p>Ve v\u0161ech discipl\u00edn\u00e1ch startovalo 19 st\u0159elc\u016f kategorie SH1 a v\u00fdsledky v&nbsp;discipl\u00edn\u00e1ch P1, P3 a P5 se zapo\u010d\u00edt\u00e1vaj\u00ed jako 2. kolo \u010cP TP 2021.<\/p>\n\n\n\n<br>\n\n\n\n<div class=\"wp-block-file\"><a href=\"https:\/\/www.caths.cz\/wordpress\/wp-content\/uploads\/2021\/08\/M\u010cR-TP-2021.xls\">Ofici\u00e1ln\u00ed v\u00fdsledky M\u010cR zde: <strong>M\u010cR-TP-2021<\/strong><\/a><a href=\"https:\/\/www.caths.cz\/wordpress\/wp-content\/uploads\/2021\/08\/M\u010cR-TP-2021.xls\" class=\"wp-block-file__button\" download>St\u00e1hnout<\/a><\/div>\n\n\n\n<br>\n\n\n\n<p><em>Text + foto: Vladim\u00edr Mar\u010dan<\/em><\/p>\n\n\n\n<figure class=\"wp-block-image size-large\"><img loading=\"lazy\" decoding=\"async\" width=\"768\" height=\"1024\" src=\"https:\/\/www.caths.cz\/wordpress\/wp-content\/uploads\/2021\/08\/M\u010cR-TP-2021-SP3030-1-768x1024.jpg\" alt=\"\" class=\"wp-image-29354\" srcset=\"https:\/\/www.caths.cz\/wordpress\/wp-content\/uploads\/2021\/08\/M\u010cR-TP-2021-SP3030-1-768x1024.jpg 768w, https:\/\/www.caths.cz\/wordpress\/wp-content\/uploads\/2021\/08\/M\u010cR-TP-2021-SP3030-1-225x300.jpg 225w, https:\/\/www.caths.cz\/wordpress\/wp-content\/uploads\/2021\/08\/M\u010cR-TP-2021-SP3030-1-1152x1536.jpg 1152w, https:\/\/www.caths.cz\/wordpress\/wp-content\/uploads\/2021\/08\/M\u010cR-TP-2021-SP3030-1-1536x2048.jpg 1536w, https:\/\/www.caths.cz\/wordpress\/wp-content\/uploads\/2021\/08\/M\u010cR-TP-2021-SP3030-1-90x120.jpg 90w, https:\/\/www.caths.cz\/wordpress\/wp-content\/uploads\/2021\/08\/M\u010cR-TP-2021-SP3030-1-scaled.jpg 1920w\" sizes=\"auto, (max-width: 768px) 100vw, 768px\" \/><\/figure>\n\n\n\n<figure class=\"wp-block-image size-large\"><img loading=\"lazy\" decoding=\"async\" width=\"768\" height=\"1024\" src=\"https:\/\/www.caths.cz\/wordpress\/wp-content\/uploads\/2021\/08\/M\u010cR-TP-2021-StVzPi-40-768x1024.jpg\" alt=\"\" class=\"wp-image-29352\" srcset=\"https:\/\/www.caths.cz\/wordpress\/wp-content\/uploads\/2021\/08\/M\u010cR-TP-2021-StVzPi-40-768x1024.jpg 768w, https:\/\/www.caths.cz\/wordpress\/wp-content\/uploads\/2021\/08\/M\u010cR-TP-2021-StVzPi-40-225x300.jpg 225w, https:\/\/www.caths.cz\/wordpress\/wp-content\/uploads\/2021\/08\/M\u010cR-TP-2021-StVzPi-40-1152x1536.jpg 1152w, https:\/\/www.caths.cz\/wordpress\/wp-content\/uploads\/2021\/08\/M\u010cR-TP-2021-StVzPi-40-1536x2048.jpg 1536w, https:\/\/www.caths.cz\/wordpress\/wp-content\/uploads\/2021\/08\/M\u010cR-TP-2021-StVzPi-40-90x120.jpg 90w, https:\/\/www.caths.cz\/wordpress\/wp-content\/uploads\/2021\/08\/M\u010cR-TP-2021-StVzPi-40-scaled.jpg 1920w\" sizes=\"auto, (max-width: 768px) 100vw, 768px\" \/><\/figure>\n\n\n\n<figure class=\"wp-block-image size-large\"><img loading=\"lazy\" decoding=\"async\" width=\"768\" height=\"1024\" src=\"https:\/\/www.caths.cz\/wordpress\/wp-content\/uploads\/2021\/08\/M\u010cR-TP-2021-VzPi-60-768x1024.jpg\" alt=\"\" class=\"wp-image-29353\" srcset=\"https:\/\/www.caths.cz\/wordpress\/wp-content\/uploads\/2021\/08\/M\u010cR-TP-2021-VzPi-60-768x1024.jpg 768w, https:\/\/www.caths.cz\/wordpress\/wp-content\/uploads\/2021\/08\/M\u010cR-TP-2021-VzPi-60-225x300.jpg 225w, https:\/\/www.caths.cz\/wordpress\/wp-content\/uploads\/2021\/08\/M\u010cR-TP-2021-VzPi-60-1152x1536.jpg 1152w, https:\/\/www.caths.cz\/wordpress\/wp-content\/uploads\/2021\/08\/M\u010cR-TP-2021-VzPi-60-1536x2048.jpg 1536w, https:\/\/www.caths.cz\/wordpress\/wp-content\/uploads\/2021\/08\/M\u010cR-TP-2021-VzPi-60-90x120.jpg 90w, https:\/\/www.caths.cz\/wordpress\/wp-content\/uploads\/2021\/08\/M\u010cR-TP-2021-VzPi-60-scaled.jpg 1920w\" sizes=\"auto, (max-width: 768px) 100vw, 768px\" \/><\/figure>\n","protected":false},"excerpt":{"rendered":"<a href=\"https:\/\/www.caths.cz\/wordpress\/tituly-mistra-cr-ve-sportovni-strelbe-ziskali-jakub-kosek-a-tomas-pesek-z-sk-tps-olomouc\/\"><img width=\"100\" height=\"100\" src=\"https:\/\/www.caths.cz\/wordpress\/wp-content\/uploads\/2021\/08\/M\u010cR-TP-2021-VzPi-60-100x100.jpg\" class=\"alignleft tfe wp-post-image\" alt=\"\" decoding=\"async\" loading=\"lazy\" srcset=\"https:\/\/www.caths.cz\/wordpress\/wp-content\/uploads\/2021\/08\/M\u010cR-TP-2021-VzPi-60-100x100.jpg 100w, https:\/\/www.caths.cz\/wordpress\/wp-content\/uploads\/2021\/08\/M\u010cR-TP-2021-VzPi-60-150x150.jpg 150w\" sizes=\"auto, (max-width: 100px) 100vw, 100px\" \/><\/a><p>V&nbsp;Olomouci startovala cel\u00e1 \u010desk\u00e1 reprezentace t\u011blesn\u011b posti\u017een\u00fdch v\u010detn\u011b na\u0161ich dvou st\u0159elc\u016f, kte\u0159\u00ed budou startovat v&nbsp;Tokiu na Paralympi\u00e1d\u011b. V\u00a0sobotu 31. 7. si na Lazeck\u00e9 st\u0159elnici v\u00a0Olomouci o Titul Mistra \u010cR rozdalo [&hellip;]<\/p>\n","protected":false},"author":1,"featured_media":29353,"comment_status":"closed","ping_status":"closed","sticky":false,"template":"","format":"standard","meta":{"ngg_post_thumbnail":0,"footnotes":""},"categories":[18],"tags":[],"class_list":["post-29349","post","type-post","status-publish","format-standard","has-post-thumbnail","hentry","category-strelba"],"_links":{"self":[{"href":"https:\/\/www.caths.cz\/wordpress\/wp-json\/wp\/v2\/posts\/29349","targetHints":{"allow":["GET"]}}],"collection":[{"href":"https:\/\/www.caths.cz\/wordpress\/wp-json\/wp\/v2\/posts"}],"about":[{"href":"https:\/\/www.caths.cz\/wordpress\/wp-json\/wp\/v2\/types\/post"}],"author":[{"embeddable":true,"href":"https:\/\/www.caths.cz\/wordpress\/wp-json\/wp\/v2\/users\/1"}],"replies":[{"embeddable":true,"href":"https:\/\/www.caths.cz\/wordpress\/wp-json\/wp\/v2\/comments?post=29349"}],"version-history":[{"count":1,"href":"https:\/\/www.caths.cz\/wordpress\/wp-json\/wp\/v2\/posts\/29349\/revisions"}],"predecessor-version":[{"id":29355,"href":"https:\/\/www.caths.cz\/wordpress\/wp-json\/wp\/v2\/posts\/29349\/revisions\/29355"}],"wp:featuredmedia":[{"embeddable":true,"href":"https:\/\/www.caths.cz\/wordpress\/wp-json\/wp\/v2\/media\/29353"}],"wp:attachment":[{"href":"https:\/\/www.caths.cz\/wordpress\/wp-json\/wp\/v2\/media?parent=29349"}],"wp:term":[{"taxonomy":"category","embeddable":true,"href":"https:\/\/www.caths.cz\/wordpress\/wp-json\/wp\/v2\/categories?post=29349"},{"taxonomy":"post_tag","embeddable":true,"href":"https:\/\/www.caths.cz\/wordpress\/wp-json\/wp\/v2\/tags?post=29349"}],"curies":[{"name":"wp","href":"https:\/\/api.w.org\/{rel}","templated":true}]}}